{"id":392708,"date":"2025-09-15T13:48:10","date_gmt":"2025-09-15T13:48:10","guid":{"rendered":"https:\/\/www.europesays.com\/fr\/392708\/"},"modified":"2025-09-15T13:48:10","modified_gmt":"2025-09-15T13:48:10","slug":"les-etats-unis-estiment-avoir-trouve-un-accord-avec-la-chine-pour-la-vente-de-tiktok","status":"publish","type":"post","link":"https:\/\/www.europesays.com\/fr\/392708\/","title":{"rendered":"les \u00c9tats-Unis estiment avoir trouv\u00e9 un accord avec la Chine pour la vente de TikTok"},"content":{"rendered":"<p>P\u00e9kin joue un r\u00f4le-cl\u00e9 dans la cession des activit\u00e9s am\u00e9ricaines de l\u2019application vid\u00e9o. Cette derni\u00e8re est sous le coup d\u2019une loi pouvant la bannir aux \u00c9tats-Unis.<\/p>\n<p class=\"fig-paragraph\">Il faudra attendre pour les d\u00e9tails &#8211; et ils seront cruciaux. Mais au cours de la deuxi\u00e8me journ\u00e9e de n\u00e9gociations entre la Chine et les \u00c9tats-Unis sur leurs relations commerciales, qui ont lieu \u00e0 Madrid, Donald Trump a laiss\u00e9 entendre qu\u2019une solution avec P\u00e9kin avait \u00e9t\u00e9 trouv\u00e9e\u00a0<a href=\"http:\/\/www.lefigaro.fr\/secteur\/high-tech\/donald-trump-va-probablement-decaler-une-troisieme-fois-la-date-butoir-pour-la-vente-de-tiktok-aux-etats-unis-20250617\" data-fig-type=\"NewsFlash\" data-gtm-custom-categorie=\"navigation\" data-gtm-custom-action=\"crossclick\" data-gtm-custom-label=\"Contextuel\" data-gtm-event=\"customEventSPE\" data-fig-domain=\"LEFIGARO\" target=\"_blank\" rel=\"noopener\">pour la vente de TikTok<\/a>. \u00abUn accord a \u00e9t\u00e9 trouv\u00e9 \u00e0 propos d\u2019une certaine entreprise que la jeunesse de notre pays veut absolument sauver. Ils seront tr\u00e8s heureux!\u00bb, a publi\u00e9 le pr\u00e9sident am\u00e9ricain\u00a0<a href=\"https:\/\/truthsocial.com\/@realDonaldTrump\/posts\/115208260926006345\" target=\"_blank\" rel=\"sponsored noopener\" data-gtm-custom-categorie=\"navigation\" data-gtm-custom-action=\"crossclick\" data-gtm-custom-label=\"Contextuel\" data-gtm-event=\"customEventSPE\">sur son r\u00e9seau Truth Social<\/a>.<\/p>\n<p class=\"fig-paragraph\">Quelques minutes plus tard, le secr\u00e9taire am\u00e9ricain au Tr\u00e9sor Scott Bessent a pr\u00e9cis\u00e9 face aux m\u00e9dias \u00abqu\u2019un cadre\u00bb avait \u00e9t\u00e9 forg\u00e9 avec ses homologues chinois. \u00ab Nous n\u2019allons pas parler des conditions commerciales de l\u2019accord car il s\u2019agit d\u2019une transaction entre deux parties priv\u00e9es\u00bb, ajoute-t-il. \u00abNous pensons avoir un accord, il devrait simplement \u00eatre approuv\u00e9 par les deux pr\u00e9sidents\u00bb, a rebondi le repr\u00e9sentant au Commerce de la Maison Blanche Jamieson Greer. Donald Trump et Xi Xinping doivent se rencontrer vendredi et n\u00e9gocier entre eux les derniers points. La partie n\u2019est donc pas tout \u00e0 fait termin\u00e9e.<\/p>\n<p>                                    <a class=\"fig-a11y-skip a11y-hidden\" href=\"#fig-a11y-skip-main-inarticle\"><br \/>\n        Passer la publicit\u00e9<br \/>\n    <\/a><\/p>\n<p>Une d\u00e9convenue am\u00e9ricaine en avril<\/p>\n<p class=\"fig-paragraph\">La Chine joue un r\u00f4le crucial dans ce dossier politique et \u00e9conomique\u00a0<a href=\"http:\/\/www.lefigaro.fr\/secteur\/high-tech\/tiktok-pris-au-coeur-de-la-crise-des-tarifs-douaniers-20250405\" data-fig-type=\"Article\" data-gtm-custom-categorie=\"navigation\" data-gtm-custom-action=\"crossclick\" data-gtm-custom-label=\"Contextuel\" data-gtm-event=\"customEventSPE\" data-fig-domain=\"LEFIGARO\" target=\"_blank\" rel=\"noopener\">aux nombreux rebondissements<\/a>, sur lequel p\u00e8se l\u2019interdiction de cette application vid\u00e9o aux \u00c9tats-Unis. Au nom de la s\u00e9curit\u00e9 nationale, une loi vot\u00e9e courant 2024 sous la pr\u00e9sidence de Joe Biden oblige en effet la maison-m\u00e8re de TikTok, le chinois ByteDance, \u00e0 c\u00e9der le contr\u00f4le de TikTok America \u00e0 des actionnaires am\u00e9ricains, sous peine de bannissement.<\/p>\n<p class=\"fig-paragraph\">Cette menace n\u2019a jamais \u00e9t\u00e9 mise \u00e0 ex\u00e9cution, faute de feu vert de P\u00e9kin, et la date limite pour op\u00e9rer cette vente a \u00e9t\u00e9 repouss\u00e9e trois fois par la Maison-Blanche. La derni\u00e8re d\u00e9convenue am\u00e9ricaine date du mois d\u2019avril. Alors qu\u2019un accord pour la vente \u00e9tait imminent, l\u2019annonce de droits de douane de 56% sur ses biens import\u00e9s a pouss\u00e9 la Chine \u00e0 mettre fin aux discussions.<\/p>\n<p class=\"fig-paragraph\">\u00abNous n\u2019allons pas sans cesse repousser cette date. Nous avons un accord\u00bb, a ajout\u00e9 Jamieson Greer, en pr\u00e9cisant que la limite au 17 septembre serait s\u00fbrement d\u00e9cal\u00e9e une derni\u00e8re fois afin de laisser le temps n\u00e9cessaire \u00e0 l\u2019op\u00e9ration. Selon la presse am\u00e9ricaine, l\u2019accord tomb\u00e9 \u00e0 l\u2019eau au printemps dernier pr\u00e9voyait d\u2019une dizaine de fonds am\u00e9ricains, emmen\u00e9s par la soci\u00e9t\u00e9 Oracle\u00a0<a href=\"http:\/\/www.lefigaro.fr\/conjoncture\/charismatique-arrogant-impitoyable-qui-est-larry-ellison-l-homme-qui-a-detrone-elon-musk-comme-premiere-fortune-mondiale-20250910\" data-fig-type=\"NewsFlash\" data-gtm-custom-categorie=\"navigation\" data-gtm-custom-action=\"crossclick\" data-gtm-custom-label=\"Contextuel\" data-gtm-event=\"customEventSPE\" data-fig-domain=\"LEFIGARO\" target=\"_blank\" rel=\"noopener\">de Larry Ellison<\/a>, deviennent actionnaires majoritaires de TikTok America. ByteDance aurait conserv\u00e9 19,9% du capital.<\/p>\n","protected":false},"excerpt":{"rendered":"P\u00e9kin joue un r\u00f4le-cl\u00e9 dans la cession des activit\u00e9s am\u00e9ricaines de l\u2019application vid\u00e9o. Cette derni\u00e8re est sous le&hellip;\n","protected":false},"author":2,"featured_media":392709,"comment_status":"","ping_status":"","sticky":false,"template":"","format":"standard","meta":{"footnotes":""},"categories":[1589],"tags":[11,309,73,1866,12,2439,1864,1865,1863,308],"class_list":{"0":"post-392708","1":"post","2":"type-post","3":"status-publish","4":"format-standard","5":"has-post-thumbnail","7":"category-etats-unis","8":"tag-actualites","9":"tag-chine","10":"tag-etats-unis","11":"tag-etats-unis-damerique","12":"tag-news","13":"tag-tiktok","14":"tag-united-states","15":"tag-united-states-of-america","16":"tag-us","17":"tag-usa"},"share_on_mastodon":{"url":"https:\/\/pubeurope.com\/@fr\/115208631481756320","error":""},"_links":{"self":[{"href":"https:\/\/www.europesays.com\/fr\/wp-json\/wp\/v2\/posts\/392708","targetHints":{"allow":["GET"]}}],"collection":[{"href":"https:\/\/www.europesays.com\/fr\/wp-json\/wp\/v2\/posts"}],"about":[{"href":"https:\/\/www.europesays.com\/fr\/wp-json\/wp\/v2\/types\/post"}],"author":[{"embeddable":true,"href":"https:\/\/www.europesays.com\/fr\/wp-json\/wp\/v2\/users\/2"}],"replies":[{"embeddable":true,"href":"https:\/\/www.europesays.com\/fr\/wp-json\/wp\/v2\/comments?post=392708"}],"version-history":[{"count":0,"href":"https:\/\/www.europesays.com\/fr\/wp-json\/wp\/v2\/posts\/392708\/revisions"}],"wp:featuredmedia":[{"embeddable":true,"href":"https:\/\/www.europesays.com\/fr\/wp-json\/wp\/v2\/media\/392709"}],"wp:attachment":[{"href":"https:\/\/www.europesays.com\/fr\/wp-json\/wp\/v2\/media?parent=392708"}],"wp:term":[{"taxonomy":"category","embeddable":true,"href":"https:\/\/www.europesays.com\/fr\/wp-json\/wp\/v2\/categories?post=392708"},{"taxonomy":"post_tag","embeddable":true,"href":"https:\/\/www.europesays.com\/fr\/wp-json\/wp\/v2\/tags?post=392708"}],"curies":[{"name":"wp","href":"https:\/\/api.w.org\/{rel}","templated":true}]}}