{"id":392712,"date":"2025-09-15T13:50:19","date_gmt":"2025-09-15T13:50:19","guid":{"rendered":"https:\/\/www.europesays.com\/fr\/392712\/"},"modified":"2025-09-15T13:50:19","modified_gmt":"2025-09-15T13:50:19","slug":"en-allemagne-les-conservateurs-devraient-remporter-les-elections-locales-tandis-que-lextreme-droite-progresse","status":"publish","type":"post","link":"https:\/\/www.europesays.com\/fr\/392712\/","title":{"rendered":"En Allemagne, les conservateurs devraient remporter les \u00e9lections locales, tandis que l\u2019extr\u00eame droite progresse"},"content":{"rendered":"<p style=\"text-align: left\">Les chr\u00e9tiens-d\u00e9mocrates de Friedrich Merz devraient rester en t\u00eate \u00e0 l\u2019issue des \u00e9lections municipales, tandis que l\u2019Alternative pour l\u2019Allemagne (AfD), parti d\u2019extr\u00eame droite, a d\u00e9j\u00e0 presque tripl\u00e9 son score par rapport aux derni\u00e8res \u00e9lections de 2020.<\/p>\n<p style=\"text-align: left\">Selon les r\u00e9sultats pr\u00e9liminaires du scrutin de dimanche, dont le taux de participation est de pr\u00e8s de 57 %, l\u2019Union chr\u00e9tienne-d\u00e9mocrate (CDU) du chancelier a obtenu 33,3 % des voix (contre 34,3 % en 2020), le Parti social-d\u00e9mocrate (SPD) de son pr\u00e9d\u00e9cesseur, Olaf Scholz, 22,1 % (24,3 %), l\u2019AfD 14,5 % (5,1 %), les Verts 13,5 % (20,0 %) et le parti de gauche Die Linke 5,6 % (3,8 %).<\/p>\n<p style=\"text-align: left\">Les \u00e9lections municipales en Rh\u00e9nanie-du-Nord\u2013Westphalie ont \u00e9t\u00e9 consid\u00e9r\u00e9es comme un premier test pour le gouvernement f\u00e9d\u00e9ral form\u00e9 \u00e0 l\u2019issue des \u00e9lections de f\u00e9vrier et compos\u00e9 de la CDU, de son pendant bavarois la CSU et du SPD.<\/p>\n<p style=\"text-align: left\">\u00ab\u2009Nous sommes le premier parti local\u2009\u00bb, <a href=\"https:\/\/www.tagesschau.de\/inland\/innenpolitik\/kommunalwahlen-nrw-reaktionen-102.html\" target=\"_blank\" rel=\"noopener nofollow\">s\u2019est r\u00e9joui<\/a> ce lundi\u00a015\u00a0juillet le secr\u00e9taire g\u00e9n\u00e9ral de la CDU, Carsten Linneman, sur les cha\u00eenes publiques allemandes, tout en soulignant que les avanc\u00e9es de l\u2019AfD constituaient un signal d\u2019alarme.<\/p>\n<p style=\"text-align: left\">Le ministre-pr\u00e9sident du Land de Rh\u00e9nanie-du-Nord\u2013Westphalie, Hendrik W\u00fcst (CDU), a fait \u00e9cho \u00e0 cette pr\u00e9occupation, tout en rejetant l\u2019id\u00e9e d\u2019une \u00ab\u2009expansion vers l\u2019ouest\u2009\u00bb du parti, qui a \u00e9tabli <a href=\"https:\/\/www.euractiv.com\/wp\/wp-admin\/post.php?post=2236769&amp;action=edit&amp;classic-editor\" target=\"_blank\" rel=\"noopener nofollow\">son bastion<\/a> dans les L\u00e4nder de l\u2019est de l\u2019Allemagne.<\/p>\n<p style=\"text-align: left\">\u00ab\u2009Nous sommes un parti populaire et nous avons tous une grande responsabilit\u00e9 envers l\u2019Allemagne\u2009\u00bb, <a href=\"https:\/\/x.com\/Tino_Chrupalla\/status\/1967260583214112809\" target=\"_blank\" rel=\"noopener nofollow\">a de son c\u00f4t\u00e9 d\u00e9clar\u00e9<\/a> dimanche le copr\u00e9sident de l\u2019AfD, Tino Chrupalla. Le responsable r\u00e9gional de l\u2019AfD, Martin Vincentz, a qualifi\u00e9 le scrutin de \u00ab\u2009r\u00e9f\u00e9rendum sur l\u2019orientation de notre pays\u2009\u00bb.<\/p>\n<p style=\"text-align: left\">La Rh\u00e9nanie-du-Nord\u2013Westphalie abrite la r\u00e9gion de la Ruhr, ancien c\u0153ur industriel du charbon et de l\u2019acier, et ancien bastion des sociaux-d\u00e9mocrates.<\/p>\n<p style=\"text-align: left\">Pour le SPD, ce mauvais r\u00e9sultat aggrave la crise dans un Land autrefois consid\u00e9r\u00e9 comme son bastion ouvrier, car il a perdu un soutien important au profit de l\u2019AfD. Les Verts ont quant \u00e0 eux perdu pr\u00e8s d\u2019un tiers des voix par rapport \u00e0 2020.<\/p>\n<p style=\"text-align: left\">Bien que marqu\u00e9es par des enjeux locaux, les \u00e9lections de dimanche donnent une premi\u00e8re id\u00e9e des positions des \u00e9lecteurs avant les \u00e9lections de 2026 dans les r\u00e9gions du Bade-Wurtemberg, en Rh\u00e9nanie-Palatinat, \u00e0 Berlin, en Saxe-Anhalt et en Mecklembourg-Pom\u00e9ranie occidentale.<\/p>\n","protected":false},"excerpt":{"rendered":"Les chr\u00e9tiens-d\u00e9mocrates de Friedrich Merz devraient rester en t\u00eate \u00e0 l\u2019issue des \u00e9lections municipales, tandis que l\u2019Alternative pour&hellip;\n","protected":false},"author":2,"featured_media":392713,"comment_status":"","ping_status":"","sticky":false,"template":"","format":"standard","meta":{"footnotes":""},"categories":[1587],"tags":[11,672,1804,1805,1803,1777,674,1801,12,1802],"class_list":{"0":"post-392712","1":"post","2":"type-post","3":"status-publish","4":"format-standard","5":"has-post-thumbnail","7":"category-allemagne","8":"tag-actualites","9":"tag-allemagne","10":"tag-bundesrepublik-deutschland","11":"tag-de","12":"tag-deutschland","13":"tag-eu","14":"tag-europe","15":"tag-germany","16":"tag-news","17":"tag-republique-federale-dallemagne"},"share_on_mastodon":{"url":"https:\/\/pubeurope.com\/@fr\/115208639313127265","error":""},"_links":{"self":[{"href":"https:\/\/www.europesays.com\/fr\/wp-json\/wp\/v2\/posts\/392712","targetHints":{"allow":["GET"]}}],"collection":[{"href":"https:\/\/www.europesays.com\/fr\/wp-json\/wp\/v2\/posts"}],"about":[{"href":"https:\/\/www.europesays.com\/fr\/wp-json\/wp\/v2\/types\/post"}],"author":[{"embeddable":true,"href":"https:\/\/www.europesays.com\/fr\/wp-json\/wp\/v2\/users\/2"}],"replies":[{"embeddable":true,"href":"https:\/\/www.europesays.com\/fr\/wp-json\/wp\/v2\/comments?post=392712"}],"version-history":[{"count":0,"href":"https:\/\/www.europesays.com\/fr\/wp-json\/wp\/v2\/posts\/392712\/revisions"}],"wp:featuredmedia":[{"embeddable":true,"href":"https:\/\/www.europesays.com\/fr\/wp-json\/wp\/v2\/media\/392713"}],"wp:attachment":[{"href":"https:\/\/www.europesays.com\/fr\/wp-json\/wp\/v2\/media?parent=392712"}],"wp:term":[{"taxonomy":"category","embeddable":true,"href":"https:\/\/www.europesays.com\/fr\/wp-json\/wp\/v2\/categories?post=392712"},{"taxonomy":"post_tag","embeddable":true,"href":"https:\/\/www.europesays.com\/fr\/wp-json\/wp\/v2\/tags?post=392712"}],"curies":[{"name":"wp","href":"https:\/\/api.w.org\/{rel}","templated":true}]}}