{"id":392714,"date":"2025-09-15T13:51:22","date_gmt":"2025-09-15T13:51:22","guid":{"rendered":"https:\/\/www.europesays.com\/fr\/392714\/"},"modified":"2025-09-15T13:51:22","modified_gmt":"2025-09-15T13:51:22","slug":"xpeng-va-lancer-sa-production-made-in-europe","status":"publish","type":"post","link":"https:\/\/www.europesays.com\/fr\/392714\/","title":{"rendered":"XPeng va lancer sa production made in Europe"},"content":{"rendered":"<p>Magna Steyr va assembler des mod\u00e8les XPeng ainsi que ceux \u00e0 venir de GAC dans son usine de Graz, en Autriche. Une strat\u00e9gie qui permet aux deux constructeurs chinois d\u2019\u00e9chapper aux lourdes taxes de l\u2019Union europ\u00e9enne sur les mod\u00e8les import\u00e9s et d\u2019asseoir leur offensive sur le march\u00e9 europ\u00e9en.<\/p>\n<p>L&rsquo;industriel autrichien Magna Steyr va assembler des mod\u00e8les XPeng (photo) et GAC dans son usine \u00e0 Graz. \u00a9XPeng<\/p>\n<p><a href=\"https:\/\/journalauto.com\/tag\/xpeng\/\" target=\"_blank\" rel=\"noopener\">XPeng<\/a> franchit une nouvelle \u00e9tape dans sa conqu\u00eate du march\u00e9 europ\u00e9en. Le constructeur vient d&rsquo;annoncer la fabrication du G6 et du G9, ses deux SUV commercialis\u00e9s pour l&rsquo;heure en Europe, dans l&rsquo;usine de Magna Steyr, \u00e0 Graz (Autriche).<\/p>\n<p>\u00a0<\/p>\n<p>Selon nos informations, les premiers mod\u00e8les seraient d\u00e9j\u00e0 sortis d&rsquo;usine alors qu&rsquo;aucune communication n&rsquo;a \u00e9t\u00e9 faite de la part de XPeng lors <a href=\"https:\/\/journalauto.com\/constructeurs\/essai-xpeng-g6-recharge-eclair\/\" target=\"_blank\" rel=\"noopener\">de la pr\u00e9sentation des nouvelles g\u00e9n\u00e9rations qui a eue lieu il y a dix jours<\/a>.<\/p>\n<p>\u00a0<\/p>\n<p>Cette d\u00e9cision strat\u00e9gique permet d\u2019\u00e9viter les surtaxes impos\u00e9es par l\u2019Union europ\u00e9enne sur les v\u00e9hicules fabriqu\u00e9s en Chine. Concernant XPeng, les mod\u00e8les sont en effet tax\u00e9s \u00e0 31 %. En parall\u00e8le, la marque a inaugur\u00e9 un centre de recherche et d\u00e9veloppement \u00e0 Munich (Allemagne). Cette nouvelle implantation doit favoriser la cr\u00e9ation de mod\u00e8les suppl\u00e9mentaires, notamment des berlines, destin\u00e9s au march\u00e9 europ\u00e9en.<\/p>\n<p>\u00a0<\/p>\n<p>GAC sera aussi assembl\u00e9 en Autriche<\/p>\n<p>\u00a0<\/p>\n<p>XPeng n&rsquo;est pas le seul constructeur chinois \u00e0 avoir sign\u00e9 un partenariat avec l&rsquo;industriel autrichien, filiale du canadien Magna International. Non pr\u00e9sent en France, les mod\u00e8les du chinois GAC (Guangzhou Automobile Group) vont \u00e9galement \u00eatre assembl\u00e9s dans cette m\u00eame usine, \u00e0 savoir l\u2019Aion V, un SUV familial, et l\u2019Aion UT, une compacte \u00e9lectrique.<\/p>\n<p>\u00a0<\/p>\n<p><img loading=\"lazy\" decoding=\"async\" aria-describedby=\"caption-attachment-218044\" class=\"size-full wp-image-218044\" src=\"data:image\/svg+xml,%3Csvg%20xmlns=\" http:=\"\" alt=\"\" width=\"600\" height=\"401\" data-lazy- data-lazy- data-lazy-src=\"https:\/\/www.europesays.com\/fr\/wp-content\/uploads\/2025\/09\/Aito-5.jpg\" data-mwl-img-id=\"218044\"\/><\/p>\n<p id=\"caption-attachment-218044\" class=\"wp-caption-text\">Le SUV Aito 5 du constructeur chinois GAC sera aussi assembl\u00e9 en Autriche chez Magna Steyr. \u00a9Le Journal de l&rsquo;Automobile<\/p>\n<p>\u00a0<\/p>\n<p>Pr\u00e9sent en Europe depuis 2021, XPeng commercialise d\u00e9sormais ses voitures dans douze pays, dont le Royaume-Uni, dernier en date \u00e0 int\u00e9grer son r\u00e9seau. De son c\u00f4t\u00e9, <a href=\"https:\/\/journalauto.com\/constructeurs\/salon-de-munich-2025-les-constructeurs-chinois-en-pleine-demonstration-de-force\/\" target=\"_blank\" rel=\"noopener\">GAC a pr\u00e9sent\u00e9 sa marque Aion<\/a> lors du dernier salon de Munich. L\u2019entreprise pr\u00e9voit une expansion progressive, avec des d\u00e9buts commerciaux en Pologne, au Portugal et en Finlande d\u00e8s ce mois-ci, et l\u2019ambition de couvrir l\u2019ensemble du continent d\u2019ici 2028.<\/p>\n<p>\u00a0<\/p>\n<p>Nouveau souffle pou Magna Steyr<\/p>\n<p>\u00a0<\/p>\n<p>Pour Magna Steyr, ce partenariat repr\u00e9sente un nouveau souffle. Le site du constructeur autrichien, qui produit notamment le Mercedes Classe G, avait perdu plusieurs contrats majeurs ces derniers mois, avec l\u2019arr\u00eat programm\u00e9 de la production des BMW Z4 et des Toyota Supra, ainsi que la fin des accords concernant le Jaguar I-Pace et la BMW S\u00e9rie 5.<\/p>\n<p>\u00a0<\/p>\n<p>XPeng et GAC viennent ainsi rejoindre <a href=\"https:\/\/journalauto.com\/tag\/chery\/\" target=\"_blank\" rel=\"noopener\">Chery<\/a>, <a href=\"https:\/\/journalauto.com\/tag\/byd\/\" target=\"_blank\" rel=\"noopener\">BYD<\/a> et <a href=\"https:\/\/journalauto.com\/tag\/leapmotor\/\" target=\"_blank\" rel=\"noopener\">Leapmotor<\/a> qui assemblent d\u00e9j\u00e0, ou qui assembleront prochainement, en Europe. <a href=\"https:\/\/journalauto.com\/constructeurs\/le-chinois-chery-prepare-son-arrivee-en-europe-et-en-france\/\" target=\"_blank\" rel=\"noopener\">Chery produit d\u00e9j\u00e0 \u00e0 Barcelone certains des ses mod\u00e8les <\/a>comme l&rsquo;Omoda 5 et le Jaecoo 7, tr\u00e8s appr\u00e9ci\u00e9s des Espagnols, dans l&rsquo;ancienne usine Nissan. Le constructeur chinois est \u00e9galement pr\u00e9sent en Italie avec la marque DR, qui assemble des mod\u00e8les en CKD.<\/p>\n<p>\u00a0<\/p>\n<p>\u00a0<\/p>\n<p>De son c\u00f4t\u00e9, BYD pr\u00e9pare l\u2019ouverture d\u2019une usine en <a href=\"https:\/\/journalauto.com\/constructeurs\/byd-va-construire-une-usine-automobile-en-hongrie\/\" target=\"_blank\" rel=\"noopener\">Hongrie<\/a> d\u2019ici fin 2025, dans laquelle sera produite la citadine \u00e9lectrique <a href=\"https:\/\/journalauto.com\/constructeurs\/essai-byd-dolphin-surf-un-prix-peut-en-cacher-un-autre\/\" target=\"_blank\" rel=\"noopener\">Dolphin Surf<\/a>, tandis que <a href=\"https:\/\/journalauto.com\/tag\/stellantis\/\" target=\"_blank\" rel=\"noopener\">Stellantis<\/a> compte assembler le B10 en Europe, probablement dans l&rsquo;une de ses usines espagnoles. Reste <a href=\"https:\/\/journalauto.com\/tag\/mg-motor\/\" target=\"_blank\" rel=\"noopener\">MG<\/a>, qui est la plus importante marque chinoise en Europe et qui n&rsquo;a toujours pas communiqu\u00e9 sur le sujet. C&rsquo;est d&rsquo;autant plus surprenant que le constructeur SAIC est tax\u00e9 \u00e0 hauteur de 43,5 %, le niveau le plus \u00e9lev\u00e9.<\/p>\n<p>\u00a0<\/p>\n<p>L\u2019arriv\u00e9e des constructeurs chinois dans la production europ\u00e9enne confirme leur volont\u00e9 d\u2019acc\u00e9l\u00e9rer leur implantation et de rivaliser directement avec les marques locales sur le terrain des v\u00e9hicules \u00e9lectriques.<\/p>\n<p>\u00a0<\/p>\n<p>En parall\u00e8le, GAC a annonc\u00e9 ces jours-ci l&rsquo;ouverture de son centre europ\u00e9en de pi\u00e8ces d\u00e9tach\u00e9es \u00e0 Rotterdam (Pays-Bas). \u00ab\u00a0En Europe, pour l&rsquo;Europe, s&rsquo;int\u00e9grer en\u00a0Europe, servir l&rsquo;Europe, contribuer \u00e0 l&rsquo;Europe\u00a0\u00bb, a annonc\u00e9 le constructeur, repris par nos confr\u00e8res du site prnewswire.com.<\/p>\n<p>Vous devez activer le javacript et la gestion des cookies pour b\u00e9n\u00e9ficier de toutes les fonctionnalit\u00e9s.<\/p>\n","protected":false},"excerpt":{"rendered":"Magna Steyr va assembler des mod\u00e8les XPeng ainsi que ceux \u00e0 venir de GAC dans son usine de&hellip;\n","protected":false},"author":2,"featured_media":392715,"comment_status":"","ping_status":"","sticky":false,"template":"","format":"standard","meta":{"footnotes":""},"categories":[1586],"tags":[11,309,1777,674,1011,27,12,25,50883],"class_list":{"0":"post-392714","1":"post","2":"type-post","3":"status-publish","4":"format-standard","5":"has-post-thumbnail","7":"category-europe","8":"tag-actualites","9":"tag-chine","10":"tag-eu","11":"tag-europe","12":"tag-fr","13":"tag-france","14":"tag-news","15":"tag-republique-francaise","16":"tag-xpeng"},"share_on_mastodon":{"url":"https:\/\/pubeurope.com\/@fr\/115208643161867562","error":""},"_links":{"self":[{"href":"https:\/\/www.europesays.com\/fr\/wp-json\/wp\/v2\/posts\/392714","targetHints":{"allow":["GET"]}}],"collection":[{"href":"https:\/\/www.europesays.com\/fr\/wp-json\/wp\/v2\/posts"}],"about":[{"href":"https:\/\/www.europesays.com\/fr\/wp-json\/wp\/v2\/types\/post"}],"author":[{"embeddable":true,"href":"https:\/\/www.europesays.com\/fr\/wp-json\/wp\/v2\/users\/2"}],"replies":[{"embeddable":true,"href":"https:\/\/www.europesays.com\/fr\/wp-json\/wp\/v2\/comments?post=392714"}],"version-history":[{"count":0,"href":"https:\/\/www.europesays.com\/fr\/wp-json\/wp\/v2\/posts\/392714\/revisions"}],"wp:featuredmedia":[{"embeddable":true,"href":"https:\/\/www.europesays.com\/fr\/wp-json\/wp\/v2\/media\/392715"}],"wp:attachment":[{"href":"https:\/\/www.europesays.com\/fr\/wp-json\/wp\/v2\/media?parent=392714"}],"wp:term":[{"taxonomy":"category","embeddable":true,"href":"https:\/\/www.europesays.com\/fr\/wp-json\/wp\/v2\/categories?post=392714"},{"taxonomy":"post_tag","embeddable":true,"href":"https:\/\/www.europesays.com\/fr\/wp-json\/wp\/v2\/tags?post=392714"}],"curies":[{"name":"wp","href":"https:\/\/api.w.org\/{rel}","templated":true}]}}