{"id":392716,"date":"2025-09-15T13:52:11","date_gmt":"2025-09-15T13:52:11","guid":{"rendered":"https:\/\/www.europesays.com\/fr\/392716\/"},"modified":"2025-09-15T13:52:11","modified_gmt":"2025-09-15T13:52:11","slug":"ete-2025-un-cout-estime-a-126-milliards-deuros-pour-lunion-europeenne","status":"publish","type":"post","link":"https:\/\/www.europesays.com\/fr\/392716\/","title":{"rendered":"Et\u00e9 2025\u00a0: un co\u00fbt estim\u00e9 \u00e0 126 milliards d\u2019euros pour l\u2019Union europ\u00e9enne"},"content":{"rendered":"<p>Vagues de chaleur, s\u00e9cheresse, inondations\u2026l\u2019\u00e9t\u00e9 2025 a, sans surprise, \u00e9t\u00e9 extr\u00eame en termes d\u2019\u00e9v\u00e9nements m\u00e9t\u00e9orologiques. M\u00e9t\u00e9o France l\u2019a ainsi class\u00e9 au troisi\u00e8me rang des \u00e9t\u00e9s les plus chauds. En Espagne, la vague de chaleur du mois d\u2019ao\u00fbt a \u00e9t\u00e9 la plus intense jamais enregistr\u00e9e. Ces deux pays comptent ainsi parmi ceux qui paient la facture la plus \u00e9lev\u00e9e, selon une nouvelle \u00e9tude de l\u2019Universit\u00e9 de Mannheim (Allemagne), publi\u00e9e ce lundi 15 septembre.<\/p>\n<p>Celle-ci \u00e9value les co\u00fbts macro\u00e9conomiques des vagues de chaleur, des s\u00e9cheresses et des inondations \u00e0 court et moyen termes, bien au-del\u00e0 des seuls dommages directs caus\u00e9s aux biens mat\u00e9riels et compil\u00e9s par les r\u00e9assureurs. Le co\u00fbt total donne le vertige puisque les auteurs estiment que l\u2019\u00e9t\u00e9 2025 co\u00fbtera respectivement \u00e0 court et moyen-terme 43 et 126 milliards d\u2019euros aux r\u00e9gions europ\u00e9ennes touch\u00e9es par des \u00e9v\u00e9nements m\u00e9t\u00e9orologiques extr\u00eames. Cela repr\u00e9sente l\u2019\u00e9quivalent de 0,26% et 0,78% du PIB de l\u2019UE en 2024. \u201cUne perte \u00e9conomique significative\u201d, commente Sehrish Usman, co-autrice de l\u2019\u00e9tude.<\/p>\n<p>Les s\u00e9cheresses, les plus co\u00fbteuses<\/p>\n<p>Un quart des r\u00e9gions de l\u2019UE ont \u00e9t\u00e9 touch\u00e9es\u00a0: 96 ont connu des vagues de chaleur, 195 ont souffert de s\u00e9cheresse et 53 ont \u00e9t\u00e9 touch\u00e9es par des inondations. Les s\u00e9cheresses apparaissent comme les plus co\u00fbteuses\u00a0: 29,4 milliards d\u2019euros en 2025 et 75,6 milliards d\u2019ici 2029, soit respectivement 0,18% et 0,47% du PIB europ\u00e9en. Viennent ensuite les vagues de chaleur\u00a0: 6,8 milliards d\u2019euros en 2025 et 30 milliards d\u2019ici 2029, soit respectivement 0,04% et 0,19% du PIB europ\u00e9en. Puis les inondations\u00a0: 6,5 milliards d\u2019euros en 2025 et 20,3 milliards d\u2019ici 2029, soit respectivement 0,04% et 0,13% du PIB europ\u00e9en.<\/p>\n<p>Ces trois types d\u2019\u00e9v\u00e9nements entravent l\u2019activit\u00e9 \u00e9conomique de diff\u00e9rentes mani\u00e8res, selon les auteurs : la chaleur r\u00e9duit la productivit\u00e9 (par exemple, dans la construction et l\u2019h\u00f4tellerie) ; la s\u00e9cheresse touche principalement l\u2019agriculture ; et les inondations causent des dommages directs aux infrastructures et aux b\u00e2timents, ainsi que des pertes indirectes, telles que la perturbation des cha\u00eenes d\u2019approvisionnement. On peut y ajouter les co\u00fbts humains \u2013 la vague de chaleur de fin juin\/d\u00e9but juillet a caus\u00e9 plus de 2\u00a0300 d\u00e9c\u00e8s suppl\u00e9mentaires dans 12 grandes villes europ\u00e9ennes -, les co\u00fbts fiscaux avec une baisse des recettes en raison de la baisse de l\u2019activit\u00e9 \u00e9conomique, l\u2019inflation qui a tendance \u00e0 augmenter, les co\u00fbts d\u2019adaptation et les retomb\u00e9es du commerce et des conflits d\u2019approvisionnement.<\/p>\n<p>Les auteurs insistent d\u00e8s lors sur l\u2019importance de prendre en compte l\u2019ensemble des co\u00fbts, y compris \u00e0 moyen-terme car ils ont tendance \u00e0 s\u2019\u00e9lever dans les ann\u00e9es qui suivent un \u00e9v\u00e9nement extr\u00eame. Ils pr\u00e9viennent aussi que leurs estimations sont \u201cprobablement prudentes\u201d car elles ne tiennent pas compte des effets cumul\u00e9s (par exemple, la concomitance des vagues de chaleur et des s\u00e9cheresses) et n\u2019incluent pas d\u2019autres al\u00e9as tels que les incendies de for\u00eat \u2013 qui ont \u00e9t\u00e9 importants en juillet et ao\u00fbt 2025.<\/p>\n<p>Message aux d\u00e9cideurs<\/p>\n<p>\u201cL\u2019objectif de cette \u00e9tude \u00e9tait de quantifier le plus rapidement possible les pertes \u00e9conomiques globales dues \u00e0 la chaleur, \u00e0 la s\u00e9cheresse et aux inondations afin d\u2019aider les d\u00e9cideurs politiques \u00e0 cibler le soutien et \u00e0 adapter les strat\u00e9gies\u201d, poursuit Sehrish Usman.\u00a0Alors que les ministres de l\u2019UE doivent discuter de l\u2019objectif climatique 2040 jeudi 18 septembre, les r\u00e9sultats apport\u00e9s par cette nouvelle \u00e9tude renforcent les propos tenus par le Haut Conseil du climat la semaine derni\u00e8re : \u201cFace aux feux de for\u00eats, vagues de chaleur et inondations qui frappent l\u2019Europe, l\u2019urgence climatique n\u2019est plus th\u00e9orique. Retarder l\u2019adoption d\u2019objectifs ambitieux reviendrait \u00e0 fragiliser la s\u00e9curit\u00e9, l\u2019\u00e9conomie et la sant\u00e9 de millions d\u2019Europ\u00e9ens\u201d.<\/p>\n<p>Et de rappeler \u00e0 la France, qui joue un r\u00f4le dans le retardement de l\u2019adoption de cet objectif, sa \u201cresponsabilit\u00e9 particuli\u00e8re\u201d, en tant que pays h\u00f4te de la COP 21, afin \u201cde pr\u00e9server l\u2019h\u00e9ritage de Paris\u201d. Selon l\u2019\u00e9tude, les dommages de l\u2019\u00e9t\u00e9 2025 dans l\u2019Hexagone s\u2019\u00e9l\u00e8veraient \u00e0 10,1 milliards d\u2019euros en 2025 et devraient atteindre 33,9 milliards d\u2019euros en 2029, soit respectivement 0,39% et 1,3% du PIB. Le pays se classe ainsi au 3e rang des plus touch\u00e9s \u00e9conomiquement. En outre, selon <a href=\"https:\/\/www.santepubliquefrance.fr\/determinants-de-sante\/climat\/fortes-chaleurs-canicule\/documents\/bulletin-national\/canicule-et-sante-exces-de-mortalite.-bulletin-du-11-septembre-2025?ct=t(EMAIL_CAMPAIGN_COPY_01)&amp;mc_cid=2e37beb57e&amp;mc_eid=b143414722\" target=\"_blank\" rel=\"noopener nofollow\">Sant\u00e9 publique France<\/a>, pr\u00e8s de 300 morts suppl\u00e9mentaires ont \u00e9t\u00e9 enregistr\u00e9s pendant la canicule d\u2019ao\u00fbt 2025, notamment chez les plus \u00e2g\u00e9s. Des perspectives qui contrastent quelque peu avec une <a href=\"https:\/\/www.insee.fr\/fr\/statistiques\/8638819?sommaire=8638823\" target=\"_blank\" rel=\"noopener nofollow\">\u00e9tude de l\u2019Insee<\/a>, publi\u00e9e le 11 septembre dernier. Elle estime que \u201cles \u00e9pisodes caniculaires de 2025 n\u2019auraient pas d\u2019impact imm\u00e9diat significatif sur l\u2019activit\u00e9 en France\u201d, mais souligne \u00e9galement que \u201ccela n\u2019exclut pas des impacts plus p\u00e9rennes sur d\u2019autres branches de l\u2019\u00e9conomie fran\u00e7aise\u201d.<\/p>\n","protected":false},"excerpt":{"rendered":"Vagues de chaleur, s\u00e9cheresse, inondations\u2026l\u2019\u00e9t\u00e9 2025 a, sans surprise, \u00e9t\u00e9 extr\u00eame en termes d\u2019\u00e9v\u00e9nements m\u00e9t\u00e9orologiques. M\u00e9t\u00e9o France l\u2019a&hellip;\n","protected":false},"author":2,"featured_media":392717,"comment_status":"","ping_status":"","sticky":false,"template":"","format":"standard","meta":{"footnotes":""},"categories":[1586],"tags":[11,1777,674,1779,1011,27,12,25,1778,364],"class_list":{"0":"post-392716","1":"post","2":"type-post","3":"status-publish","4":"format-standard","5":"has-post-thumbnail","7":"category-europe","8":"tag-actualites","9":"tag-eu","10":"tag-europe","11":"tag-european-union","12":"tag-fr","13":"tag-france","14":"tag-news","15":"tag-republique-francaise","16":"tag-ue","17":"tag-union-europeenne"},"share_on_mastodon":{"url":"https:\/\/pubeurope.com\/@fr\/115208647114477708","error":""},"_links":{"self":[{"href":"https:\/\/www.europesays.com\/fr\/wp-json\/wp\/v2\/posts\/392716","targetHints":{"allow":["GET"]}}],"collection":[{"href":"https:\/\/www.europesays.com\/fr\/wp-json\/wp\/v2\/posts"}],"about":[{"href":"https:\/\/www.europesays.com\/fr\/wp-json\/wp\/v2\/types\/post"}],"author":[{"embeddable":true,"href":"https:\/\/www.europesays.com\/fr\/wp-json\/wp\/v2\/users\/2"}],"replies":[{"embeddable":true,"href":"https:\/\/www.europesays.com\/fr\/wp-json\/wp\/v2\/comments?post=392716"}],"version-history":[{"count":0,"href":"https:\/\/www.europesays.com\/fr\/wp-json\/wp\/v2\/posts\/392716\/revisions"}],"wp:featuredmedia":[{"embeddable":true,"href":"https:\/\/www.europesays.com\/fr\/wp-json\/wp\/v2\/media\/392717"}],"wp:attachment":[{"href":"https:\/\/www.europesays.com\/fr\/wp-json\/wp\/v2\/media?parent=392716"}],"wp:term":[{"taxonomy":"category","embeddable":true,"href":"https:\/\/www.europesays.com\/fr\/wp-json\/wp\/v2\/categories?post=392716"},{"taxonomy":"post_tag","embeddable":true,"href":"https:\/\/www.europesays.com\/fr\/wp-json\/wp\/v2\/tags?post=392716"}],"curies":[{"name":"wp","href":"https:\/\/api.w.org\/{rel}","templated":true}]}}