{"id":392720,"date":"2025-09-15T13:54:11","date_gmt":"2025-09-15T13:54:11","guid":{"rendered":"https:\/\/www.europesays.com\/fr\/392720\/"},"modified":"2025-09-15T13:54:11","modified_gmt":"2025-09-15T13:54:11","slug":"khvicha-kvaratskhelia-psg-disponible-des-mercredi-contre-latalanta-bergame-lequipe","status":"publish","type":"post","link":"https:\/\/www.europesays.com\/fr\/392720\/","title":{"rendered":"Khvicha Kvaratskhelia (PSG) disponible d\u00e8s mercredi contre l&#039;Atalanta Bergame ? &#8211; L&#039;\u00c9quipe"},"content":{"rendered":"<ol>\n<li><a href=\"https:\/\/news.google.com\/rss\/articles\/CBMi9wFBVV95cUxPXzZlUlJ1LVNWc0xOc05fUHhIYjc5Wlk1MXJZMk1Bd1ItbER3cVFJMjZ2SlBzYzdaQ1l0T3hPaHBxdnhhVTNTRl9NempjQTdqVHU0dGZtWTVHY01FbWt2OWdGYlFiRkpULU51VlowMFllWl9yM0FBTElRVnY3cklDSDlna3V0ZUdoeVdIdUpYaXVFNFAybjZEczFEbldMNGgyTDdPSmtCUEtLNmZBZEd6enRXbVVRV0dROUwzQlVyM3lia283a1dsLW9PTGdFLXhrX3hIelMtSUhvajU5SVJZOHh5YWh5amhnLXJVMjBIVGo5alMtUDVZ?oc=5\" target=\"_blank\" rel=\"nofollow noopener\">Khvicha Kvaratskhelia (PSG) disponible d\u00e8s mercredi contre l&rsquo;Atalanta Bergame ?<\/a>&nbsp;&nbsp;L&rsquo;\u00c9quipe<\/li>\n<li><a href=\"https:\/\/news.google.com\/rss\/articles\/CBMirwFBVV95cUxNc0FXdHhVeDJPbDIzbW5vWTZKcTVRc2lGaG5nYjNWa1lIbVAtbXF5UXljTWwtMDFaRjVyS05yTWtXbnN6VDdnRXg2WGstMGxHd3p5c2NNM2wtX2FvYXp4azJrWjROeDUtSzdpTEZ1VGtVNlpUR1hMeHpTLS1nRWtMT2pYOXVGNzhLQmFiNmZGWGhMdWxrdHdfQV91NDVYV3MxMDNFSGtrWktYVGNZNVY0?oc=5\" target=\"_blank\" rel=\"nofollow noopener\">OM : de nouvelles blessures au PSG \u00e0 une semaine du Clasico<\/a>&nbsp;&nbsp;La Provence<\/li>\n<li><a href=\"https:\/\/news.google.com\/rss\/articles\/CBMiggJBVV95cUxNaktzd1Q4ZDV3MFRURkZtSG9vaTBaQlFXa29JbzRqRFNEcjBNWTRlQllCbmtrY3NvOF92OXp5X3E4NTlvakJOZjNRamx2Y0JDVC0teUFpNF9SdFBJUFhBc2tEOGlIQkJxYi11UnJvbUNqMC1LVC1zTlpPNmtuaF9ESjFaZDBkck9ySmlXZVZwMHVRdmtWVW1mcjNHQUdvUDk0VmFvaTZ5OE5aOGtpcXdWNVIxVjE5Y0gxRk5lVWk3eS1QV3Exd000eEJKc2ZrTndqWFl5ZkE4MDdIT1lPNUNHY1k4eWZWZjV2SDR4ckVoa3JRSDR0alVpelFDTlBqR3loZHc?oc=5\" target=\"_blank\" rel=\"nofollow noopener\">\u00ab\u00a0C&rsquo;est un moment difficile pour nous\u00a0\u00bb : le PSG croule sous les blessures<\/a>&nbsp;&nbsp;Eurosport<\/li>\n<li><a href=\"https:\/\/news.google.com\/rss\/articles\/CBMi5wFBVV95cUxQcEptRHhRcG1VSTktdjZySGNGYU1vVDhtSzk1U0tpblBiX09jSy1YLXFwYV90UXdVV1VEdU5YbXJXano0TGFELVdZWG9BeUcxY21JNDFhVHFiUUt1amJfYm5VdmJaOVBOX0FaY2tCWHB2Snh5dXRZd3ctQ2FReHFlZWlfbjg4ZjRWQ3J0ZkdiM1hic3Y1V2JtanNCeHh0UlFTQzNQUXl5SW1ZOU9EODFBUVFBMC1IRGs1RG9KejZIVnVubnloR01ReHBHdUVMczcxMjZNYmxkRTVraUxKWGRTZDItUTFZSDg?oc=5\" target=\"_blank\" rel=\"nofollow noopener\">\u00abC\u2019est tr\u00e8s inqui\u00e9tant\u00bb : avant l\u2019Atalanta en Ligue des champions et l\u2019OM, le PSG compte ses bless\u00e9s<\/a>&nbsp;&nbsp;Le Figaro<\/li>\n<li><a href=\"https:\/\/news.google.com\/rss\/articles\/CBMi7wFBVV95cUxOVXFibkdlQXdyLWpiQW82Y09yMUlkSk5UMUFJeHBKX1ItZTRabFVXb0UtVGdKN1lZRXBua2wzTU5ERG5fWEZOZ29GMU1pQXhDMFlMSmY1QjI5VDctbFBVazhSQUtfU0VZLThscUtDZ0tNQjh2Z2I0bEdMYU03ZjNORkFNVXB3anNPMUpNdC0zN3VPQk1tTjNQRWlpLVZoMmJPUnAxMG5mSm5Mdlk4WHNCemJjbkN1NElyYThuZld2aGtYSERzaEQ2UmdvUDIzYVBuVXAxY3pDU01sQTBXMlptaTRBbDkzN2lCOGw5MnhOVQ?oc=5\" target=\"_blank\" rel=\"nofollow noopener\">Bonne nouvelle pour le PSG: Kvaratskhelia pourrait \u00eatre apte pour l\u2019Atalanta<\/a>&nbsp;&nbsp;RMC Sport<\/li>\n<\/ol>\n","protected":false},"excerpt":{"rendered":"Khvicha Kvaratskhelia (PSG) disponible d\u00e8s mercredi contre l&rsquo;Atalanta Bergame ?&nbsp;&nbsp;L&rsquo;\u00c9quipe OM : de nouvelles blessures au PSG \u00e0&hellip;\n","protected":false},"author":2,"featured_media":392721,"comment_status":"","ping_status":"","sticky":false,"template":"","format":"standard","meta":{"footnotes":""},"categories":[2],"tags":[11,1011,27,12,25],"class_list":{"0":"post-392720","1":"post","2":"type-post","3":"status-publish","4":"format-standard","5":"has-post-thumbnail","7":"category-actualites","8":"tag-actualites","9":"tag-fr","10":"tag-france","11":"tag-news","12":"tag-republique-francaise"},"share_on_mastodon":{"url":"https:\/\/pubeurope.com\/@fr\/115208654961626862","error":""},"_links":{"self":[{"href":"https:\/\/www.europesays.com\/fr\/wp-json\/wp\/v2\/posts\/392720","targetHints":{"allow":["GET"]}}],"collection":[{"href":"https:\/\/www.europesays.com\/fr\/wp-json\/wp\/v2\/posts"}],"about":[{"href":"https:\/\/www.europesays.com\/fr\/wp-json\/wp\/v2\/types\/post"}],"author":[{"embeddable":true,"href":"https:\/\/www.europesays.com\/fr\/wp-json\/wp\/v2\/users\/2"}],"replies":[{"embeddable":true,"href":"https:\/\/www.europesays.com\/fr\/wp-json\/wp\/v2\/comments?post=392720"}],"version-history":[{"count":0,"href":"https:\/\/www.europesays.com\/fr\/wp-json\/wp\/v2\/posts\/392720\/revisions"}],"wp:featuredmedia":[{"embeddable":true,"href":"https:\/\/www.europesays.com\/fr\/wp-json\/wp\/v2\/media\/392721"}],"wp:attachment":[{"href":"https:\/\/www.europesays.com\/fr\/wp-json\/wp\/v2\/media?parent=392720"}],"wp:term":[{"taxonomy":"category","embeddable":true,"href":"https:\/\/www.europesays.com\/fr\/wp-json\/wp\/v2\/categories?post=392720"},{"taxonomy":"post_tag","embeddable":true,"href":"https:\/\/www.europesays.com\/fr\/wp-json\/wp\/v2\/tags?post=392720"}],"curies":[{"name":"wp","href":"https:\/\/api.w.org\/{rel}","templated":true}]}}