{"id":392722,"date":"2025-09-15T13:55:13","date_gmt":"2025-09-15T13:55:13","guid":{"rendered":"https:\/\/www.europesays.com\/fr\/392722\/"},"modified":"2025-09-15T13:55:13","modified_gmt":"2025-09-15T13:55:13","slug":"la-france-doit-mieux-proteger-les-lanceurs-dalerte","status":"publish","type":"post","link":"https:\/\/www.europesays.com\/fr\/392722\/","title":{"rendered":"La France doit mieux prot\u00e9ger les lanceurs d\u2019alerte"},"content":{"rendered":"<p>        Lire\u00a0plus\u00a0tard      <\/p>\n<p><a aria-label=\"Nous suivre sur Google News\" href=\"https:\/\/news.google.com\/publications\/CAAqBwgKMJe4nQkw3dFs?hl=fr&amp;gl=FR&amp;ceid=FR%3Afr\" target=\"_blank\" data-piano=\"Page_Article,Sous_date_publi,Nous_suivre_sur_google_news,1er_clic,action\" class=\"btn btn--small btn--tertiary btn--icon-only\" rel=\"noopener\"><\/p>\n<p>      Google Actualit\u00e9s<br \/>\n  <\/a><\/p>\n<p>  Partager<\/p>\n<p>        Facebook<\/p>\n<p>        Bluesky<\/p>\n<p>        E-mail<\/p>\n<p>        Copier le lien<\/p>\n<p>      Envoyer<\/p>\n<p>      S\u2019abonner    <\/p>\n<p class=\"node__paragraphe antonia-750r text-grey-800 pb-24 pb-md-32\">\nCe 15 septembre marque les 18 ans de l\u2019instauration par l\u2019Organisation des Nations unies d\u2019une\u00a0Journ\u00e9e internationale de la D\u00e9mocratie visant \u00e0 encourager les gouvernements \u00e0 renforcer et consolider la d\u00e9mocratie. A l\u2019aune de cette majorit\u00e9, force est de constater le contraste entre les enjeux de cette journ\u00e9e et la r\u00e9alit\u00e9 dissonante qu\u2019offre la sc\u00e8ne internationale dont la France n\u2019est pas exempte\u00a0: attaques contre l\u2019Etat de droit, crise de confiance dans nos institutions, d\u00e9fiance envers les \u00e9lus, pressions contre les associations, augmentation des discriminations et enfin pressions contre celles et ceux qui au p\u00e9ril de leur vie alertent sur les dysfonctionnements de notre soci\u00e9t\u00e9.<\/p>\n<p class=\"latino-500b text-grey-600 pb-16\">A lire aussi<\/p>\n<p><a href=\"https:\/\/www.nouvelobs.com\/chroniques\/20220518.OBS58593\/etre-lanceur-d-alerte-ce-prix-a-payer-qui-reste-si-lourd.html\" data-article-key=\"20220518.OBS58593\" class=\"link--box flex-grow-1\" data-piano=\"Page_Article,Lire_aussi,,Lien1,navigation\" target=\"_blank\" rel=\"noopener\"><\/p>\n<p>                <img decoding=\"async\" src=\"data:image\/svg+xml,%3Csvg%20xmlns%3D%27http%3A%2F%2Fwww.w3.org%2F2000%2Fsvg%27%20fill%3D%22%23e4e4e4%22%20viewBox%3D%270%200%20120%2080%27%20width%3D%22120%22%20height%3D%2280%22%3E%3Cpath%20d%3D%27M0%200h120v80H0z%27%2F%3E%3C%2Fsvg%3E\"  width=\"120\" height=\"80\" loading=\"lazy\" alt=\"La banque suisse UBS a \u00e9t\u00e9 condamn\u00e9e \u00e0 verser 1,8 milliard euros d\u2019amende.&#10;&#10;\"\/><\/p>\n<p class=\"latino-300r latino-lg-600m text-grey-800\">\n                      <strong class=\"latino-300b latino-lg-600m text-grey-500\">Chronique\u00a0<\/strong><br \/>\n                    Etre lanceur d\u2019alerte\u00a0: ce prix \u00e0 payer qui reste si lourd        <\/p>\n<p><\/a><\/p>\n<p class=\"node__paragraphe antonia-750r text-grey-800 pb-24 pb-md-32\">\nOr, pas de d\u00e9mocratie sans celles et ceux qui alertent sur ses limites et d\u00e9faillances. Les lanceurs et lanceuses d\u2019alerte, comme la Maison des Lanceurs d\u2019Alerte et ses organisations membres, mais aussi les syndicats, les journalistes, les d\u00e9fenseurs des droits humains, les activistes, et tant d\u2019autres acteurs et actrices engag\u00e9s pour le bien commun, font vivre la d\u00e9mocratie. Nous avons ainsi une dette envers celles et ceux qui, t\u00e9moins de menaces graves ou de dangers av\u00e9r\u00e9s, prennent des risques pour nous informer et nous \u00e9viter le pire\u00a0: c\u2019est pourquoi nous nous devons de les prot\u00e9ger.<\/p>\n<p class=\"node__paragraphe antonia-750r text-grey-800 pb-24 pb-md-32\">\nLa Maison des Lanceurs d\u2019Alerte fait un constat commun\u00a0: depuis sa cr\u00e9ation en 2018, un nombre croissant de femmes et d\u2019hommes frappent \u00e0 ses portes. Appartenant \u00e0 des univers professionnels diff\u00e9rents, issus du secteur public comme du priv\u00e9, l\u2019alerte touche d\u00e9sormais tous les domaines. Ce ph\u00e9nom\u00e8ne est confirm\u00e9 par le d\u00e9fenseur des droits, qui depuis la loi de protection des lanceurs d\u2019alerte, dite loi Waserman de 2022, a d\u00e9sormais la comp\u00e9tence de recueillir et traiter des signalements. Certes, la loi a rendu visible l\u2019alerte. Pourtant, de nombreuses situations individuelles demeurent pr\u00e9occupantes car les lanceurs et lanceuses d\u2019alerte sont souvent confront\u00e9s \u00e0 des environnements hostiles. Leur parcours s\u2019apparente alors \u00e0 un v\u00e9ritable chemin de croix\u00a0: mise au placard, harc\u00e8lement, licenciement, impacts psychologiques, \u00e9conomiques et familiaux, difficult\u00e9s \u00e0 retrouver un emploi\u2026 Malgr\u00e9 des avanc\u00e9es non n\u00e9gligeables permises par la loi, notamment la fin de l\u2019obligation d\u2019effectuer un signalement en interne, il reste que le chemin est long pour que la protection des lanceurs d\u2019alerte soit r\u00e9ellement effective. Le statut actuel n\u2019offre aujourd\u2019hui qu\u2019une protection a posteriori et uniquement dans le cadre de la d\u00e9cision d\u2019un juge, et l\u2019obligation de patienter six mois avant toute divulgation publique bloque le contre-pouvoir d\u00e9mocratique que la m\u00e9diatisation repr\u00e9sente.<\/p>\n<p class=\"node__paragraphe antonia-750r text-grey-800 pb-24 pb-md-32\">\nPire, nombre d\u2019entre elles et eux sont dissuad\u00e9s de d\u00e9noncer des pratiques illicites et tout semble parfois fait pour les en emp\u00eacher\u00a0; parfois par la puissance publique elle-m\u00eame. Alors que lancer l\u2019alerte est une responsabilit\u00e9 citoyenne, qui \u00ab\u00a0doit devenir le r\u00e9flexe normal de tout responsable ayant pris connaissance de dangers graves pour l\u2019int\u00e9r\u00eat g\u00e9n\u00e9ral\u00a0\u00bb, elle restera lettre morte si l\u2019Etat s\u2019emploie \u00e0 emp\u00eacher son expression au lieu de l\u2019accompagner et de la prot\u00e9ger.<\/p>\n<p>            <img decoding=\"async\" class=\"w-100\" src=\"data:image\/svg+xml,%3Csvg%20xmlns%3D%27http%3A%2F%2Fwww.w3.org%2F2000%2Fsvg%27%20fill%3D%22%23e4e4e4%22%20viewBox%3D%270%200%20630%20420%27%20width%3D%22630%22%20height%3D%22420%22%3E%3Cpath%20d%3D%27M0%200h630v420H0z%27%2F%3E%3C%2Fsvg%3E\"  alt=\" Ir\u00e8ne Frachon, pneumologue et lanceuse d\u2019alerte sur l\u2019affaire du Mediator le 11\u00a0d\u00e9cembre 2023\u00a0lors de la huiti\u00e8me r\u00e9union annuelle des lanceurs d\u2019alerte \u00e0 la Maison des Sciences de l\u2019Homme en Seine-Saint-Denis.\" width=\"630\" height=\"420\" loading=\"lazy\"\/><\/p>\n<p class=\"latino-100m text-grey-600\">\n         Ir\u00e8ne Frachon, pneumologue et lanceuse d\u2019alerte sur l\u2019affaire du Mediator le 11\u00a0d\u00e9cembre 2023\u00a0lors de la huiti\u00e8me r\u00e9union annuelle des lanceurs d\u2019alerte \u00e0 la Maison des Sciences de l\u2019Homme en Seine-Saint-Denis.                  VIRGINIE HAFFNER \/ HANS LUCAS VIA AFP\n              <\/p>\n<p class=\"node__paragraphe antonia-750r text-grey-800 pb-24 pb-md-32\">\nNe pas prendre en compte les alertes, c\u2019est aussi continuer \u00e0 creuser le d\u00e9ficit public\u00a0: les affaires de corruption, constituant la majorit\u00e9 des alertes re\u00e7ues par la Maison des Lanceurs d\u2019Alerte, comme la non-prise en cause de risques sanitaires ou environnementaux ont un co\u00fbt collectif. Aider les lanceurs d\u2019alertes, financi\u00e8rement et psychologiquement n\u2019est pas seulement un devoir (leur attribution \u00e9tant d\u00e9j\u00e0 inscrite dans la loi Waserman, mais non-honor\u00e9e)\u00a0: c\u2019est une source d\u2019\u00e9conomie, et de bien-\u00eatre pour toutes et tous \u00e0 l\u2019heure o\u00f9 le sujet de la dette publique est invoqu\u00e9 par l\u2019ensemble des responsables politiques. Ce soutien psychologique et financier, la Maison des Lanceurs d\u2019Alerte a d\u00fb le mettre en place, par ses propres (faibles) moyens. Or, est-ce aux associations de palier les d\u00e9faillances de la puissance publique \u00e0 l\u2019heure des coupes qu\u2019on leur inflige\u00a0?<\/p>\n<p class=\"node__paragraphe antonia-750r text-grey-800 pb-24 pb-md-32\">\nEnqu\u00eater sur les faits d\u00e9nonc\u00e9s plut\u00f4t que tirer sur le messager et cacher le scandale sous le tapis\u00a0: voici un premier pas pour retrouver confiance en notre d\u00e9mocratie et en sa capacit\u00e9 \u00e0 s\u2019opposer \u00e0 ses d\u00e9rives. En ce sens, la potentielle accession au pouvoir de partis d\u2019extr\u00eame droite repr\u00e9sente un risque av\u00e9r\u00e9 suppl\u00e9mentaire dans le d\u00e9tricotage de nos acquis. Pour s\u2019en prot\u00e9ger, il est essentiel de pr\u00e9server l\u2019\u00e9cosyst\u00e8me dans lequel \u00e9voluent les lanceurs et lanceuses d\u2019alerte\u00a0: cela commence par prot\u00e9ger les libert\u00e9s publiques &#8211; libert\u00e9s associatives et syndicales. Car c\u2019est en pr\u00e9servant les espaces collectifs d\u2019engagement que l\u2019on brise l\u2019isolement dans lequel beaucoup d\u2019entre eux et elles se trouvent.<\/p>\n<p class=\"node__paragraphe antonia-750r text-grey-800 pb-24 pb-md-32\">\nDans les prochains mois, le l\u00e9gislateur, quel qu\u2019il sera, se retrouvera face \u00e0 une \u00e9ch\u00e9ance cl\u00e9\u00a0: la transposition dans le droit national de la directive europ\u00e9enne de lutte contre les proc\u00e9dures b\u00e2illons. Ces proc\u00e9dures visent \u00e0 faire taire les lanceurs d\u2019alertes, journalistes, ONG, syndicats en multipliant contre eux des plaintes abusives afin de les \u00e9puiser financi\u00e8rement et psychologiquement.<\/p>\n<p class=\"node__paragraphe antonia-750r text-grey-800 pb-24 pb-md-32\">\nLa d\u00e9mocratie ne se construit pas seule\u00a0: elle se consolide avec celles et ceux qui osent d\u00e9noncer ses failles. En ce sens, il est temps que l\u2019Etat assume enfin ses responsabilit\u00e9s\u00a0: garantir une protection effective des lanceurs et lanceuses d\u2019alerte, financer les dispositifs pr\u00e9vus par la loi et cesser de laisser le courage individuel pallier les d\u00e9faillances publiques\u00a0: sans ces protections, la d\u00e9mocratie reste un vain mot, et l\u2019int\u00e9r\u00eat g\u00e9n\u00e9ral une promesse non tenue.<\/p>\n<p><strong>Liste des signataires\u00a0:<\/strong><br \/>&#8211; La Maison des lanceurs d\u2019alerte<\/p>\n<p class=\"node__paragraphe antonia-750r text-grey-800 pb-24 pb-md-32\">\n<strong>&#8211;  <\/strong>Anticor<br \/><strong>&#8211; <\/strong>Sherpa<br \/><strong>&#8211; <\/strong>Pacte civique<br \/><strong>&#8211; <\/strong>L214<br \/><strong>&#8211; <\/strong>Greenpeace<br \/><strong>&#8211; <\/strong>Attac<br \/><strong>&#8211; <\/strong>Climate Whistleblowers<br \/><strong>&#8211; <\/strong>Sciences citoyennes<br \/><strong>&#8211; <\/strong>Bloom<br \/><strong>&#8211; <\/strong>CFDT<br \/><strong>&#8211; <\/strong>UGICT-CGT<br \/><strong>&#8211; <\/strong>Solidaires Finances Publiques<br \/><strong>&#8211; <\/strong>Sud Recherche<br \/><strong>&#8211; <\/strong>Solidaires<br \/><strong>&#8211; <\/strong>UNSA<br \/><strong>&#8211; <\/strong>FSU<br \/><strong>&#8211; <\/strong>Syndicat des Avocats de France<br \/><strong>&#8211; <\/strong>SNJ<br \/><strong>&#8211; <\/strong>SNJ-CGT<br \/><strong>&#8211; <\/strong>FO Cadres<br \/><strong>&#8211; <\/strong>Mediapart (En tant que membre de la Maison des Lanceurs d\u2019Alerte)<\/p>\n<p class=\"latino-600m text-green-500\">Cet article est une tribune, r\u00e9dig\u00e9e par un auteur ext\u00e9rieur<br \/>\n            au journal et dont le point de vue n\u2019engage pas la r\u00e9daction.<\/p>\n","protected":false},"excerpt":{"rendered":"Lire\u00a0plus\u00a0tard Google Actualit\u00e9s Partager Facebook Bluesky E-mail Copier le lien Envoyer S\u2019abonner Ce 15 septembre marque les 18&hellip;\n","protected":false},"author":2,"featured_media":392723,"comment_status":"","ping_status":"","sticky":false,"template":"","format":"standard","meta":{"footnotes":""},"categories":[4],"tags":[17,11,898,1011,27,52489,32557,12,1427,4741,25,31390],"class_list":{"0":"post-392722","1":"post","2":"type-post","3":"status-publish","4":"format-standard","5":"has-post-thumbnail","7":"category-france","8":"tag-17","9":"tag-actualites","10":"tag-alerte","11":"tag-fr","12":"tag-france","13":"tag-lanceurs","14":"tag-mieux","15":"tag-news","16":"tag-opinions","17":"tag-proteger","18":"tag-republique-francaise","19":"tag-tribunes"},"share_on_mastodon":{"url":"https:\/\/pubeurope.com\/@fr\/115208659037306809","error":""},"_links":{"self":[{"href":"https:\/\/www.europesays.com\/fr\/wp-json\/wp\/v2\/posts\/392722","targetHints":{"allow":["GET"]}}],"collection":[{"href":"https:\/\/www.europesays.com\/fr\/wp-json\/wp\/v2\/posts"}],"about":[{"href":"https:\/\/www.europesays.com\/fr\/wp-json\/wp\/v2\/types\/post"}],"author":[{"embeddable":true,"href":"https:\/\/www.europesays.com\/fr\/wp-json\/wp\/v2\/users\/2"}],"replies":[{"embeddable":true,"href":"https:\/\/www.europesays.com\/fr\/wp-json\/wp\/v2\/comments?post=392722"}],"version-history":[{"count":0,"href":"https:\/\/www.europesays.com\/fr\/wp-json\/wp\/v2\/posts\/392722\/revisions"}],"wp:featuredmedia":[{"embeddable":true,"href":"https:\/\/www.europesays.com\/fr\/wp-json\/wp\/v2\/media\/392723"}],"wp:attachment":[{"href":"https:\/\/www.europesays.com\/fr\/wp-json\/wp\/v2\/media?parent=392722"}],"wp:term":[{"taxonomy":"category","embeddable":true,"href":"https:\/\/www.europesays.com\/fr\/wp-json\/wp\/v2\/categories?post=392722"},{"taxonomy":"post_tag","embeddable":true,"href":"https:\/\/www.europesays.com\/fr\/wp-json\/wp\/v2\/tags?post=392722"}],"curies":[{"name":"wp","href":"https:\/\/api.w.org\/{rel}","templated":true}]}}