{"id":392728,"date":"2025-09-15T13:59:10","date_gmt":"2025-09-15T13:59:10","guid":{"rendered":"https:\/\/www.europesays.com\/fr\/392728\/"},"modified":"2025-09-15T13:59:10","modified_gmt":"2025-09-15T13:59:10","slug":"atp-hugo-gaston-tombeur-de-wawrinka-en-finale-sur-son-nouveau-coach-cest-pour-du-long-terme-on-sentend-tres-bien-cest-avant-tout-un-tres-bon-pote","status":"publish","type":"post","link":"https:\/\/www.europesays.com\/fr\/392728\/","title":{"rendered":"ATP > Hugo Gaston, tombeur de Wawrinka en finale, sur son nouveau coach : \u00ab\u00a0C\u2019est pour du long terme. On s\u2019entend tr\u00e8s bien, c\u2019est avant tout un tr\u00e8s bon pote\u00a0\u00bb"},"content":{"rendered":"<p>Hugo Gaston n\u2019aurait pas pu r\u00eaver meilleur d\u00e9part avec son nouveau coach, Tristan Lamasine\u00a0: une victoire au Challenger de Rennes en battant en finale Stanislas Wawrinka (6\u22124, 6\u20134).<\/p>\n<p>Dans des propos rapport\u00e9s par <a href=\"https:\/\/www.ouest-france.fr\/sport\/tennis\/open-de-rennes\/tennis-open-de-rennes-hugo-gaston-a-ressorti-sa-panoplie-de-magicien-5f9bbd30-9184-11f0-97e6-741179c952b9\" data-wpel-link=\"external\" target=\"_blank\" rel=\"nofollow external noopener\">Ouest\u2010France<\/a>, le Fran\u00e7ais de 24 ans s\u2019est exprim\u00e9 sur cette nouvelle colla\u00adbo\u00adra\u00adtion avec l\u2019ex-181e mondial, bient\u00f4t \u00e0 la retraite\u00a0:<\/p>\n<p><strong>\u00ab\u202fC\u2019est pour du long terme. On s\u2019entend tr\u00e8s bien, c\u2019est avant tout un tr\u00e8s bon pote\u00a0(ils \u00e9taient co\u00e9qui\u00adpiers occa\u00adsion\u00adnels en double en 2020 et 2021). J\u2019avais besoin d\u2019un renou\u00adveau, d\u2019une nouvelle dyna\u00admique. Il a montr\u00e9 de la dispo\u00adni\u00adbi\u00adlit\u00e9 et je suis tr\u00e8s content de gagner pour notre premi\u00e8re semaine ensemble.\u202f\u00bb<\/strong><\/p>\n<p class=\"post-published-date\" style=\"color: silver; font-size: 75%; text-align: left;\">Publi\u00e9 le lundi 15 septembre 2025 \u00e0 13:45<\/p>\n","protected":false},"excerpt":{"rendered":"Hugo Gaston n\u2019aurait pas pu r\u00eaver meilleur d\u00e9part avec son nouveau coach, Tristan Lamasine\u00a0: une victoire au Challenger&hellip;\n","protected":false},"author":2,"featured_media":346773,"comment_status":"","ping_status":"","sticky":false,"template":"","format":"standard","meta":{"footnotes":""},"categories":[1415],"tags":[1011,27,60,1754,1467],"class_list":{"0":"post-392728","1":"post","2":"type-post","3":"status-publish","4":"format-standard","5":"has-post-thumbnail","7":"category-tennis","8":"tag-fr","9":"tag-france","10":"tag-sports","11":"tag-stan-wawrinka","12":"tag-tennis"},"share_on_mastodon":{"url":"https:\/\/pubeurope.com\/@fr\/115208674525394544","error":""},"_links":{"self":[{"href":"https:\/\/www.europesays.com\/fr\/wp-json\/wp\/v2\/posts\/392728","targetHints":{"allow":["GET"]}}],"collection":[{"href":"https:\/\/www.europesays.com\/fr\/wp-json\/wp\/v2\/posts"}],"about":[{"href":"https:\/\/www.europesays.com\/fr\/wp-json\/wp\/v2\/types\/post"}],"author":[{"embeddable":true,"href":"https:\/\/www.europesays.com\/fr\/wp-json\/wp\/v2\/users\/2"}],"replies":[{"embeddable":true,"href":"https:\/\/www.europesays.com\/fr\/wp-json\/wp\/v2\/comments?post=392728"}],"version-history":[{"count":0,"href":"https:\/\/www.europesays.com\/fr\/wp-json\/wp\/v2\/posts\/392728\/revisions"}],"wp:featuredmedia":[{"embeddable":true,"href":"https:\/\/www.europesays.com\/fr\/wp-json\/wp\/v2\/media\/346773"}],"wp:attachment":[{"href":"https:\/\/www.europesays.com\/fr\/wp-json\/wp\/v2\/media?parent=392728"}],"wp:term":[{"taxonomy":"category","embeddable":true,"href":"https:\/\/www.europesays.com\/fr\/wp-json\/wp\/v2\/categories?post=392728"},{"taxonomy":"post_tag","embeddable":true,"href":"https:\/\/www.europesays.com\/fr\/wp-json\/wp\/v2\/tags?post=392728"}],"curies":[{"name":"wp","href":"https:\/\/api.w.org\/{rel}","templated":true}]}}