{"id":392729,"date":"2025-09-15T14:01:12","date_gmt":"2025-09-15T14:01:12","guid":{"rendered":"https:\/\/www.europesays.com\/fr\/392729\/"},"modified":"2025-09-15T14:01:12","modified_gmt":"2025-09-15T14:01:12","slug":"la-grosse-colere-de-jorge-martin-contre-le-reglement-lespagnol-semporte","status":"publish","type":"post","link":"https:\/\/www.europesays.com\/fr\/392729\/","title":{"rendered":"la grosse col\u00e8re de Jorge Mart\u00edn contre le r\u00e8glement, l&rsquo;Espagnol s&#8217;emporte"},"content":{"rendered":"<p>Jorge Mart\u00edn n&rsquo;a que peu go\u00fbt\u00e9 \u00e0 sa sanction lors du Grand Prix de Saint-Marin. Le champion du monde en titre de MotoGP, qui pourrait perdre son titre dans deux semaines au Japon au profit de Marc M\u00e1rquez, a v\u00e9cu une course tr\u00e8s difficile \u00e0 Misano. Alors qu&rsquo;il a pass\u00e9 la ligne d&rsquo;arriv\u00e9e avec pr\u00e8s de 30 secondes de retard sur Marc M\u00e1rquez et Marco Bezzecchi, les deux premiers de la course, l&rsquo;Espagnol a v\u00e9cu un enfer durant le Grand Prix. Et il s&rsquo;est emport\u00e9 contre la r\u00e9glementation.<\/p>\n<p>Jorge Mart\u00edn en col\u00e8re<\/p>\n<p>Alors que sa RS-GP n\u00b01 a rendu l&rsquo;\u00e2me avant le d\u00e9part de la course, Jorge Mart\u00edn a d\u00fb aller chercher une machine de secours. Mais au moment de prendre la piste avec sa nouvelle moto, la voie des stands \u00e9tait d\u00e9j\u00e0 ferm\u00e9e. Il a donc re\u00e7u une sanction de deux longs tours de p\u00e9nalit\u00e9 inflig\u00e9s d\u2019office. Et cela ne lui a pas plu puisque Mart\u00edn a d\u00e9clar\u00e9 aupr\u00e8s des m\u00e9dias apr\u00e8s la course : \u00ab\u00a0J\u2019ai d\u00fb faire deux longs tours, mais j\u2019ai pu prendre ma position de d\u00e9part. C\u2019est comme \u00e7a que \u00e7a se passe maintenant. Je pense qu\u2019il serait pr\u00e9f\u00e9rable de partir du fond du peloton, comme on le faisait avant. Si on fait deux longs tours, on perd la course.\u00a0\u00bb L&rsquo;Espagnol, dont la saison 2025 ne restera pas la meilleure de sa carri\u00e8re \u00e0 cause des blessures, \u00e9tait en col\u00e8re hier et l&rsquo;a bien fait comprendre.<\/p>\n<p>    Partagez cette info avec vos amis et vos proches en cliquant ici  <\/p>\n<p> Podcasts \u00e0 la une MEN LIFE <\/p>\n<p>    Pour r\u00e9sumer<\/p>\n<p>Jorge Mart\u00edn n&rsquo;a que peu go\u00fbt\u00e9 \u00e0 sa sanction lors du Grand Prix de Saint-Marin. Le champion du monde en titre de MotoGP, qui pourrait perdre son titre dans deux semaines au Japon au profit de Marc M\u00e1rquez, a v\u00e9cu une course tr\u00e8s difficile \u00e0 Misano.<\/p>\n<p>R\u00e9dacteur<\/p>\n<p><img decoding=\"async\" width=\"76\" height=\"76\" loading=\"lazy\" src=\"https:\/\/www.europesays.com\/fr\/wp-content\/uploads\/2025\/04\/logo-victor-willems.jpg\" alt=\"Victor Willems\"\/><\/p>\n","protected":false},"excerpt":{"rendered":"Jorge Mart\u00edn n&rsquo;a que peu go\u00fbt\u00e9 \u00e0 sa sanction lors du Grand Prix de Saint-Marin. Le champion du&hellip;\n","protected":false},"author":2,"featured_media":392730,"comment_status":"","ping_status":"","sticky":false,"template":"","format":"standard","meta":{"footnotes":""},"categories":[1413],"tags":[1011,27,1457,1456,60],"class_list":{"0":"post-392729","1":"post","2":"type-post","3":"status-publish","4":"format-standard","5":"has-post-thumbnail","7":"category-moto","8":"tag-fr","9":"tag-france","10":"tag-moto","11":"tag-motocycle","12":"tag-sports"},"share_on_mastodon":{"url":"https:\/\/pubeurope.com\/@fr\/115208682993613547","error":""},"_links":{"self":[{"href":"https:\/\/www.europesays.com\/fr\/wp-json\/wp\/v2\/posts\/392729","targetHints":{"allow":["GET"]}}],"collection":[{"href":"https:\/\/www.europesays.com\/fr\/wp-json\/wp\/v2\/posts"}],"about":[{"href":"https:\/\/www.europesays.com\/fr\/wp-json\/wp\/v2\/types\/post"}],"author":[{"embeddable":true,"href":"https:\/\/www.europesays.com\/fr\/wp-json\/wp\/v2\/users\/2"}],"replies":[{"embeddable":true,"href":"https:\/\/www.europesays.com\/fr\/wp-json\/wp\/v2\/comments?post=392729"}],"version-history":[{"count":0,"href":"https:\/\/www.europesays.com\/fr\/wp-json\/wp\/v2\/posts\/392729\/revisions"}],"wp:featuredmedia":[{"embeddable":true,"href":"https:\/\/www.europesays.com\/fr\/wp-json\/wp\/v2\/media\/392730"}],"wp:attachment":[{"href":"https:\/\/www.europesays.com\/fr\/wp-json\/wp\/v2\/media?parent=392729"}],"wp:term":[{"taxonomy":"category","embeddable":true,"href":"https:\/\/www.europesays.com\/fr\/wp-json\/wp\/v2\/categories?post=392729"},{"taxonomy":"post_tag","embeddable":true,"href":"https:\/\/www.europesays.com\/fr\/wp-json\/wp\/v2\/tags?post=392729"}],"curies":[{"name":"wp","href":"https:\/\/api.w.org\/{rel}","templated":true}]}}