{"id":392731,"date":"2025-09-15T14:02:11","date_gmt":"2025-09-15T14:02:11","guid":{"rendered":"https:\/\/www.europesays.com\/fr\/392731\/"},"modified":"2025-09-15T14:02:11","modified_gmt":"2025-09-15T14:02:11","slug":"pas-au-niveau-de-ferrari-ou-mercedes-red-bull-moins-fort-avec-isack-hadjar-en-2026","status":"publish","type":"post","link":"https:\/\/www.europesays.com\/fr\/392731\/","title":{"rendered":"\u201cPas au niveau de Ferrari ou Mercedes\u201d, Red Bull moins fort avec Isack Hadjar en 2026 ?"},"content":{"rendered":"<p><strong>Bien plac\u00e9 pour rejoindre Red Bull lors de la saison 2026 de Formule 1, le Fran\u00e7ais Isack Hadjar pourrait int\u00e9grer une \u00e9quipe loin d&rsquo;\u00eatre comp\u00e9titive, selon le propre aveu de son directeur et compatriote, Laurent Mekies. <\/strong><\/p>\n<p>On l&rsquo;a dit et r\u00e9p\u00e9t\u00e9, Isack Hadjar, auteur d&rsquo;une premi\u00e8re saison plus que prometteuse en <a href=\"https:\/\/wesportfr.com\/auto-moto\/formule1\/\" target=\"_blank\" rel=\"noopener\">Formule 1<\/a>, ne devrait pas rester au volant de sa Racing Bulls bien longtemps. Ainsi, le pilote fran\u00e7ais de 20 ans seulement est largement \u00e9voqu\u00e9 pour accompagner le quadruple champion du monde sortant, Max Verstappen. <a href=\"https:\/\/wesportfr.com\/f1-il-est-pret-pour-red-bull-isack-hadjar-a-un-soutien-de-taille\/\" target=\"_blank\" rel=\"noopener\">Pour son actuel co\u00e9quipier Liam Lawson, cela ne fait plus l&rsquo;ombre d&rsquo;un doute<\/a>. <\/p>\n<p>Mais Red Bull veut prendre son temps pour analyser, au mieux, toutes les options qui s&rsquo;offrent \u00e0 elles. L&rsquo;une d&rsquo;elles consiste \u00e0 maintenir la confiance \u00e0 Yuki Tsunoda, actuellement en place, mais clairement en manque de r\u00e9sultats. <a href=\"https:\/\/wesportfr.com\/f1-liam-lawson-prefere-a-isack-hadjar-chez-red-bull-la-folle-theorie\/\" target=\"_blank\" rel=\"noopener\">Une autre th\u00e9orie consiste \u00e0 faire revenir Lawson<\/a>, dans un tout autre contexte, avec Laurent Mekies \u00e0 la barre, et non plus l&rsquo;illustre Christian Horner \u00e0 la barre. Pu importe le choix final, c&rsquo;est surtout la question du niveau de Red Bull en 2026 qui fait d\u00e9bat. <\/p>\n<blockquote class=\"twitter-tweet\" data-width=\"500\" data-dnt=\"true\">\n<p lang=\"es\" dir=\"ltr\">\ud83e\udd37\u200d\u2642\ufe0f Mekies: \u00ab\u00a0Ser\u00eda una tonter\u00eda pensar que estaremos al nivel de Ferrari o Mercedes\u00a0\u00bb<\/p>\n<p>\ud83d\udede El jefe de Red Bull admite el reto que tienen en 2026, cuando utilizar\u00e1n sus propios motores, y que no ser\u00e1n, al menos desde el principio, los m\u00e1s competitivos<a href=\"https:\/\/twitter.com\/hashtag\/F1?src=hash&amp;ref_src=twsrc%5Etfw\" target=\"_blank\" rel=\"noopener\">#F1<\/a><a href=\"https:\/\/t.co\/kqkA1Boahq\">https:\/\/t.co\/kqkA1Boahq<\/a><\/p>\n<p>\u2014 AS Motor (@AS_Motor) <a href=\"https:\/\/twitter.com\/AS_Motor\/status\/1967560126220685361?ref_src=twsrc%5Etfw\" target=\"_blank\" rel=\"noopener\">September 15, 2025<\/a><\/p><\/blockquote>\n<p>Red Bull pr\u00f4ne la patience, Isack Hadjar sait \u00e0 quoi s&rsquo;en tenir<\/p>\n<p>La saison prochaine, <a href=\"https:\/\/wesportfr.com\/f1-honda-claque-la-porte-a-red-bull-verstappen-sur-le-depart\/\" target=\"_blank\" rel=\"noopener\">Honda ne fournira plus de moteurs \u00e0 Red Bull<\/a>. La firme autrichienne a pris la d\u00e9cision de les construire elle-m\u00eame. Un choix os\u00e9, alors qu&rsquo;il faudra s\u00fbrement un certain temps pour rivaliser avec les meilleurs. Dans des propos accord\u00e9s au site officiel de la Formule 1, et relay\u00e9s par AS, Laurent Mekies, le nouveau patron de chez Red Bull, a d&rsquo;ailleurs confirm\u00e9 qu&rsquo;il ne faudrait pas avoir des attentes trop \u00e9lev\u00e9es, du moins durant les premiers temps de la saison. <\/p>\n<blockquote class=\"wp-block-quote is-layout-flow wp-block-quote-is-layout-flow\">\n<p>\u201cCes gars fabriquent\u00a0leurs moteurs depuis 90\u00a0ans,\u00a0il serait donc insens\u00e9 de notre part de penser que nous allons arriver ici et, d\u00e8s le d\u00e9part, \u00eatre au niveau de Ferrari ou de Mercedes. Ce serait insens\u00e9. L&rsquo;\u00e9quipe est configur\u00e9e \u00e0 la mani\u00e8re de Red Bull, au plus haut niveau possible. Nous avan\u00e7ons \u00e9tape par \u00e9tape,\u00a0<br \/>en\u00a0essayant d&rsquo;acc\u00e9l\u00e9rer le rythme, tant au niveau du groupe motopropulseur que de la structure qui l&rsquo;entoure, comme le personnel ou les infrastructures.\u201c<\/p>\n<\/blockquote>\n<p>En d&rsquo;autres termes, pour Max Verstappen comme pour <a href=\"https:\/\/wesportfr.com\/f1-racing-bulls-resigne-isack-hadjar-voit-grand-pour-2026\/\" target=\"_blank\" rel=\"noopener\">son futur co\u00e9quipier, qui pourrait bien \u00eatre Isack Hadjar<\/a>, les premiers Grands Prix pourraient ressembler \u00e0 un v\u00e9ritable chemin de croix. Mais Red Bull sait d&rsquo;o\u00f9 il vient, et aura de se servir de cette page blanche pour \u00e9crire une nouvelle belle histoire. Ne dit-on pas que tout vient \u00e0 point \u00e0 qui sait attendre ? <\/p>\n<p>                    <script async src=\"https:\/\/platform.twitter.com\/widgets.js\" charset=\"utf-8\"><\/script><\/p>\n","protected":false},"excerpt":{"rendered":"Bien plac\u00e9 pour rejoindre Red Bull lors de la saison 2026 de Formule 1, le Fran\u00e7ais Isack Hadjar&hellip;\n","protected":false},"author":2,"featured_media":392732,"comment_status":"","ping_status":"","sticky":false,"template":"","format":"standard","meta":{"footnotes":""},"categories":[1412],"tags":[1451,1452,1453,1454,1455,1011,27,60],"class_list":{"0":"post-392731","1":"post","2":"type-post","3":"status-publish","4":"format-standard","5":"has-post-thumbnail","7":"category-f1","8":"tag-f1","9":"tag-formula-1","10":"tag-formula1","11":"tag-formule-1","12":"tag-formule1","13":"tag-fr","14":"tag-france","15":"tag-sports"},"share_on_mastodon":{"url":"https:\/\/pubeurope.com\/@fr\/115208686391265298","error":""},"_links":{"self":[{"href":"https:\/\/www.europesays.com\/fr\/wp-json\/wp\/v2\/posts\/392731","targetHints":{"allow":["GET"]}}],"collection":[{"href":"https:\/\/www.europesays.com\/fr\/wp-json\/wp\/v2\/posts"}],"about":[{"href":"https:\/\/www.europesays.com\/fr\/wp-json\/wp\/v2\/types\/post"}],"author":[{"embeddable":true,"href":"https:\/\/www.europesays.com\/fr\/wp-json\/wp\/v2\/users\/2"}],"replies":[{"embeddable":true,"href":"https:\/\/www.europesays.com\/fr\/wp-json\/wp\/v2\/comments?post=392731"}],"version-history":[{"count":0,"href":"https:\/\/www.europesays.com\/fr\/wp-json\/wp\/v2\/posts\/392731\/revisions"}],"wp:featuredmedia":[{"embeddable":true,"href":"https:\/\/www.europesays.com\/fr\/wp-json\/wp\/v2\/media\/392732"}],"wp:attachment":[{"href":"https:\/\/www.europesays.com\/fr\/wp-json\/wp\/v2\/media?parent=392731"}],"wp:term":[{"taxonomy":"category","embeddable":true,"href":"https:\/\/www.europesays.com\/fr\/wp-json\/wp\/v2\/categories?post=392731"},{"taxonomy":"post_tag","embeddable":true,"href":"https:\/\/www.europesays.com\/fr\/wp-json\/wp\/v2\/tags?post=392731"}],"curies":[{"name":"wp","href":"https:\/\/api.w.org\/{rel}","templated":true}]}}