{"id":392737,"date":"2025-09-15T14:05:14","date_gmt":"2025-09-15T14:05:14","guid":{"rendered":"https:\/\/www.europesays.com\/fr\/392737\/"},"modified":"2025-09-15T14:05:14","modified_gmt":"2025-09-15T14:05:14","slug":"ca-ne-maffecte-pas-omar-sy-reagit-pour-la-premiere-fois-a-la-polemique-sncf","status":"publish","type":"post","link":"https:\/\/www.europesays.com\/fr\/392737\/","title":{"rendered":"\u00ab\u00a0\u00c7a ne m&rsquo;affecte pas\u00a0\u00bb\u00a0: Omar Sy r\u00e9agit pour la premi\u00e8re fois \u00e0 la pol\u00e9mique SNCF"},"content":{"rendered":"<p class=\"text-left ap-StoryElement ap-StoryElement--mb ap-StoryText\">En juillet 2025, soit deux mois plus tard, le magazine d&rsquo;extr\u00eame droite Valeurs Actuelles avance que l&rsquo;acteur fran\u00e7ais, qui s&rsquo;appr\u00eatait \u00e0 prendre un train vers Marseille, aurait \u00e0 nouveau eu un accrochage avec le personnel de la SNCF pour les m\u00eames raisons, \u00e0 savoir le refus de museler son chien. Une information rapidement d\u00e9mentie par la SNCF sur les r\u00e9seaux sociaux. \u00ab\u00a0Contrairement \u00e0 ce qui est indiqu\u00e9 dans des articles de presse et que nous souhaitons d\u00e9mentir, M. Omar Sy a bien voyag\u00e9 dans un TGV hier avec son chien musel\u00e9. Il n&rsquo;a en aucun cas refus\u00e9 que son chien porte une museli\u00e8re \u00e0 bord, peut-on lire sur X. Les \u00e9changes avec nos agents \u00e0 bord ont \u00e9t\u00e9 normaux et il n&rsquo;y a pas eu d&rsquo;intervention de la police. Nous regrettons le d\u00e9ferlement m\u00e9diatique pris par cette affaire et les commentaires tr\u00e8s \u00e9loign\u00e9s de la r\u00e9alit\u00e9. Nous sommes ravis d&rsquo;accueillir Omar Sy \u00e0 bord de nos trains comme des milliers de clients qui voyagent avec leurs animaux de compagnie. Nous sommes attach\u00e9s et veillerons \u00e0 ce que nos clients soient tous accueillis et trait\u00e9s avec \u00e9quit\u00e9 et dans le respect de tous.\u00a0\u00bb Le d\u00e9menti a directement \u00e9t\u00e9 repartag\u00e9 par la star de cin\u00e9ma.<\/p>\n<p><a href=\"https:\/\/www.dhnet.be\/lifestyle\/people\/2025\/05\/22\/omar-sy-accuse-de-menaces-de-mort-daltercation-et-dinsultes-la-star-de-cinema-visee-par-une-plainte-de-la-sncf-pour-outrage-a-agents-2QOMOMLTJJAKFLDIVLTB5X7XNQ\/\" target=\"_blank\" rel=\"noopener noreferrer\" class=\"ap-StoryInterstitialLink ap-StoryElement ap-StoryElement--mb\">Omar Sy accus\u00e9 de menaces de mort, d&rsquo;altercation et d&rsquo;insultes : la star de cin\u00e9ma vis\u00e9e par une plainte de la SNCF pour outrage \u00e0 agents<\/a>\u00ab\u00a0La v\u00e9rit\u00e9 finit toujours par sortir\u00a0\u00bb<\/p>\n<p class=\"text-left ap-StoryElement ap-StoryElement--mb ap-StoryText\">Interrog\u00e9 par le magazine Sept \u00e0 huit, diffus\u00e9 ce dimanche 14 septembre sur TF1, Omar Sy revient sur la pol\u00e9mique. \u00ab\u00a0\u00c0 ce moment-l\u00e0, ils racontent cette histoire qui est compl\u00e8tement fausse. Ce truc-l\u00e0 s&rsquo;envole un petit peu mais c&rsquo;est toujours un petit peu pareil d\u00e8s que mon nom est quelque part, \u00e7a s&rsquo;envole assez vite. Et comme l&rsquo;\u00e9poque d&rsquo;aujourd&rsquo;hui, \u00e7a s&rsquo;envole tr\u00e8s vite et \u00e7a retombe aussi vite\u00a0\u00bb, d\u00e9clare-t-il avant d&rsquo;ajouter au sujet de cette \u00ab\u00a0fake news\u00a0\u00bb : \u00ab\u00a0Moi, \u00e7a ne m&rsquo;affecte pas personnellement. \u00c7a n&rsquo;a pas d&rsquo;incidence sur ma vie. Et ces gens qui sont crisp\u00e9s, finalement, c&rsquo;est eux qui ont un probl\u00e8me. Moi, ma vie va bien. Et, je pense que c&rsquo;est aussi \u00e7a leur probl\u00e8me.\u00a0\u00bb<\/p>\n<p class=\"text-left ap-StoryElement ap-StoryElement--mb ap-StoryText\">Selon lui, \u00ab\u00a0la v\u00e9rit\u00e9 finit toujours par sortir\u00a0\u00bb : \u00ab\u00a0Comme on dit, \u00ab\u00a0le mensonge prend l&rsquo;ascenseur, la v\u00e9rit\u00e9 prend l&rsquo;escalier\u00a0\u00bb. \u00c7a prend un peu plus de temps mais, \u00e0 un moment donn\u00e9, \u00e7a sort.\u00a0\u00bb<\/p>\n<p class=\"text-left ap-StoryElement ap-StoryElement--mb ap-StoryText\">Il poursuit : \u00ab\u00a0Je pense qu&rsquo;en France, on est dans un climat un peu tendu et que ces crispations, elles sont de plus en plus nombreuses, mais je dirais surtout de plus en plus fortes. Et, on les voit maintenant dans une certaine presse.\u00a0\u00bb<\/p>\n<p class=\"text-left ap-StoryElement ap-StoryElement--mb ap-StoryText\">La star d&rsquo;Intouchables conclut par ces mots : \u00ab\u00a0\u00c7a leur (Valeurs actuelles, NdlR.) plaisait tellement de raconter \u00e7a de moi qu&rsquo;ils y sont all\u00e9s \u00e0 fond en essayant de tacher ma chemise mais, messieurs dames, elle est toujours aussi blanche ! (il montre sa chemise blanche, NdlR.)\u00a0\u00bb<\/p>\n","protected":false},"excerpt":{"rendered":"En juillet 2025, soit deux mois plus tard, le magazine d&rsquo;extr\u00eame droite Valeurs Actuelles avance que l&rsquo;acteur fran\u00e7ais,&hellip;\n","protected":false},"author":2,"featured_media":392738,"comment_status":"","ping_status":"","sticky":false,"template":"","format":"standard","meta":{"footnotes":""},"categories":[1359],"tags":[650,58,59,1011,27,18580,973,1062,2215],"class_list":{"0":"post-392737","1":"post","2":"type-post","3":"status-publish","4":"format-standard","5":"has-post-thumbnail","7":"category-people","8":"tag-cinema","9":"tag-divertissement","10":"tag-entertainment","11":"tag-fr","12":"tag-france","13":"tag-omar-sy","14":"tag-people","15":"tag-polemique","16":"tag-sncf"},"share_on_mastodon":{"url":"https:\/\/pubeurope.com\/@fr\/115208698507929124","error":""},"_links":{"self":[{"href":"https:\/\/www.europesays.com\/fr\/wp-json\/wp\/v2\/posts\/392737","targetHints":{"allow":["GET"]}}],"collection":[{"href":"https:\/\/www.europesays.com\/fr\/wp-json\/wp\/v2\/posts"}],"about":[{"href":"https:\/\/www.europesays.com\/fr\/wp-json\/wp\/v2\/types\/post"}],"author":[{"embeddable":true,"href":"https:\/\/www.europesays.com\/fr\/wp-json\/wp\/v2\/users\/2"}],"replies":[{"embeddable":true,"href":"https:\/\/www.europesays.com\/fr\/wp-json\/wp\/v2\/comments?post=392737"}],"version-history":[{"count":0,"href":"https:\/\/www.europesays.com\/fr\/wp-json\/wp\/v2\/posts\/392737\/revisions"}],"wp:featuredmedia":[{"embeddable":true,"href":"https:\/\/www.europesays.com\/fr\/wp-json\/wp\/v2\/media\/392738"}],"wp:attachment":[{"href":"https:\/\/www.europesays.com\/fr\/wp-json\/wp\/v2\/media?parent=392737"}],"wp:term":[{"taxonomy":"category","embeddable":true,"href":"https:\/\/www.europesays.com\/fr\/wp-json\/wp\/v2\/categories?post=392737"},{"taxonomy":"post_tag","embeddable":true,"href":"https:\/\/www.europesays.com\/fr\/wp-json\/wp\/v2\/tags?post=392737"}],"curies":[{"name":"wp","href":"https:\/\/api.w.org\/{rel}","templated":true}]}}