{"id":392739,"date":"2025-09-15T14:06:22","date_gmt":"2025-09-15T14:06:22","guid":{"rendered":"https:\/\/www.europesays.com\/fr\/392739\/"},"modified":"2025-09-15T14:06:22","modified_gmt":"2025-09-15T14:06:22","slug":"la-cuisine-a-ete-amenagee-dans-un-ancien-couloir-dans-son-appartement-parisien-a-la-cuisine-100-noire","status":"publish","type":"post","link":"https:\/\/www.europesays.com\/fr\/392739\/","title":{"rendered":"\u00ab\u00a0La cuisine a \u00e9t\u00e9 am\u00e9nag\u00e9e dans un ancien couloir\u00a0\u00bb, dans son appartement parisien \u00e0 la cuisine 100 % noire"},"content":{"rendered":"<p class=\"mb-4 text-lg md:leading-8 break-words\">St\u00e9phane Bern r\u00e9side dans le 9e arrondissement de Paris, et le moins que l&rsquo;on puisse dire, c&rsquo;est qu&rsquo;il est parvenu \u00e0 cr\u00e9er un espace \u00e0 son image. Gr\u00e2ce \u00e0 un article de C\u00f4t\u00e9 Maison, nous avons pu en apprendre davantage sur la d\u00e9coration choisie par l&rsquo;animateur, refl\u00e9tant sa personnalit\u00e9.<\/p>\n<p>Dans l&rsquo;appartement de St\u00e9phane Bern, chaque objet raconte une histoire<\/p>\n<p class=\"mb-4 text-lg md:leading-8 break-words\">D\u00e8s qu&rsquo;on entre dans l&rsquo;appartement de St\u00e9phane Bern, ce qui saute aux yeux, <strong>ce sont les piles de livres<\/strong> et les petits drapeaux qui se trouvent dans le bureau. \u00ab\u00a0On ne sait plus o\u00f9 marcher. Mes livres me rassurent\u00a0\u00bb, confie-t-il. Ce bureau-biblioth\u00e8que, d\u00e9cor\u00e9 de bleu turquoise, m\u00e9lange <a href=\"https:\/\/www.lejournaldelamaison.fr\/le-journal-de-la-maison\/actus-deco\/murs-boiseries-rechauffez-interieur-cet-hiver-298117.html\" rel=\"nofollow noopener\" target=\"_blank\" data-ylk=\"slk:des boiseries anciennes;elm:context_link;itc:0;sec:content-canvas\" class=\"link \">des boiseries anciennes<\/a> et <strong>du mobilier plus moderne<\/strong>.<\/p>\n<p class=\"mb-4 text-lg md:leading-8 break-words\">Le reste de l&rsquo;appartement ressemble \u00e0 cette pi\u00e8ce : <a href=\"https:\/\/www.lejournaldelamaison.fr\/le-journal-de-la-maison\/selection-decoration\/meubles-le-journal-de-la-maison\/meubles-anciens-vous-devez-toujours-chiner-brocante-leur-valeur-grimpe-annee-annee-519832.html\" rel=\"nofollow noopener\" target=\"_blank\" data-ylk=\"slk:les meubles anciens;elm:context_link;itc:0;sec:content-canvas\" class=\"link \">les meubles anciens<\/a> <strong>c\u00f4toient des cr\u00e9ations contemporaines<\/strong>, comme des appliques de Van der Straeten ou une table basse-signature d&rsquo;Ado Chale. Sur les murs, on trouve des tableaux acquis par St\u00e9phane Bern lors de ses voyages en Asie. <strong>Des tapis aux motifs g\u00e9om\u00e9triques<\/strong> fabriqu\u00e9s au Maroc habillent le sol. Une d\u00e9coration charg\u00e9e donc, mais que l&rsquo;animateur assure avoir all\u00e9g\u00e9e au fil du temps.<\/p>\n<p>La cuisine surprenante de St\u00e9phane Bern<\/p>\n<p class=\"mb-4 text-lg md:leading-8 break-words\">La cuisine n&rsquo;est pas toujours l&rsquo;endroit le plus int\u00e9ressant d&rsquo;un int\u00e9rieur, et pourtant, chez St\u00e9phane Bern, <strong>elle est tout \u00e0 fait atypique<\/strong>. \u00ab\u00a0La cuisine a \u00e9t\u00e9 am\u00e9nag\u00e9e dans un ancien couloir avec ing\u00e9niosit\u00e9 par Cyril Vergniol\u00a0\u00bb, explique d&rsquo;ailleurs l&rsquo;animateur \u00e0 son propos&#8230;.<a href=\"https:\/\/www.lejournaldelamaison.fr\/le-journal-de-la-maison\/reportages-maisons\/appartements\/stephane-bern-cuisine-amenagee-dans-ancien-couloir-dans-appartement-parisien-cuisine-noire-521318.html\" rel=\"nofollow noopener\" target=\"_blank\" data-ylk=\"slk:Lire la suite sur Le Journal de la Maison;elm:context_link;itc:0;sec:content-canvas\" class=\"link \">Lire la suite sur Le Journal de la Maison<\/a><\/p>\n","protected":false},"excerpt":{"rendered":"St\u00e9phane Bern r\u00e9side dans le 9e arrondissement de Paris, et le moins que l&rsquo;on puisse dire, c&rsquo;est qu&rsquo;il&hellip;\n","protected":false},"author":2,"featured_media":392740,"comment_status":"","ping_status":"","sticky":false,"template":"","format":"standard","meta":{"footnotes":""},"categories":[1358],"tags":[52490,1348,1384,1385,52492,1386,58,59,1011,27,52491,18875,52493],"class_list":{"0":"post-392739","1":"post","2":"type-post","3":"status-publish","4":"format-standard","5":"has-post-thumbnail","7":"category-arts-et-design","8":"tag-9e-arrondissement-de-paris","9":"tag-arts","10":"tag-arts-and-design","11":"tag-arts-et-design","12":"tag-de-van-der-straeten","13":"tag-design","14":"tag-divertissement","15":"tag-entertainment","16":"tag-fr","17":"tag-france","18":"tag-lappartement","19":"tag-stephane-bern","20":"tag-voyages-en-asie"},"share_on_mastodon":{"url":"https:\/\/pubeurope.com\/@fr\/115208702101004655","error":""},"_links":{"self":[{"href":"https:\/\/www.europesays.com\/fr\/wp-json\/wp\/v2\/posts\/392739","targetHints":{"allow":["GET"]}}],"collection":[{"href":"https:\/\/www.europesays.com\/fr\/wp-json\/wp\/v2\/posts"}],"about":[{"href":"https:\/\/www.europesays.com\/fr\/wp-json\/wp\/v2\/types\/post"}],"author":[{"embeddable":true,"href":"https:\/\/www.europesays.com\/fr\/wp-json\/wp\/v2\/users\/2"}],"replies":[{"embeddable":true,"href":"https:\/\/www.europesays.com\/fr\/wp-json\/wp\/v2\/comments?post=392739"}],"version-history":[{"count":0,"href":"https:\/\/www.europesays.com\/fr\/wp-json\/wp\/v2\/posts\/392739\/revisions"}],"wp:featuredmedia":[{"embeddable":true,"href":"https:\/\/www.europesays.com\/fr\/wp-json\/wp\/v2\/media\/392740"}],"wp:attachment":[{"href":"https:\/\/www.europesays.com\/fr\/wp-json\/wp\/v2\/media?parent=392739"}],"wp:term":[{"taxonomy":"category","embeddable":true,"href":"https:\/\/www.europesays.com\/fr\/wp-json\/wp\/v2\/categories?post=392739"},{"taxonomy":"post_tag","embeddable":true,"href":"https:\/\/www.europesays.com\/fr\/wp-json\/wp\/v2\/tags?post=392739"}],"curies":[{"name":"wp","href":"https:\/\/api.w.org\/{rel}","templated":true}]}}