{"id":392749,"date":"2025-09-15T14:11:11","date_gmt":"2025-09-15T14:11:11","guid":{"rendered":"https:\/\/www.europesays.com\/fr\/392749\/"},"modified":"2025-09-15T14:11:11","modified_gmt":"2025-09-15T14:11:11","slug":"a-25-ans-elle-se-confie-sur-son-cancer-du-colon-et-sur-le-signe-qui-aurait-du-lalerter-plus-tot-le-premier-symptome-etait","status":"publish","type":"post","link":"https:\/\/www.europesays.com\/fr\/392749\/","title":{"rendered":"A 25 ans, elle se confie sur son cancer du c\u00f4lon et sur le signe qui aurait d\u00fb l&rsquo;alerter plus t\u00f4t : \u00ab\u00a0Le premier sympt\u00f4me \u00e9tait&#8230;\u00a0\u00bb"},"content":{"rendered":"<p class=\"mb-4 text-lg md:leading-8 break-words\">Le cancer colorectal est le troisi\u00e8me cancer le plus fr\u00e9quent chez l\u2019homme et le deuxi\u00e8me chez la femme. Il touche chaque ann\u00e9e plus de 47 000 personnes en France, dont environ 26 000 hommes et 21 000 femmes. Selon les chiffres de l\u2019Institut national du cancer (INCa), il est responsable de plus de 17 000 d\u00e9c\u00e8s par an. Ellie Wilcock, une britannique de 25 ans atteinte d&rsquo;une forme avanc\u00e9e de la maladie, a partag\u00e9 une vid\u00e9o sur les r\u00e9seaux sociaux en d\u00e9taillant les quatre sympt\u00f4mes qui ont conduit \u00e0 son diagnostic, et qu&rsquo;elle aurait aim\u00e9 d\u00e9tecter plus t\u00f4t.<\/p>\n<p><strong>La douleur<\/strong><\/p>\n<p class=\"mb-4 text-lg md:leading-8 break-words\">\u00ab Le premier sympt\u00f4me \u00e9tait une douleur dans le c\u00f4t\u00e9 gauche de mon ventre et de mon bassin \u00bb, a-t-elle d\u00e9clar\u00e9. \u00ab J&rsquo;ai longtemps pens\u00e9 qu&rsquo;il s&rsquo;agissait d&rsquo;une infection urinaire et qu&rsquo;elle aurait pu atteindre mes reins, car elle est plut\u00f4t unilat\u00e9rale et qu&rsquo;elle allait de l&rsquo;avant vers l&rsquo;arri\u00e8re. Mais tous mes marqueurs d&rsquo;infection \u00e9taient au plus bas, c&rsquo;est pourquoi j&rsquo;ai fait d&rsquo;autres tests. \u00bb La survenue de douleurs abdominales ainsi que la pr\u00e9sence d\u2019une masse \u00e0 la palpation de l\u2019abdomen font partie des sympt\u00f4mes r\u00e9pertori\u00e9s par l\u2019INCa. En cas de doute, c&rsquo;est toujours une bonne id\u00e9e de se faire examiner.<\/p>\n<p><strong>La fatigue<\/strong><\/p>\n<p class=\"mb-4 text-lg md:leading-8 break-words\">\u00ab Le deuxi\u00e8me sympt\u00f4me \u00e9tait la fatigue \u00bb, poursuit la jeune femme. \u00ab En temps normal, je me levais, j&rsquo;allais travailler, je rentrais \u00e0 la maison, puis j&rsquo;allais peut-\u00eatre \u00e0 la salle de sport, je pr\u00e9parais le d\u00eener ou je voyais un ami. Mais je (&#8230;)<a href=\"https:\/\/www.topsante.com\/medecine\/cancers\/cancer_colorectal\/a-25-ans-elle-se-confie-sur-son-cancer-du-colon-et-sur-le-qui-aurait-du-lalerter-plus-tot-le-premier-symptome-etait-900130?utm_campaign=partenariat&amp;utm_source=yahoo-articles&amp;utm_medium=flux\" rel=\"nofollow noopener\" target=\"_blank\" data-ylk=\"slk:Lire la suite sur Top Sant\u00e9;elm:context_link;itc:0;sec:content-canvas\" class=\"link \">Lire la suite sur Top Sant\u00e9<\/a><a href=\"https:\/\/www.topsante.com\/forme_bien_etre\/besoin-devasion-cette-croisiere-memorable-assure-depaysement-et-serenite-925193?utm_campaign=partenariat&amp;utm_source=yahoo-articles&amp;utm_medium=flux\" rel=\"nofollow noopener\" target=\"_blank\" data-ylk=\"slk:Besoin d\u2019\u00e9vasion ? Cette croisi\u00e8re m\u00e9morable assure d\u00e9paysement et s\u00e9r\u00e9nit\u00e9;elm:context_link;itc:0;sec:content-canvas\" class=\"link \">Besoin d\u2019\u00e9vasion ? Cette croisi\u00e8re m\u00e9morable assure d\u00e9paysement et s\u00e9r\u00e9nit\u00e9<\/a><br \/><a href=\"https:\/\/www.topsante.com\/medecine\/environnement_et_sante\/il-y-4-marques-deau-en-bouteille-sans-risque-selon-60-millions-de-consommateurs-896671?utm_campaign=partenariat&amp;utm_source=yahoo-articles&amp;utm_medium=flux\" rel=\"nofollow noopener\" target=\"_blank\" data-ylk=\"slk:Il y a 4 marques d&#039;eau en bouteille sans risque selon 60 Millions de consommateurs : il s&#039;agit des marques ...;elm:context_link;itc:0;sec:content-canvas\" class=\"link \">Il y a 4 marques d&rsquo;eau en bouteille sans risque selon 60 Millions de consommateurs : il s&rsquo;agit des marques &#8230;<\/a><br \/><a href=\"https:\/\/www.topsante.com\/medecine\/votre_sante_vous\/docteur-arlette-oueiss-lexcellence-orthodontique-entre-innovation-et-bienveillance-925666?utm_campaign=partenariat&amp;utm_source=yahoo-articles&amp;utm_medium=flux\" rel=\"nofollow noopener\" target=\"_blank\" data-ylk=\"slk:Docteur Arlette Oueiss, l\u2019excellence orthodontique entre innovation et bienveillance;elm:context_link;itc:0;sec:content-canvas\" class=\"link \">Docteur Arlette Oueiss, l\u2019excellence orthodontique entre innovation et bienveillance<\/a><br \/><a href=\"https:\/\/www.topsante.com\/medecine\/votre_sante_vous\/bien-choisir-son-eau-minerale-selon-ses-besoins-926863?utm_campaign=partenariat&amp;utm_source=yahoo-articles&amp;utm_medium=flux\" rel=\"nofollow noopener\" target=\"_blank\" data-ylk=\"slk:Bien choisir son eau min\u00e9rale selon ses besoins;elm:context_link;itc:0;sec:content-canvas\" class=\"link \">Bien choisir son eau min\u00e9rale selon ses besoins<\/a><br \/><a href=\"https:\/\/www.topsante.com\/nutrition_et_recettes\/bien_choisir_ses_aliments\/ces-2-aliments-sont-tres-bons-pour-le-coeur-mais-sont-interdits-a-la-famille-royale-voici-pourquoi-899413?utm_campaign=partenariat&amp;utm_source=yahoo-articles&amp;utm_medium=flux\" rel=\"nofollow noopener\" target=\"_blank\" data-ylk=\"slk:Ces 2 aliments sont tr\u00e8s bons pour le c\u0153ur, mais ils sont interdits \u00e0 la famille royale, voici pourquoi;elm:context_link;itc:0;sec:content-canvas\" class=\"link \">Ces 2 aliments sont tr\u00e8s bons pour le c\u0153ur, mais ils sont interdits \u00e0 la famille royale, voici pourquoi<\/a><\/p>\n","protected":false},"excerpt":{"rendered":"Le cancer colorectal est le troisi\u00e8me cancer le plus fr\u00e9quent chez l\u2019homme et le deuxi\u00e8me chez la femme.&hellip;\n","protected":false},"author":2,"featured_media":392750,"comment_status":"","ping_status":"","sticky":false,"template":"","format":"standard","meta":{"footnotes":""},"categories":[10],"tags":[101,14845,52495,1011,27,72,71,52496],"class_list":{"0":"post-392749","1":"post","2":"type-post","3":"status-publish","4":"format-standard","5":"has-post-thumbnail","7":"category-sante","8":"tag-cancer","9":"tag-cancer-colorectal","10":"tag-ellie-wilcock","11":"tag-fr","12":"tag-france","13":"tag-health","14":"tag-sante","15":"tag-une-bonne-idee"},"share_on_mastodon":{"url":"https:\/\/pubeurope.com\/@fr\/115208721856829638","error":""},"_links":{"self":[{"href":"https:\/\/www.europesays.com\/fr\/wp-json\/wp\/v2\/posts\/392749","targetHints":{"allow":["GET"]}}],"collection":[{"href":"https:\/\/www.europesays.com\/fr\/wp-json\/wp\/v2\/posts"}],"about":[{"href":"https:\/\/www.europesays.com\/fr\/wp-json\/wp\/v2\/types\/post"}],"author":[{"embeddable":true,"href":"https:\/\/www.europesays.com\/fr\/wp-json\/wp\/v2\/users\/2"}],"replies":[{"embeddable":true,"href":"https:\/\/www.europesays.com\/fr\/wp-json\/wp\/v2\/comments?post=392749"}],"version-history":[{"count":0,"href":"https:\/\/www.europesays.com\/fr\/wp-json\/wp\/v2\/posts\/392749\/revisions"}],"wp:featuredmedia":[{"embeddable":true,"href":"https:\/\/www.europesays.com\/fr\/wp-json\/wp\/v2\/media\/392750"}],"wp:attachment":[{"href":"https:\/\/www.europesays.com\/fr\/wp-json\/wp\/v2\/media?parent=392749"}],"wp:term":[{"taxonomy":"category","embeddable":true,"href":"https:\/\/www.europesays.com\/fr\/wp-json\/wp\/v2\/categories?post=392749"},{"taxonomy":"post_tag","embeddable":true,"href":"https:\/\/www.europesays.com\/fr\/wp-json\/wp\/v2\/tags?post=392749"}],"curies":[{"name":"wp","href":"https:\/\/api.w.org\/{rel}","templated":true}]}}