{"id":39275,"date":"2025-04-20T16:23:11","date_gmt":"2025-04-20T16:23:11","guid":{"rendered":"https:\/\/www.europesays.com\/fr\/39275\/"},"modified":"2025-04-20T16:23:11","modified_gmt":"2025-04-20T16:23:11","slug":"nice-un-immense-rassemblement-de-voitures-dans-ce-quartier-voici-pourquoi","status":"publish","type":"post","link":"https:\/\/www.europesays.com\/fr\/39275\/","title":{"rendered":"Nice. Un immense rassemblement de voitures dans ce quartier, voici pourquoi"},"content":{"rendered":"<p>            Par<br \/>\n        <strong><br \/>\n            <a href=\"https:\/\/actu.fr\/auteur\/ugo-maillard\" title=\"Consulter tous les articles de Ugo Maillard\" rel=\"nofollow noopener\" target=\"_blank\">Ugo Maillard<\/a><br \/>\n        <\/strong><\/p>\n<p>        Publi\u00e9 le<\/p>\n<p>            19 avr. 2025 \u00e0 6h12        <\/p>\n<p>Le quartier du port \u00e0 <a href=\"https:\/\/actu.fr\/nice\/\" rel=\"nofollow noopener\" target=\"_blank\">Nice<\/a> risque d\u2019\u00eatre anim\u00e9. Pour la premi\u00e8re \u00e9tape de son tour de France, le <strong>salon de l\u2019automobile \u00e9lectrique<\/strong> pose ses valises dans la capitale azur\u00e9enne.<\/p>\n<p class=\" wall-content\">Le dimanche 27 avril, des dizaines de personnes sont attendues dans le secteur, notamment pour tester des v\u00e9hicules \u00e9lectriques.\u00a0<\/p>\n<p class=\" wall-content\">Voici tout ce qu\u2019il faut savoir.<\/p>\n<p>Des tests de voitures organis\u00e9s<\/p>\n<p class=\" wall-content\">Pour sa sixi\u00e8me \u00e9dition, le Salon national de l\u2019automobile \u00e9lectrique proposera aux habitants de Nice de prendre le volant de diff\u00e9rentes voitures.<\/p>\n<p class=\" wall-content\">Renault, Audi, BMW, de tr\u00e8s nombreux mod\u00e8les sont disponibles, mais il faut s\u2019inscrire en amont via ce <a href=\"https:\/\/automobile-electrique.com\/nice\/\" rel=\"nofollow noopener\" target=\"_blank\">lien<\/a>.<\/p>\n<p>Vid\u00e9os : en ce moment sur Actu<\/p>\n<blockquote class=\"ac-article-quote wall-content\">\n<p>Les Ni\u00e7ois d\u00e9couvriront les derni\u00e8res innovations en mati\u00e8re de v\u00e9hicules \u00e9lectriques et testeront plusieurs mod\u00e8les de diff\u00e9rentes marques en quelques heures.<\/p>\n<p>    <strong>Make a Move<\/strong><br \/>\n        Organisateur du salon    <\/p><\/blockquote>\n<p class=\" wall-content\">Le salon sera <strong>ouvert au public de 9 h 30 \u00e0 18 h 30<\/strong>.<\/p>\n<p class=\" wall-content\">Ce tour de l\u2019Hexagone organis\u00e9 par Make a Move fera \u00e9tape dans cinq autres villes : Angers, Bordeaux, Paris, Toulouse et Rouen.<\/p>\n<p class=\" wall-content\">Suivez toute l\u2019actualit\u00e9 de vos villes et m\u00e9dias favoris en vous inscrivant \u00e0 <a href=\"https:\/\/moncompte.actu.fr\" title=\"D\u00e9couvez Mon Actu\" rel=\"nofollow noopener\" data-trk=\"{&quot;cta&quot;:{&quot;action&quot;:&quot;https:\\\/\\\/moncompte.actu.fr&quot;,&quot;category&quot;:&quot;mon compte&quot;,&quot;from&quot;:&quot;article footer&quot;,&quot;name&quot;:&quot;Mon actu&quot;,&quot;type&quot;:&quot;cta&quot;}}\" target=\"_blank\">Mon Actu<\/a>.<\/p>\n","protected":false},"excerpt":{"rendered":"Par Ugo Maillard Publi\u00e9 le 19 avr. 2025 \u00e0 6h12 Le quartier du port \u00e0 Nice risque d\u2019\u00eatre&hellip;\n","protected":false},"author":2,"featured_media":39276,"comment_status":"","ping_status":"","sticky":false,"template":"","format":"standard","meta":{"footnotes":""},"categories":[2819],"tags":[1111,11,646,1777,674,1011,27,1305,12,2401,882,25],"class_list":{"0":"post-39275","1":"post","2":"type-post","3":"status-publish","4":"format-standard","5":"has-post-thumbnail","7":"category-nice","8":"tag-actu","9":"tag-actualites","10":"tag-automobile","11":"tag-eu","12":"tag-europe","13":"tag-fr","14":"tag-france","15":"tag-lifestyle","16":"tag-news","17":"tag-nice","18":"tag-provence-alpes-cote-dazur","19":"tag-republique-francaise"},"share_on_mastodon":{"url":"https:\/\/pubeurope.com\/@fr\/114371218837721616","error":""},"_links":{"self":[{"href":"https:\/\/www.europesays.com\/fr\/wp-json\/wp\/v2\/posts\/39275","targetHints":{"allow":["GET"]}}],"collection":[{"href":"https:\/\/www.europesays.com\/fr\/wp-json\/wp\/v2\/posts"}],"about":[{"href":"https:\/\/www.europesays.com\/fr\/wp-json\/wp\/v2\/types\/post"}],"author":[{"embeddable":true,"href":"https:\/\/www.europesays.com\/fr\/wp-json\/wp\/v2\/users\/2"}],"replies":[{"embeddable":true,"href":"https:\/\/www.europesays.com\/fr\/wp-json\/wp\/v2\/comments?post=39275"}],"version-history":[{"count":0,"href":"https:\/\/www.europesays.com\/fr\/wp-json\/wp\/v2\/posts\/39275\/revisions"}],"wp:featuredmedia":[{"embeddable":true,"href":"https:\/\/www.europesays.com\/fr\/wp-json\/wp\/v2\/media\/39276"}],"wp:attachment":[{"href":"https:\/\/www.europesays.com\/fr\/wp-json\/wp\/v2\/media?parent=39275"}],"wp:term":[{"taxonomy":"category","embeddable":true,"href":"https:\/\/www.europesays.com\/fr\/wp-json\/wp\/v2\/categories?post=39275"},{"taxonomy":"post_tag","embeddable":true,"href":"https:\/\/www.europesays.com\/fr\/wp-json\/wp\/v2\/tags?post=39275"}],"curies":[{"name":"wp","href":"https:\/\/api.w.org\/{rel}","templated":true}]}}