{"id":392755,"date":"2025-09-15T14:14:17","date_gmt":"2025-09-15T14:14:17","guid":{"rendered":"https:\/\/www.europesays.com\/fr\/392755\/"},"modified":"2025-09-15T14:14:17","modified_gmt":"2025-09-15T14:14:17","slug":"apple-alerte-la-france-vous-etes-peut-etre-vise-par-un-piratage-sophistique-frandroid","status":"publish","type":"post","link":"https:\/\/www.europesays.com\/fr\/392755\/","title":{"rendered":"Apple alerte la France : vous \u00eates peut-\u00eatre vis\u00e9 par un piratage sophistiqu\u00e9 &#8211; Frandroid"},"content":{"rendered":"<ol>\n<li><a href=\"https:\/\/news.google.com\/rss\/articles\/CBMiwAFBVV95cUxOeXhkUkpvYlpDUUVKUEY2aE9pQ0ZlRXA3a3VVWmxPQkFJYkFkaFgzVXoxc21XeExMMUpwRUswa3d2aVVCUERESFpjN2NwRjAzN25tRHYzUDRwX0hmMVRKMXA0Y2hBQUdPVzFMTXpqUGNkQWZkWktldGpnLXNQOHVyUkwxY1JYQ19CSXk5ckZNaDFCR3ZBMDQ1aHRobEpjM2JPbWZlVlppNVJRNm90Um14aGUwMDJWdWMzQk9naWx2LTU?oc=5\" target=\"_blank\" rel=\"nofollow noopener\">Apple alerte la France : vous \u00eates peut-\u00eatre vis\u00e9 par un piratage sophistiqu\u00e9<\/a>&nbsp;&nbsp;Frandroid<\/li>\n<li><a href=\"https:\/\/news.google.com\/rss\/articles\/CBMiwwFBVV95cUxQLUJ4TFlVTm5JWFF1V2VOSUtPLUNLREVad2E4V3l6Mk9HM2dNZ3F6N0VIOVlXMkl1SFkzQ0E1NFhTaXVHa0dXaHVhSF9jYkZYLWZOeFFKeW9reEhlRy1EaE1lZ3lmc2NTV1o5bUZxZTdoSHVmTjIwREl5cmhZYV9XV0F2dWhmYVF0bjZISDZVTXRRMlh4VEE5SWF0YlZ3ZFh3THRHRXVWQ0RBT0xmbWM3WXVTaVFRYTRoX0R3UzNIcmZlTFE?oc=5\" target=\"_blank\" rel=\"nofollow noopener\">Apple alerte des Fran\u00e7ais victimes d\u2019espionnage sur leur iPhone<\/a>&nbsp;&nbsp;Les Num\u00e9riques<\/li>\n<li><a href=\"https:\/\/news.google.com\/rss\/articles\/CBMi3gFBVV95cUxOMnZsMzBJcmwyTUQzUUk5d085d2JxZE9ub2ZKOHN6a1h5dk1fMmRxQjJHSWh4Mm14RnJhY012N2xWeVpJaGhDRS02d2NiUGhJZmZtMUJPbHhVSWwzaDRZc3NqN0VfdDJsb3l0b1JQRHk4ZTd0QmVGUTMwV2NxUXBuekNKcHptQUk2ZEYzXy1yYTFpVTlHSVItRnFXelNPNVl5cUYzMmg3dWpCcE10Yk9WdUdjRlEtSjh5Wi0tNGxrN3RQeTNzZEdNQ256akVYLXJHR1E5cEwxUHZsRnRhZmc?oc=5\" target=\"_blank\" rel=\"nofollow noopener\">Apple alerte des journalistes, militants et politiques vis\u00e9s par des logiciels espions sophistiqu\u00e9s<\/a>&nbsp;&nbsp;L&rsquo;Usine Digitale<\/li>\n<li><a href=\"https:\/\/news.google.com\/rss\/articles\/CBMimAFBVV95cUxOd293Rm9OQTJmOEt5MTdQWnluMFMxX2VtODgzRTl4amN1Y1p3WXBlUlRaaThMVjBJUzJTMklkWGU3RG9yVjlEWkVFRW9fTlBHU21MRXAwR29aLUpndVV3Y1hvamFKbkFDQTZuM0JPaURiWnMwMy01eElsX29vVS1WQWgwNm01SlZjTzBfb3BtVllGWjl6TGNRTA?oc=5\" target=\"_blank\" rel=\"nofollow noopener\">Quand Apple d\u00e9voile l\u2019ampleur d\u2019une cybermenace en France<\/a>&nbsp;&nbsp;Servicesmobiles.fr<\/li>\n<li><a href=\"https:\/\/news.google.com\/rss\/articles\/CBMiqAFBVV95cUxOcFNWMmt1NDY2VEJvM3pRamZiNV93RHUwVmkwcnpPRFd2RHRfbWhzekJQV0RITE90RFJqd1A0X1hoQXczYmN0Qi1aM0JPNk1uWmRkWWxlR2xoRGdnbzF1LWlZVjY0TzU0TlRkMnllSktfR1FpOEQ2X0ZqZ0xNaUw4Vnd3a0FuOFl2SDF1enBPaXRkLVJhNzJpeTkyNHdVUmhFMnhpQ293ODE?oc=5\" target=\"_blank\" rel=\"nofollow noopener\">Les iPhone restent une cible privil\u00e9gi\u00e9e des logiciels espions<\/a>&nbsp;&nbsp;ZDNET<\/li>\n<\/ol>\n","protected":false},"excerpt":{"rendered":"Apple alerte la France : vous \u00eates peut-\u00eatre vis\u00e9 par un piratage sophistiqu\u00e9&nbsp;&nbsp;Frandroid Apple alerte des Fran\u00e7ais victimes&hellip;\n","protected":false},"author":2,"featured_media":392756,"comment_status":"","ping_status":"","sticky":false,"template":"","format":"standard","meta":{"footnotes":""},"categories":[7],"tags":[1011,27,43,40,41,39,42,44],"class_list":{"0":"post-392755","1":"post","2":"type-post","3":"status-publish","4":"format-standard","5":"has-post-thumbnail","7":"category-sciences-et-technologies","8":"tag-fr","9":"tag-france","10":"tag-science","11":"tag-science-and-technology","12":"tag-sciences","13":"tag-sciences-et-technologies","14":"tag-technologies","15":"tag-technology"},"share_on_mastodon":{"url":"https:\/\/pubeurope.com\/@fr\/115208733622796856","error":""},"_links":{"self":[{"href":"https:\/\/www.europesays.com\/fr\/wp-json\/wp\/v2\/posts\/392755","targetHints":{"allow":["GET"]}}],"collection":[{"href":"https:\/\/www.europesays.com\/fr\/wp-json\/wp\/v2\/posts"}],"about":[{"href":"https:\/\/www.europesays.com\/fr\/wp-json\/wp\/v2\/types\/post"}],"author":[{"embeddable":true,"href":"https:\/\/www.europesays.com\/fr\/wp-json\/wp\/v2\/users\/2"}],"replies":[{"embeddable":true,"href":"https:\/\/www.europesays.com\/fr\/wp-json\/wp\/v2\/comments?post=392755"}],"version-history":[{"count":0,"href":"https:\/\/www.europesays.com\/fr\/wp-json\/wp\/v2\/posts\/392755\/revisions"}],"wp:featuredmedia":[{"embeddable":true,"href":"https:\/\/www.europesays.com\/fr\/wp-json\/wp\/v2\/media\/392756"}],"wp:attachment":[{"href":"https:\/\/www.europesays.com\/fr\/wp-json\/wp\/v2\/media?parent=392755"}],"wp:term":[{"taxonomy":"category","embeddable":true,"href":"https:\/\/www.europesays.com\/fr\/wp-json\/wp\/v2\/categories?post=392755"},{"taxonomy":"post_tag","embeddable":true,"href":"https:\/\/www.europesays.com\/fr\/wp-json\/wp\/v2\/tags?post=392755"}],"curies":[{"name":"wp","href":"https:\/\/api.w.org\/{rel}","templated":true}]}}