{"id":392757,"date":"2025-09-15T14:15:12","date_gmt":"2025-09-15T14:15:12","guid":{"rendered":"https:\/\/www.europesays.com\/fr\/392757\/"},"modified":"2025-09-15T14:15:12","modified_gmt":"2025-09-15T14:15:12","slug":"%f0%9f%94%b4-tiktok-trump-xi-jinping-regulation-des-cryptos-lessentiel-de-lactualite-ce-lundi-15-septembre","status":"publish","type":"post","link":"https:\/\/www.europesays.com\/fr\/392757\/","title":{"rendered":"\ud83d\udd34 TikTok, Trump Xi Jinping, r\u00e9gulation des cryptos&#8230; L&rsquo;essentiel de l&rsquo;actualit\u00e9 ce lundi 15 septembre"},"content":{"rendered":"<p><strong>\ud83d\udcfb Bonjour \u00e0 tous<\/strong>, nous sommes le <strong>lundi 15 septembre 2025<\/strong>. Bienvenue dans <strong>l&rsquo;Essentiel<\/strong> de <a href=\"https:\/\/www.latribune.fr\/\" target=\"_blank\" rel=\"noopener\">La Tribune<\/a>.<\/p>\n<p><strong>Au menu de l&rsquo;actualit\u00e9 cet apr\u00e8s-midi<\/strong>, les discussions, \u00e0 Madrid, entre\u00a0<strong>les \u00c9tats-Unis et la Chine<\/strong> ont permis d&rsquo;aboutir \u00e0 un accord, en particulier sur le r\u00e9seau social chinois<strong> TikTok<\/strong>. Il doit encore \u00eatre finalis\u00e9, Donald Trump et Xi Jinping se rencontrant vendredi.<\/p>\n<p>De son c\u00f4t\u00e9, le milliardaire et patron de Tesla a acquis\u00a0<strong>2,57 millions d&rsquo;actions du constructeur automobile<\/strong>, pour environ <strong>un milliard de dollars<\/strong>.<\/p>\n<p>Les d\u00e9tails sur ces infos, ainsi que <strong>d&rsquo;autres actualit\u00e9s<\/strong>, sont \u00e0 d\u00e9couvrir dans notre fil d&rsquo;actu ci-dessous.<\/p>\n<p>Excellent d\u00e9but d&rsquo;apr\u00e8s-midi et bonne lecture \u2615<\/p>\n<p>\ud83d\udccd TikTok : Les Etats-Unis et la Chine ont trouv\u00e9 un accord<\/p>\n<p>\u00ab Les grandes discussions commerciales en Europe entre les \u00c9tats-Unis et la Chine se sont TRES BIEN d\u00e9roul\u00e9es. Cela va bient\u00f4t s&rsquo;achever \u00bb, s&rsquo;est f\u00e9licit\u00e9 le pr\u00e9sident am\u00e9ricain\u00a0sur Truth social, en annon\u00e7ant <strong>un accord avec P\u00e9kin.\u00a0<\/strong>Des discussions entre les deux pays se tiennent actuellement \u00e0 Madrid et Donald Trump y rencontrera Xi Jinping vendredi.<\/p>\n<p>\u00ab Un accord a aussi \u00e9t\u00e9 trouv\u00e9 sur <strong>une \u00ab\u00a0certaine\u00a0\u00bb entreprise<\/strong> que les jeunes\u00a0de notre pays veulent vraiment garder. Ils seront vraiment tr\u00e8s heureux \u00bb, a, en effet, \u00e9crit Donald Trump, qui vise ainsi le r\u00e9seau social chinois, <strong>TikTok<\/strong>.\u00a0\u00ab Nous avons un cadre pour un accord TikTok. Les deux dirigeants, le pr\u00e9sident Trump et le pr\u00e9sident chinois Xi, se parleront vendredi pour finaliser l&rsquo;accord, mais nous avons bien un cadre pour un accord sur TikTok \u00bb, a confirm\u00e9 quelques instants plus tard le\u00a0secr\u00e9taire au Tr\u00e9sor des \u00c9tats-Unis Scott Bessent.<\/p>\n<p>Le r\u00e9seau social TikTok est au c\u0153ur d&rsquo;un diff\u00e9rend entre les deux pays depuis des mois. Washington demandait \u00e0 ce que TikTok soit vendu d&rsquo;ici le 17 septembre \u00e0 un propri\u00e9taire non chinois, sous peine d&rsquo;\u00eatre interdit aux \u00c9tats-Unis.<\/p>\n<p>Elon Musk ach\u00e8te pour un milliard de dollars d&rsquo;actions Tesla<\/p>\n<p>2,57 millions d&rsquo;actions Tesla. C&rsquo;est ce qu&rsquo;a acquis son propre patron, Elon Musk, vendredi, pour environ un milliard de dollars. Elles ont \u00e9t\u00e9 achet\u00e9es\u00a0\u00e0 des cours allant de 371 \u00e0 396 dollars, selon un document d\u00e9pos\u00e9 lundi aupr\u00e8s du gendarme boursier am\u00e9ricain.<\/p>\n<p>Le plan de r\u00e9mun\u00e9ration d&rsquo;Elon Musk, actuellement l&rsquo;homme le plus riche du monde, fait l&rsquo;objet d&rsquo;une bataille judiciaire depuis des ann\u00e9es. D\u00e9but septembre, le conseil d&rsquo;administration de Tesla a pr\u00e9sent\u00e9 un nouveau projet de r\u00e9mun\u00e9ration d\u00e9passant les 1\u00a0000 milliards de dollars.<\/p>\n<p>Ce plan, d&rsquo;une dur\u00e9e de dix ans, qui sera soumis \u00e0 l&rsquo;assembl\u00e9e g\u00e9n\u00e9rale des actionnaires de Tesla le 6 novembre, pr\u00e9voit l&rsquo;octroi d&rsquo;actions du groupe \u00e0 Elon Musk en fonction d&rsquo;une multitude d&rsquo;objectifs r\u00e9partis en douze tranches calendaires.\u00a0Il pourrait ainsi recevoir \u00e0 terme jusqu&rsquo;\u00e0 12\u00a0% du capital actuel, mais \u00e0 condition que Tesla connaisse \u00ab une croissance stratosph\u00e9rique \u00bb\u00a0conduisant \u00e0 une valorisation boursi\u00e8re de 8\u00a0500 milliards de dollars (\u00e0 peine plus de 1\u00a0000 milliards actuellement).<\/p>\n<p>Trump plaide pour des r\u00e9sultats d&rsquo;entreprises tous les six mois au lieu de trois<\/p>\n<p>L&rsquo;id\u00e9e n&rsquo;est pas nouvelle : Donald Trump a renouvel\u00e9 sa volont\u00e9 d&rsquo;une\u00a0publication des r\u00e9sultats\u00a0des entreprises\u00a0cot\u00e9es en Bourse <strong>tous les six mois,\u00a0au lieu de trois<\/strong>, pour que ces derni\u00e8res puissent \u00e9conomiser de l&rsquo;argent.<\/p>\n<p>\u00ab Les entreprises et les soci\u00e9t\u00e9s ne devraient plus \u00eatre oblig\u00e9es de \u00ab\u00a0rendre compte\u00a0\u00bb de leurs r\u00e9sultats tous les trimestres (&#8230;), mais plut\u00f4t tous les six mois \u00bb, a \u00e9crit le pr\u00e9sident am\u00e9ricain sur son r\u00e9seau social Truth, \u00ab sous r\u00e9serve de l&rsquo;approbation de la SEC \u00bb, le gendarme financier am\u00e9ricain. Le locataire de la Maison-Blanche avait d\u00e9j\u00e0 soumis cette id\u00e9e en 2018, au cours de son premier mandat.<\/p>\n<p><strong>Lire notre article sur le sujet :\u00a0<a href=\"https:\/\/www.latribune.fr\/economie\/international\/donald-trump-propose-de-mettre-fin-a-la-dictature-des-resultats-trimestriels-1032520.html\" target=\"_blank\" rel=\"noopener\">Donald Trump propose de mettre fin \u00e0 la \u00ab dictature des r\u00e9sultats trimestriels \u00bb<\/a><\/strong><\/p>\n<p>\ud83d\udccd L&rsquo;AMF appelle \u00e0 plus de r\u00e9gulation du secteur des cryptomonnaies<\/p>\n<p>Les gendarmes fran\u00e7ais, autrichiens et italiens des <strong>march\u00e9s financiers<\/strong> sont \u00e0 l&rsquo;unisson aujourd&rsquo;hui. Ensemble, ils demandent de\u00a0<strong>\u00ab renforcer \u00bb<\/strong> les r\u00e8gles europ\u00e9ennes encadrant <strong>les crypto-actifs.<\/strong> En effet, le trio de r\u00e9gulateur constate une trop forte<strong> divergence dans les r\u00e9glementations<\/strong> du\u00a0secteur selon\u00a0les pays europ\u00e9ens. Partant de ce constat, ils demandent une<strong> supervision directe de l&rsquo;Esma,<\/strong> l&rsquo;Autorit\u00e9 europ\u00e9enne des march\u00e9s financiers.<\/p>\n<p>Il existe d\u00e9j\u00e0 une r\u00e9glementation, qui s&rsquo;applique depuis fin d\u00e9cembre au sein de l&rsquo;Union europ\u00e9enne et impose aux entreprises du secteur l<strong>&lsquo;obtention d&rsquo;une licence<\/strong>, d\u00e9livr\u00e9e par les autorit\u00e9s financi\u00e8res nationales. Cependant, les \u00ab premiers mois d&rsquo;application du r\u00e8glement ont permis de constater des <strong>divergences fortes<\/strong> de mise en \u0153uvre entre autorit\u00e9s nationales \u00bb, en \u00ab d\u00e9pit des efforts de coordination \u00bb estiment les trois gendarmes financiers.<\/p>\n<p>\ud83d\udccd Chine\u202f: l&rsquo;industrie et la consommation marquent le pas<\/p>\n<p><strong>Tendance baissi\u00e8re.<\/strong> La croissance de la production industrielle et celle des ventes au d\u00e9tail en Chine ont <strong>ralenti en ao\u00fbt davantage qu&rsquo;attendu<\/strong>, sympt\u00f4mes des difficult\u00e9s persistantes de la deuxi\u00e8me \u00e9conomie mondiale, indiquent des donn\u00e9es officielles publi\u00e9es ce lundi. La <strong>crise prolong\u00e9e du secteur immobilier<\/strong>, jadis moteur \u00e9conomique, la relative faible consommation des m\u00e9nages depuis la pand\u00e9mie de Covid-19, ainsi qu&rsquo;un taux de <strong>ch\u00f4mage \u00e9lev\u00e9 chez les jeunes<\/strong> p\u00e8sent sur le moral des consommateurs et des entreprises.<\/p>\n<p>\ud83d\udc49 <strong>Les d\u00e9tails \u00e0 lire ici :<\/strong> <a href=\"https:\/\/www.latribune.fr\/economie\/international\/chine-le-ralentissement-s-accelere-l-industrie-et-la-consommation-marquent-le-pas-plus-qu-attendu-1032501.html\" target=\"_blank\" rel=\"noopener\">Chine : le ralentissement s&rsquo;acc\u00e9l\u00e8re, l&rsquo;industrie et la consommation marquent le pas plus qu&rsquo;attendu<\/a><\/p>\n<p>\ud83d\udcc5\u200b <strong>L&rsquo;agenda \u00e9co<\/strong><\/p>\n<p><strong>16h | Paris &#8211;<\/strong> Le pr\u00e9sident du syndicat des cadres CFE\/CGC Fran\u00e7ois Hommeril est re\u00e7u par S\u00e9bastien Lecornu \u00e0 Matignon<\/p>\n<p><strong>17h | Paris &#8211;<\/strong> Publication des r\u00e9sultats de l&rsquo;\u00e9tude nationale sur l&rsquo;exposition aux pesticides des riverains de zones viticoles<\/p>\n<p><strong>17h45 | Paris &#8211;<\/strong>\u00a0Chiffres du trafic a\u00e9rien en ao\u00fbt (Groupe ADP)<\/p>\n<p><strong>Toute la journ\u00e9e |<\/strong> <strong>Paris &#8211;<\/strong>\u00a0Le Premier ministre S\u00e9bastien Lecornu re\u00e7oit les organisations syndicales et patronales<\/p>\n<p><strong>Dans la journ\u00e9e | Paris &#8211;<\/strong> La HATVP demande de renforcer l&rsquo;encadrement de l&rsquo;activit\u00e9 des lobbys<\/p>\n<p>(Veille r\u00e9alis\u00e9e avec AFP et Reuters)<\/p>\n<p class=\"rev-margin-0 rev-text-xs-bold !text-lt-neutral-30 mt-[32px]\">Mathieu Viviani et Julien Gouesmat<\/p>\n","protected":false},"excerpt":{"rendered":"\ud83d\udcfb Bonjour \u00e0 tous, nous sommes le lundi 15 septembre 2025. Bienvenue dans l&rsquo;Essentiel de La Tribune. Au&hellip;\n","protected":false},"author":2,"featured_media":392758,"comment_status":"","ping_status":"","sticky":false,"template":"","format":"standard","meta":{"footnotes":""},"categories":[6],"tags":[17,35,27104,154,33,34,1011,27,17850,15468,9235,2439,467],"class_list":{"0":"post-392757","1":"post","2":"type-post","3":"status-publish","4":"format-standard","5":"has-post-thumbnail","7":"category-economie","8":"tag-17","9":"tag-business","10":"tag-cryptos","11":"tag-des","12":"tag-economie","13":"tag-economy","14":"tag-fr","15":"tag-france","16":"tag-jinping","17":"tag-lessentiel","18":"tag-regulation","19":"tag-tiktok","20":"tag-trump"},"share_on_mastodon":{"url":"https:\/\/pubeurope.com\/@fr\/115208737611233839","error":""},"_links":{"self":[{"href":"https:\/\/www.europesays.com\/fr\/wp-json\/wp\/v2\/posts\/392757","targetHints":{"allow":["GET"]}}],"collection":[{"href":"https:\/\/www.europesays.com\/fr\/wp-json\/wp\/v2\/posts"}],"about":[{"href":"https:\/\/www.europesays.com\/fr\/wp-json\/wp\/v2\/types\/post"}],"author":[{"embeddable":true,"href":"https:\/\/www.europesays.com\/fr\/wp-json\/wp\/v2\/users\/2"}],"replies":[{"embeddable":true,"href":"https:\/\/www.europesays.com\/fr\/wp-json\/wp\/v2\/comments?post=392757"}],"version-history":[{"count":0,"href":"https:\/\/www.europesays.com\/fr\/wp-json\/wp\/v2\/posts\/392757\/revisions"}],"wp:featuredmedia":[{"embeddable":true,"href":"https:\/\/www.europesays.com\/fr\/wp-json\/wp\/v2\/media\/392758"}],"wp:attachment":[{"href":"https:\/\/www.europesays.com\/fr\/wp-json\/wp\/v2\/media?parent=392757"}],"wp:term":[{"taxonomy":"category","embeddable":true,"href":"https:\/\/www.europesays.com\/fr\/wp-json\/wp\/v2\/categories?post=392757"},{"taxonomy":"post_tag","embeddable":true,"href":"https:\/\/www.europesays.com\/fr\/wp-json\/wp\/v2\/tags?post=392757"}],"curies":[{"name":"wp","href":"https:\/\/api.w.org\/{rel}","templated":true}]}}