{"id":392759,"date":"2025-09-15T14:16:12","date_gmt":"2025-09-15T14:16:12","guid":{"rendered":"https:\/\/www.europesays.com\/fr\/392759\/"},"modified":"2025-09-15T14:16:12","modified_gmt":"2025-09-15T14:16:12","slug":"en-direct-gaza-marco-rubio-exprime-le-soutien-indefectible-des-etats-unis-a-israel-pour-laccomplissement-de-ses-objectifs-dans-la-bande-de-gaza-le-monde-fr","status":"publish","type":"post","link":"https:\/\/www.europesays.com\/fr\/392759\/","title":{"rendered":"En direct, Gaza : Marco Rubio exprime le \u00ab soutien ind\u00e9fectible \u00bb des Etats-Unis \u00e0 Isra\u00ebl pour l\u2019accomplissement de ses objectifs dans la bande de Gaza &#8211; Le Monde.fr"},"content":{"rendered":"<ol>\n<li><a href=\"https:\/\/news.google.com\/rss\/articles\/CBMinwJBVV95cUxONHFHVFYyTk00V2VCT0dFUTVxV1hxSGJIemtUQU5zVm5fQWZXcjVoZ0pSNVZ5SmY1eUlvSHlnYVVSWHcxalpXUzFhcU1TQkh2dGdvVktiUEo5YWpFZXRMd2xjQmVmWnZFVlJiMjlKVGwtWlBSZlFQbFBSV1hwdVMwOTZ2YzlPaTk0MHVnOGdaV3RoZmZyYUJ3d09lMEJkZ0RsVlVrVW9sbHJpWW5uRUZRaXRhRzZUTVRNcUhPeHFieGIyVU05VlJ6Qkdqd1JiNW4xQUJDUURhaTlDYXExcklvOG4wbzdSX1Q4aUw4V2s4UHN1RUNYUWN2MG5VVWtxR3RCNHFmSjAtY1cyd2xxRGxaLVZSajdlMGFtdVdUUHR1UQ?oc=5\" target=\"_blank\" rel=\"nofollow noopener\">En direct, Gaza : Marco Rubio exprime le \u00ab soutien ind\u00e9fectible \u00bb des Etats-Unis \u00e0 Isra\u00ebl pour l\u2019accomplissement de ses objectifs dans la bande de Gaza<\/a>&nbsp;&nbsp;Le Monde.fr<\/li>\n<li><a href=\"https:\/\/news.google.com\/rss\/articles\/CBMiigJBVV95cUxPQUMzcWhsemlJNkdSa2RHTWF0UFU1VzJyVGN2dlllTlRjOTBWNmxEeHNULS0xbmJRNy1yRlQ5TE4zVG9GNTQ3MlFUb0dOYi02WEp1Tm5RS1UyaFlEYWFtd21jRnY5YzRSamczbTBPbF92UTA1andpelh6a1BLeHBwQUxXZklLMzFkSFU1MEw1T2FRTVFvYXpnd3ZkeFRzeS1sZ1lIbDNJejdEblV1d2MtdUNPbV90VXhOUENwVS1lTFFMeVlxbGhDOFUyMnZkQW01dGJPVTU5RWJUUkdvVGctUUR0d2VLVGZCS2lVVVBuUzZVWWdlWkFtZ2Zrbi1IZFJ4WVdSdFpRSDhGdw?oc=5\" target=\"_blank\" rel=\"nofollow noopener\">En direct, Gaza : selon l\u2019\u00e9mir du Qatar, l\u2019attaque isra\u00e9lienne \u00e0 Doha visait \u00e0 faire d\u00e9railler les n\u00e9gociations<\/a>&nbsp;&nbsp;Le Monde.fr<\/li>\n<li><a href=\"https:\/\/news.google.com\/rss\/articles\/CBMihgJBVV95cUxNd0dYRGdkUkRUQ19iaVV4R1ZiWTBTTnY1VmJaSU84Z3hXRjdCenZ4YmVJMDZtcnhXS2dpaHpyTWkzTlpNWnBZdmViMXhacDJPRnItUGE0SGlXdUVxSnpzSy1ObFVOdFA1T3lkQ3NpNFZZVmhHelZFcVpMUXNpNTRaYURZVi03WXR2cFlLMXo4anJzZXpMUmY0RGF5blEtRnUySWZBb19vQmtjd0oxaTU5cEQ5ZzFqcDVrTTFHaHhrOWNiaXhMaElRTmxqWFlnZjZQdE1QOEdmeHc0VDlSa3ZFeHdEd2x2RzR4Z1dSbzVkT3pGaVpJSzhNckwzWEJRNWJiRG5ETi13?oc=5\" target=\"_blank\" rel=\"nofollow noopener\">\u00c0 J\u00e9rusalem, Marco Rubio r\u00e9affirme le soutien des \u00c9tats-Unis \u00e0 Isra\u00ebl dans \u00abl&rsquo;\u00e9limination\u00bb du Hamas<\/a>&nbsp;&nbsp;RFI<\/li>\n<li><a href=\"https:\/\/news.google.com\/rss\/articles\/CBMi9AFBVV95cUxNNzE1dlJXZk5KNHkxV3gxeVdPdWtEUmFjZEl6NjB6elBZeGI5c1UwWlNfaGgyRWNpQmlTRXRfVkszRVpEWmJ1QURpRThtTHgxRnZoX3lya3Q5QVllU3o2cW1MMTVkWGxoX08xc2hlRXRoY1pqZUdNejdwVUlDby1WbkZ6LWp0QTB2X1F6U01ieHppQWpmYWdUQXJIR3N2NUhJd2gzSEpJLVpTbng0RVZ5cWY1SUZubi1mSGNEb0l5VEFMNjRvTkZoYnhKemc2alVJbTg5bHVZTFA2WmtfNlRZQmg2bFNuUGt4NHJNVWlMbGZzbmZJ?oc=5\" target=\"_blank\" rel=\"nofollow noopener\">Donald Trump dit \u00e0 Isra\u00ebl de \u00ab\u00a0faire attention\u00a0\u00bb, quelques jours apr\u00e8s son attaque au Qatar<\/a>&nbsp;&nbsp;France Info<\/li>\n<li><a href=\"https:\/\/news.google.com\/rss\/articles\/CBMi2AFBVV95cUxOdUZSV09Kd0JQS3l6UkVodWlLWmtPT0FMYkQxVXhHYjFZNDZNTHBqR1pXZFBUNktFR25WbEdaSFFZajR3WWY3d1pqeG9GSWp4N2x5bHlNVEVJN0QwbVMzQ2VVMWJId1VlcUhRdFNtQ0lybXNjZlFhWk5KODNfd2dIRkpfbmx0alJtUEJoRmlEMzhJWUhEd3htRlJTWXE4Z3I4UlpuZjMtWEt5Tk82Y0lGd3l3NkRUYkViSHNTUXNhUUdFM3hpQWIzWGdsQWIzLTN4eHYzSzhURDA?oc=5\" target=\"_blank\" rel=\"nofollow noopener\">En direct : Rubio assure Netanyahu du \u00ab\u00a0soutien ind\u00e9fectible\u00a0\u00bb des \u00c9tats-Unis<\/a>&nbsp;&nbsp;France 24<\/li>\n<\/ol>\n","protected":false},"excerpt":{"rendered":"En direct, Gaza : Marco Rubio exprime le \u00ab soutien ind\u00e9fectible \u00bb des Etats-Unis \u00e0 Isra\u00ebl pour l\u2019accomplissement&hellip;\n","protected":false},"author":2,"featured_media":392760,"comment_status":"","ping_status":"","sticky":false,"template":"","format":"standard","meta":{"footnotes":""},"categories":[5],"tags":[11,1011,27,14,12,28],"class_list":{"0":"post-392759","1":"post","2":"type-post","3":"status-publish","4":"format-standard","5":"has-post-thumbnail","7":"category-international","8":"tag-actualites","9":"tag-fr","10":"tag-france","11":"tag-international","12":"tag-news","13":"tag-world"},"share_on_mastodon":{"url":"https:\/\/pubeurope.com\/@fr\/115208741458724434","error":""},"_links":{"self":[{"href":"https:\/\/www.europesays.com\/fr\/wp-json\/wp\/v2\/posts\/392759","targetHints":{"allow":["GET"]}}],"collection":[{"href":"https:\/\/www.europesays.com\/fr\/wp-json\/wp\/v2\/posts"}],"about":[{"href":"https:\/\/www.europesays.com\/fr\/wp-json\/wp\/v2\/types\/post"}],"author":[{"embeddable":true,"href":"https:\/\/www.europesays.com\/fr\/wp-json\/wp\/v2\/users\/2"}],"replies":[{"embeddable":true,"href":"https:\/\/www.europesays.com\/fr\/wp-json\/wp\/v2\/comments?post=392759"}],"version-history":[{"count":0,"href":"https:\/\/www.europesays.com\/fr\/wp-json\/wp\/v2\/posts\/392759\/revisions"}],"wp:featuredmedia":[{"embeddable":true,"href":"https:\/\/www.europesays.com\/fr\/wp-json\/wp\/v2\/media\/392760"}],"wp:attachment":[{"href":"https:\/\/www.europesays.com\/fr\/wp-json\/wp\/v2\/media?parent=392759"}],"wp:term":[{"taxonomy":"category","embeddable":true,"href":"https:\/\/www.europesays.com\/fr\/wp-json\/wp\/v2\/categories?post=392759"},{"taxonomy":"post_tag","embeddable":true,"href":"https:\/\/www.europesays.com\/fr\/wp-json\/wp\/v2\/tags?post=392759"}],"curies":[{"name":"wp","href":"https:\/\/api.w.org\/{rel}","templated":true}]}}