{"id":392761,"date":"2025-09-15T14:17:13","date_gmt":"2025-09-15T14:17:13","guid":{"rendered":"https:\/\/www.europesays.com\/fr\/392761\/"},"modified":"2025-09-15T14:17:13","modified_gmt":"2025-09-15T14:17:13","slug":"laurent-wauquiez-signe-une-petition-de-philippe-de-villiers-pour-exiger-un-referendum","status":"publish","type":"post","link":"https:\/\/www.europesays.com\/fr\/392761\/","title":{"rendered":"Laurent Wauquiez signe une p\u00e9tition de Philippe de Villiers pour exiger un r\u00e9f\u00e9rendum"},"content":{"rendered":"<p>Il fait partie des centaines de milliers de signataires et il le fait savoir. Le patron des d\u00e9put\u00e9s LR <a href=\"https:\/\/www.20minutes.fr\/dossier\/laurent_wauquiez\" class=\"c-link c-link--is-underlined\" rel=\"nofollow noopener\" target=\"_blank\">Laurent Wauquiez<\/a> a annonc\u00e9 dimanche soir sur X qu\u2019il avait sign\u00e9 une p\u00e9tition lanc\u00e9e en ligne pas Philippe de Villiers pour exiger un r\u00e9f\u00e9rendum sur l\u2019immigration.<\/p>\n<p>Cette p\u00e9tition <a href=\"https:\/\/www.20minutes.fr\/dossier\/philippe_de_villiers\" class=\"c-link c-link--is-underlined\" rel=\"nofollow noopener\" target=\"_blank\">de l\u2019ancien eurod\u00e9put\u00e9 souverainiste<\/a> affiche ce lundi midi pr\u00e8s de 940.000 signatures. Le site n\u2019emp\u00eache toutefois pas la m\u00eame personne de la signer plusieurs fois, rendant impossible la v\u00e9rification de ce chiffre, contrairement \u00e0 celle lanc\u00e9e cet \u00e9t\u00e9 contre la loi Duplomb qui en avait recueilli plus de deux millions.<\/p>\n<\/p>\n<p>\u00ab\u00a0Nous sommes en train de changer de civilisation. Si nous ne faisons rien, c\u2019est la fin de la France\u00a0\u00bb, affirme Philippe de Villiers. Ce dernier d\u00e9crit <a href=\"https:\/\/www.20minutes.fr\/politique\/assemblee_nationale\/4171820-20250908-loi-duplomb-petition-franchit-premiere-etape-assemblee-avant-eventuel-debat-hemicycle\" class=\"c-link c-link--is-underlined\" rel=\"nofollow noopener\" target=\"_blank\">la loi Duplomb<\/a> comme une p\u00e9tition qui \u00ab\u00a0a voulu sauver les abeilles, les oiseaux, les sols. Aujourd\u2019hui, ce sont les Fran\u00e7ais qu\u2019il faut sauver. Les derniers Fran\u00e7ais\u00a0\u00bb, \u00e9crit-il.<\/p>\n","protected":false},"excerpt":{"rendered":"Il fait partie des centaines de milliers de signataires et il le fait savoir. Le patron des d\u00e9put\u00e9s&hellip;\n","protected":false},"author":2,"featured_media":392762,"comment_status":"","ping_status":"","sticky":false,"template":"","format":"standard","meta":{"footnotes":""},"categories":[4],"tags":[47,11,1011,27,1061,5639,8335,12,2844,41410,316,13921,25],"class_list":{"0":"post-392761","1":"post","2":"type-post","3":"status-publish","4":"format-standard","5":"has-post-thumbnail","7":"category-france","8":"tag-actualite","9":"tag-actualites","10":"tag-fr","11":"tag-france","12":"tag-immigration","13":"tag-laurent-wauquiez","14":"tag-les-republicains-lr","15":"tag-news","16":"tag-petition","17":"tag-philippe-de-villiers","18":"tag-politique","19":"tag-referendum","20":"tag-republique-francaise"},"share_on_mastodon":{"url":"https:\/\/pubeurope.com\/@fr\/115208745449133540","error":""},"_links":{"self":[{"href":"https:\/\/www.europesays.com\/fr\/wp-json\/wp\/v2\/posts\/392761","targetHints":{"allow":["GET"]}}],"collection":[{"href":"https:\/\/www.europesays.com\/fr\/wp-json\/wp\/v2\/posts"}],"about":[{"href":"https:\/\/www.europesays.com\/fr\/wp-json\/wp\/v2\/types\/post"}],"author":[{"embeddable":true,"href":"https:\/\/www.europesays.com\/fr\/wp-json\/wp\/v2\/users\/2"}],"replies":[{"embeddable":true,"href":"https:\/\/www.europesays.com\/fr\/wp-json\/wp\/v2\/comments?post=392761"}],"version-history":[{"count":0,"href":"https:\/\/www.europesays.com\/fr\/wp-json\/wp\/v2\/posts\/392761\/revisions"}],"wp:featuredmedia":[{"embeddable":true,"href":"https:\/\/www.europesays.com\/fr\/wp-json\/wp\/v2\/media\/392762"}],"wp:attachment":[{"href":"https:\/\/www.europesays.com\/fr\/wp-json\/wp\/v2\/media?parent=392761"}],"wp:term":[{"taxonomy":"category","embeddable":true,"href":"https:\/\/www.europesays.com\/fr\/wp-json\/wp\/v2\/categories?post=392761"},{"taxonomy":"post_tag","embeddable":true,"href":"https:\/\/www.europesays.com\/fr\/wp-json\/wp\/v2\/tags?post=392761"}],"curies":[{"name":"wp","href":"https:\/\/api.w.org\/{rel}","templated":true}]}}