{"id":392763,"date":"2025-09-15T14:18:12","date_gmt":"2025-09-15T14:18:12","guid":{"rendered":"https:\/\/www.europesays.com\/fr\/392763\/"},"modified":"2025-09-15T14:18:12","modified_gmt":"2025-09-15T14:18:12","slug":"ce-quon-sait-desormais-du-tueur-presume-tyler-robinson-et-de-ses-motivations","status":"publish","type":"post","link":"https:\/\/www.europesays.com\/fr\/392763\/","title":{"rendered":"ce qu\u2019on sait d\u00e9sormais du tueur pr\u00e9sum\u00e9, Tyler Robinson, et de ses motivations"},"content":{"rendered":"<p class=\"article-p mdl\">Qui est vraiment Tyler Robinson ? Principal suspect de l&rsquo;assassinat de l&rsquo;influenceur conservateur <strong>Charlie Kirk<\/strong>, ce jeune homme de 22 ans a \u00e9t\u00e9 arr\u00eat\u00e9, le jeudi 11 septembre, apr\u00e8s 33 heures de traque acharn\u00e9e.<a class=\"link\" href=\"https:\/\/www.rtl.fr\/actu\/international\/etats-unis-donald-trump-annonce-la-mort-charlie-kirk-tue-par-balles-7900539940\" target=\"_blank\" rel=\"noopener\"> Annonc\u00e9e par Donald Trump sur la cha\u00eene Fox News<\/a>, l&rsquo;arrestation de Tyler Robinson a \u00e9t\u00e9 confirm\u00e9e par les autorit\u00e9s am\u00e9ricaines lors d&rsquo;une conf\u00e9rence de presse \u00e0 Orem, ville de l&rsquo;Utah<a class=\"link\" href=\"https:\/\/www.rtl.fr\/actu\/international\/charlie-kirk-ce-que-l-on-sait-de-la-mort-de-la-figure-de-l-extreme-droite-americaine-7900539957\" target=\"_blank\" rel=\"noopener\"> o\u00f9 Charlie Kirk a \u00e9t\u00e9 tu\u00e9 d&rsquo;une seule balle dans le cou<\/a>, mercredi 10 septembre, lors d&rsquo;un d\u00e9bat public sur un campus universitaire.<br \/>Mais que sait-on du tireur dont tout le monde parle outre-Atlantique ? <strong>\u00c9tait-il d&rsquo;extr\u00eame gauche ?<\/strong> <strong>D&rsquo;extr\u00eame droite ?<\/strong> Que sait-on r\u00e9ellement de ses revendications ? Comment\u00a0a-t-il pu d\u00e9river au point de tuer\u00a0?\u00a0Depuis son identification et son arrestation, les d\u00e9bats se tendent aux \u00c9tats-Unis o\u00f9 chaque camp tente de rejeter la responsabilit\u00e9 de cet assassinat sur l&rsquo;autre. Voici ce que l&rsquo;on sait.<\/p>\n<p>            Un \u00e9l\u00e8ve \u00ab\u00a0id\u00e9al\u00a0\u00bb<\/p>\n<p class=\"article-p mdl\"><a class=\"link\" href=\"https:\/\/www.rtl.fr\/actu\/international\/mort-de-charlie-kirk-qui-est-tyler-robinson-l-assassin-presume-7900540790\" target=\"_blank\" rel=\"noopener\">Tyler Robinson a grandi \u00e0 Washington<\/a>, petite ville de l&rsquo;Utah bord\u00e9e de canyons rougeoyants et de montagnes. La maison de ses parents &#8211; o\u00f9 il a \u00e9t\u00e9 arr\u00eat\u00e9 par les autorit\u00e9s &#8211; est un pavillon typique de la classe moyenne am\u00e9ricaine, log\u00e9 dans une rue sinueuse aux pelouses proprettes.<strong> A\u00een\u00e9 de trois gar\u00e7ons<\/strong>, le suspect est d\u00e9crit comme un enfant \u00ab\u00a0<strong>calme, respectueux, plut\u00f4t r\u00e9serv\u00e9, mais vraiment tr\u00e8s intelligent<\/strong>\u00a0\u00bb par l&rsquo;ex-gardienne de son \u00e9cole primaire.<\/p>\n<p class=\"article-p mdl\">\u00ab\u00a0C&rsquo;\u00e9tait <strong>l&rsquo;\u00e9l\u00e8ve id\u00e9al<\/strong>, le genre de personne que l&rsquo;on aimerait avoir dans sa classe\u00a0\u00bb, confirme Jaida Funk, qui l&rsquo;a c\u00f4toy\u00e9 de la primaire au lyc\u00e9e, entre ses 5 et 16 ans.\u00a0\u00c0\u00a0l&rsquo;\u00e9cole, \u00ab\u00a0il \u00e9tait r\u00e9serv\u00e9, mais pas bizarre, <strong>il avait des amis et parlait \u00e0 diff\u00e9rents groupes<\/strong>\u00ab\u00a0, se souvient-elle. Sorti brillamment du lyc\u00e9e en 2021, Tyler a bri\u00e8vement \u00e9tudi\u00e9 \u00e0 l&rsquo;universit\u00e9 &#8211; o\u00f9 il avait touch\u00e9 une bourse &#8211; avant de bifurquer vers un programme d&rsquo;apprentissage en \u00e9lectricit\u00e9 dans un \u00e9tablissement technique pr\u00e8s de chez lui.<\/p>\n<p>            Une famille r\u00e9publicaine<\/p>\n<p class=\"article-p mdl\">Fils d&rsquo;un vendeur de comptoirs de cuisine en granit et d&rsquo;une professionnelle de sant\u00e9 travaillant avec des handicap\u00e9s, Tyler Robinson a \u00e9t\u00e9 \u00e9lev\u00e9 dans la tradition mormone. Cependant, la famille ne semblait plus pratiquer selon les t\u00e9moignages recueillis par la presse am\u00e9ricaine. \u00c9pluch\u00e9es par les m\u00e9dias, les photos laiss\u00e9es par les Robinson sur les r\u00e9seaux sociaux racontent l&rsquo;histoire d&rsquo;<strong>une famille qui aimait voyager, camper et chassait avec ses enfants<\/strong>. On y voit notamment Tyler poser fi\u00e8rement &#8211; \u00e0 diff\u00e9rents moments de sa vie &#8211; avec <strong>des armes parfois tr\u00e8s puissantes<\/strong>.<\/p>\n<p class=\"article-p mdl\">Si cet apprentissage des armes \u00e0 feu est plut\u00f4t banal aux \u00c9tats-Unis, surtout dans un \u00c9tat comme l&rsquo;Utah, il n&rsquo;explique pas le passage \u00e0 l&rsquo;acte de Tyler Robinson. Une ancienne voisine de la famille, Heather McKnight t\u00e9moigne de son effroi : \u00ab\u00a0Qui aurait pu imaginer que ce petit homme maigre qui montait et descendait de sa voiture serait capable de commettre un acte aussi odieux ?\u00a0\u00bb. Selon les m\u00e9dias US et le gouverneur de l&rsquo;Utah, Spencer Cox, <strong>l&rsquo;auteur pr\u00e9sum\u00e9 du tir mortel n&rsquo;avait pas d&rsquo;ant\u00e9c\u00e9dent judiciaire<\/strong>.<\/p>\n<p>            Une hostilit\u00e9 envers Charlie Kirk ?<\/p>\n<p class=\"article-p mdl\">Politiquement, <strong>les parents de Tyler Robinson<\/strong>\u00a0sont inscrits sur les listes \u00e9lectorales comme <strong>r\u00e9publicains<\/strong>. Le jeune homme n&rsquo;a lui indiqu\u00e9 aucune affiliation politique. D&rsquo;apr\u00e8s les registres de l&rsquo;\u00c9tat, il n&rsquo;a pas vot\u00e9 en 2024 lors de la r\u00e9\u00e9lection de Donald Trump. Mais selon le gouverneur de l&rsquo;Utah, qui a divulgu\u00e9 certains \u00e9l\u00e9ments d&rsquo;enqu\u00eate vendredi, le jeune homme s&rsquo;\u00e9tait \u00ab\u00a0<strong>plus politis\u00e9 ces derni\u00e8res ann\u00e9es<\/strong>\u00ab\u00a0. Toujours selon les autorit\u00e9s, il aurait notamment partag\u00e9\u00a0<a class=\"link\" href=\"https:\/\/www.rtl.fr\/actu\/international\/etats-unis-qui-est-charlie-kirk-militant-conservateur-et-allie-de-donald-trump-tue-par-balle-7900539950\" target=\"_blank\" rel=\"noopener\">son hostilit\u00e9 envers Charlie Kirk<\/a>\u00a0avec un membre de sa famille lors de la venue du proche de Donald Trump dans l&rsquo;Utah.\u00a0<\/p>\n<p class=\"article-p mdl\">Le m\u00e9dia am\u00e9ricain CNN a rapport\u00e9 que Tyler Robinson \u00ab\u00a0ne parlait pas vraiment politique\u00a0\u00bb, d&rsquo;apr\u00e8s un ancien de travail qui dit que le jeune homme ne portait pas vraiment Donald Trump et Charlie Kirk dans son c\u0153ur. Si le jeune semblait partager &#8211; un temps &#8211; les convictions r\u00e9publicaines de ses parents, les enqu\u00eateurs ont \u00e9galement retrouv\u00e9 des messages \u00e0 tonalit\u00e9 antifasciste &#8211; \u00ab\u00a0Eh fasciste ! Attrape \u00e7a !\u00a0\u00bb et une r\u00e9f\u00e9rence au chant antifasciste italien Bella Ciao &#8211; sur des douilles retrouv\u00e9es pr\u00e8s de la sc\u00e8ne de crime. De quoi l&rsquo;\u00e9tiqueter comme un tueur \u00ab\u00a0d&rsquo;extr\u00eame gauche\u00a0\u00bb pour une grande partie de la droite am\u00e9ricaine.<\/p>\n<p>            Un colocataire en transition de genre<\/p>\n<p class=\"article-p mdl\">Passionn\u00e9 de jeux vid\u00e9o, <strong>Tyler Robinson\u00a0vivait avec une personne transgenre<\/strong>, a affirm\u00e9, ce dimanche 14 septembre, le gouverneur de l&rsquo;Utah. Des d\u00e9tails susceptibles d&rsquo;exacerber encore plus le vif d\u00e9bat politique dans une Am\u00e9rique ultra-polaris\u00e9e. Le colocataire \u00ab\u00a0entretenait une relation amoureuse\u00a0\u00bb avec le meurtrier pr\u00e9sum\u00e9. Il s&rsquo;agit d'\u00a0\u00bbun homme en transition de genre pour devenir une femme\u00a0\u00bb, a d\u00e9clar\u00e9 Spencer Cox.<\/p>\n<p>Si aucun lien n&rsquo;a pour l&rsquo;instant \u00e9t\u00e9 d\u00e9termin\u00e9 entre le colocataire transgenre et le meurtre de Charlie Kirk, le podcasteur tu\u00e9 \u00e0 l&rsquo;\u00e2ge de 31 ans a <strong>souvent critiqu\u00e9 les droits LGBTQ+<\/strong> et notamment ceux des personnes transgenres. Et de nombreuses figures de l&rsquo;extr\u00eame droite ont vite \u00e9tabli un rapprochement entre cette \u00ab\u00a0relation amoureuse\u00a0\u00bb et le passage \u00e0 l&rsquo;acte du jeune tireur pr\u00e9sum\u00e9. \u00c0 commercer par Donald Trump. Le pr\u00e9sident des \u00c9tats-Unis avait tonn\u00e9 que \u00ab\u00a0<strong>la gauche radicale<\/strong>\u00a0\u00bb avait contribu\u00e9 au meurtre de Charlie Kirk dans une vid\u00e9o publi\u00e9e au soir de l&rsquo;assassinat.<\/p>\n<p>    Un membre de groupe Groypers ?<\/p>\n<p class=\"article-p mdl\">Si, aux\u00a0\u00c9tats-Unis, certains sont persuad\u00e9s qu&rsquo;il s&rsquo;agit d&rsquo;un crime politique d&rsquo;extr\u00eame gauche, d&rsquo;autres, notamment sur les r\u00e9seaux sociaux, \u00e9voquent la piste d&rsquo;un groupe de <strong>supr\u00e9matistes blancs<\/strong> nomm\u00e9 <strong>Groypers<\/strong>. En effet, des internautes ont fait remarquer que le groupe radical pouvait se montrer hostile contre Charlie Kirk.<\/p>\n<p><a class=\"link\" href=\"https:\/\/ici.radio-canada.ca\/info\/breve\/13982\/groypers-nationaliste-suprematisme-blanc-americain-racisme-charlie\" target=\"_blank\" rel=\"noopener\">Radio Canada<\/a>\u00a0rapporte que les Groypers s&rsquo;\u00e9taient fait conna\u00eetre, en 2019, en perturbant les rassemblements de l&rsquo;association de l&rsquo;influenceur conservateur, Turning Point USA. Tyler Robinson peut-il avoir rejoint ce groupe de supr\u00e9matistes blancs ? \u00c0 l&rsquo;heure actuelle, ni les enqu\u00eateurs ni les autorit\u00e9s de l&rsquo;Utah ont rapport\u00e9 quelconque rapprochement avec cette mouvance.\u00a0<\/p>\n<p>    La r\u00e9daction vous recommande<\/p>\n<p class=\"s-newsletter__title\">\n                L\u2019actualit\u00e9 par la r\u00e9daction de RTL dans votre bo\u00eete mail.\n            <\/p>\n<p class=\"s-newsletter__subtitle\">\n                Gr\u00e2ce \u00e0 votre compte RTL abonnez-vous \u00e0 la newsletter RTL info pour suivre toute l&rsquo;actualit\u00e9 au quotidien\n            <\/p>\n<p>\n                                    Lire la suite\n                                <\/p>\n","protected":false},"excerpt":{"rendered":"Qui est vraiment Tyler Robinson ? Principal suspect de l&rsquo;assassinat de l&rsquo;influenceur conservateur Charlie Kirk, ce jeune homme&hellip;\n","protected":false},"author":2,"featured_media":392764,"comment_status":"","ping_status":"","sticky":false,"template":"","format":"standard","meta":{"footnotes":""},"categories":[2],"tags":[11,6744,75,73,107,1011,27,28152,12,9150,316],"class_list":{"0":"post-392763","1":"post","2":"type-post","3":"status-publish","4":"format-standard","5":"has-post-thumbnail","7":"category-actualites","8":"tag-actualites","9":"tag-assassinat","10":"tag-donald-trump","11":"tag-etats-unis","12":"tag-fil-info","13":"tag-fr","14":"tag-france","15":"tag-meurtres","16":"tag-news","17":"tag-parti-republicain","18":"tag-politique"},"share_on_mastodon":{"url":"https:\/\/pubeurope.com\/@fr\/115208749341612606","error":""},"_links":{"self":[{"href":"https:\/\/www.europesays.com\/fr\/wp-json\/wp\/v2\/posts\/392763","targetHints":{"allow":["GET"]}}],"collection":[{"href":"https:\/\/www.europesays.com\/fr\/wp-json\/wp\/v2\/posts"}],"about":[{"href":"https:\/\/www.europesays.com\/fr\/wp-json\/wp\/v2\/types\/post"}],"author":[{"embeddable":true,"href":"https:\/\/www.europesays.com\/fr\/wp-json\/wp\/v2\/users\/2"}],"replies":[{"embeddable":true,"href":"https:\/\/www.europesays.com\/fr\/wp-json\/wp\/v2\/comments?post=392763"}],"version-history":[{"count":0,"href":"https:\/\/www.europesays.com\/fr\/wp-json\/wp\/v2\/posts\/392763\/revisions"}],"wp:featuredmedia":[{"embeddable":true,"href":"https:\/\/www.europesays.com\/fr\/wp-json\/wp\/v2\/media\/392764"}],"wp:attachment":[{"href":"https:\/\/www.europesays.com\/fr\/wp-json\/wp\/v2\/media?parent=392763"}],"wp:term":[{"taxonomy":"category","embeddable":true,"href":"https:\/\/www.europesays.com\/fr\/wp-json\/wp\/v2\/categories?post=392763"},{"taxonomy":"post_tag","embeddable":true,"href":"https:\/\/www.europesays.com\/fr\/wp-json\/wp\/v2\/tags?post=392763"}],"curies":[{"name":"wp","href":"https:\/\/api.w.org\/{rel}","templated":true}]}}