{"id":392783,"date":"2025-09-15T14:29:09","date_gmt":"2025-09-15T14:29:09","guid":{"rendered":"https:\/\/www.europesays.com\/fr\/392783\/"},"modified":"2025-09-15T14:29:09","modified_gmt":"2025-09-15T14:29:09","slug":"la-metropole-ne-lache-pas-laffaire","status":"publish","type":"post","link":"https:\/\/www.europesays.com\/fr\/392783\/","title":{"rendered":"la M\u00e9tropole ne l\u00e2che pas l&rsquo;affaire"},"content":{"rendered":"<p>            Par<br \/>\n        <strong><br \/>\n            <a href=\"https:\/\/actu.fr\/auteur\/lisa-rodrigues\" title=\"Consulter tous les articles de Lisa Rodrigues\" target=\"_blank\" rel=\"noopener\">Lisa Rodrigues<\/a><br \/>\n        <\/strong><\/p>\n<p>        Publi\u00e9 le<\/p>\n<p>            15 sept. 2025 \u00e0 16h05        <\/p>\n<p>C\u2019est un dossier qui court depuis plusieurs mois. <a href=\"https:\/\/actu.fr\/tag\/grenoble-alpes-metropole\" target=\"_blank\" rel=\"noopener\">Grenoble-Alpes M\u00e9tropole<\/a>, comme d\u2019autres communes de l\u2019agglom\u00e9ration, a d\u00e9cid\u00e9 de mettre en place des <strong>cong\u00e9s sp\u00e9ciaux<\/strong> pour ses agents, dans le cadre de sa politique en faveur de l\u2019\u00e9galit\u00e9 hommes-femmes.<\/p>\n<p class=\" wall-content\">Probl\u00e8me : <strong>la pr\u00e9fecture de l\u2019Is\u00e8re conteste<\/strong> la capacit\u00e9 des collectivit\u00e9s \u00e0 cr\u00e9er de nouvelles conditions d\u2019absence pour ses agents. Le 11 septembre, la cour administrative d\u2019appel de Lyon a donn\u00e9 raison aux services de l\u2019\u00c9tat et suspendu deux cong\u00e9s sp\u00e9ciaux de la M\u00e9tropole, qui ne compte pas s\u2019arr\u00eater l\u00e0.<\/p>\n<p>Deux r\u00e9f\u00e9r\u00e9s suspension d\u00e9pos\u00e9s<\/p>\n<p class=\" wall-content\">C\u2019est en d\u00e9cembre 2024 que Grenoble-Alpes M\u00e9tropole a vot\u00e9 pour la mise en place de trois nouvelles autorisations d\u2019absence pour ses agents : un <strong>cong\u00e9 2e parent<\/strong> qui allonge le cong\u00e9 paternit\u00e9 sur le cong\u00e9 maternit\u00e9, un <strong>cong\u00e9 interruption de grossesse<\/strong> et un <strong>cong\u00e9 menstruel<\/strong>.<\/p>\n<p class=\" wall-content\">En janvier 2025, la pr\u00e9fecture de l\u2019Is\u00e8re d\u00e9pose un <a href=\"https:\/\/actu.fr\/auvergne-rhone-alpes\/grenoble_38185\/isere-la-prefecture-s-oppose-au-conge-menstruel-stupeur-pour-les-communes-concernees_62177365.html\" target=\"_blank\" rel=\"noopener\">premier r\u00e9f\u00e9r\u00e9 suspension<\/a> aupr\u00e8s du tribunal administratif de <a href=\"https:\/\/actu.fr\/auvergne-rhone-alpes\/grenoble_38185\" target=\"_blank\" rel=\"noopener\">Grenoble<\/a>. Celui-ci a valid\u00e9 le cong\u00e9 2e parent et le cong\u00e9 IVG, que la M\u00e9tropole a mis en place via une note de service en f\u00e9vrier. Mais en juin, la pr\u00e9fecture a, \u00e0 nouveau, d\u00e9pos\u00e9 un r\u00e9f\u00e9r\u00e9 suspension. Cette fois-ci, le tribunal administratif a suspendu le cong\u00e9 IVG, mais maintenu le cong\u00e9 2e parent.<\/p>\n<p class=\" wall-content\">Les deux parties ont fait appel de cette d\u00e9cision devant la cour administrative d\u2019appel de Lyon, qui a finalement suspendu en septembre \u00ab\u00a0le cong\u00e9 2e parent au-del\u00e0 de la suspension de l\u2019autorisation pour interruption de grossesse, jusqu\u2019\u00e0 ce qu\u2019il soit statu\u00e9 au fond sur la l\u00e9galit\u00e9 de cette d\u00e9cision\u00a0\u00bb, pr\u00e9cise Grenoble-Alpes M\u00e9tropole dans un communiqu\u00e9.<\/p>\n<p>Une trentaine de cong\u00e9s sp\u00e9ciaux d\u00e9j\u00e0 accord\u00e9s<\/p>\n<p class=\" wall-content\">Le feuilleton administratif et judiciaire ne devrait pas en rester l\u00e0, puisque la M\u00e9tropole a annonc\u00e9 sa volont\u00e9 de ne pas laisser tomber le dossier.<\/p>\n<p>Votre r\u00e9gion, votre actu !<\/p>\n<p>Recevez chaque jour les infos qui comptent pour vous.<\/p>\n<p>\t<a href=\"https:\/\/actu.fr\/newsletter\" class=\"ac-btn ac-btn--corner ac-btn--medium ac-btn--blue800\" target=\"_blank\" rel=\"noopener\">S&rsquo;incrire<\/a><\/p>\n<blockquote class=\"ac-article-quote wall-content\">\n<p>La M\u00e9tropole poursuivra son combat : elle annonce d\u00e8s lors se pourvoir en cassation devant le Conseil d&rsquo;\u00c9tat.<\/p>\n<p>    <strong>Grenoble-Alpes M\u00e9tropole<\/strong>\n            <\/p><\/blockquote>\n<p class=\" wall-content\">\u00ab\u00a0Nous sommes ici bien loin des avanc\u00e9es en mati\u00e8re de plus d\u2019\u00e9galit\u00e9 promises il y a plusieurs ann\u00e9es au niveau national, d\u00e9plore Christophe Ferrari, pr\u00e9sident de la M\u00e9tropole. <strong>Nous d\u00e9plorons \u00e9galement l\u2019acharnement de la pr\u00e9fecture<\/strong> sur ce dossier, alors que nous voyons <a href=\"https:\/\/actu.fr\/occitanie\/toulouse_31555\/a-partir-de-la-rentree-cette-universite-de-toulouse-accorde-le-conge-menstruel-a-ses-etudiantes_63073311.html\" target=\"_blank\" rel=\"noopener\">plus de souplesse<\/a>, plus d\u2019ouverture, dans d\u2019autres d\u00e9partements.\u00a0\u00bb<\/p>\n<p class=\" wall-content\">Selon Grenoble-Alpes M\u00e9tropole, depuis la mise en place de ces cong\u00e9s sp\u00e9ciaux, 25 cong\u00e9s 2e parent ont \u00e9t\u00e9 pris, 11 agentes ont pris un t\u00e9l\u00e9travail menstruel et une demande a \u00e9t\u00e9 faite concernant le cong\u00e9 IVG.\u00a0<\/p>\n<p class=\" wall-content\">Personnalisez votre actualit\u00e9 en ajoutant vos villes et m\u00e9dias en favori avec <a href=\"https:\/\/moncompte.actu.fr\" title=\"D\u00e9couvez Mon Actu\" rel=\"nofollow noopener\" data-trk=\"{&quot;cta&quot;:{&quot;action&quot;:&quot;https:\\\/\\\/moncompte.actu.fr&quot;,&quot;category&quot;:&quot;mon compte&quot;,&quot;from&quot;:&quot;article footer&quot;,&quot;name&quot;:&quot;Mon actu&quot;,&quot;type&quot;:&quot;cta&quot;}}\" target=\"_blank\">Mon Actu<\/a>.<\/p>\n","protected":false},"excerpt":{"rendered":"Par Lisa Rodrigues Publi\u00e9 le 15 sept. 2025 \u00e0 16h05 C\u2019est un dossier qui court depuis plusieurs mois.&hellip;\n","protected":false},"author":2,"featured_media":392784,"comment_status":"","ping_status":"","sticky":false,"template":"","format":"standard","meta":{"footnotes":""},"categories":[9566],"tags":[1111,11,2430,1777,674,652,1011,27,2731,7085,303,12,25,104],"class_list":{"0":"post-392783","1":"post","2":"type-post","3":"status-publish","4":"format-standard","5":"has-post-thumbnail","7":"category-grenoble","8":"tag-actu","9":"tag-actualites","10":"tag-auvergne-rhone-alpes","11":"tag-eu","12":"tag-europe","13":"tag-famille","14":"tag-fr","15":"tag-france","16":"tag-grenoble","17":"tag-ivg","18":"tag-justice","19":"tag-news","20":"tag-republique-francaise","21":"tag-societe"},"share_on_mastodon":{"url":"https:\/\/pubeurope.com\/@fr\/115208792608310544","error":""},"_links":{"self":[{"href":"https:\/\/www.europesays.com\/fr\/wp-json\/wp\/v2\/posts\/392783","targetHints":{"allow":["GET"]}}],"collection":[{"href":"https:\/\/www.europesays.com\/fr\/wp-json\/wp\/v2\/posts"}],"about":[{"href":"https:\/\/www.europesays.com\/fr\/wp-json\/wp\/v2\/types\/post"}],"author":[{"embeddable":true,"href":"https:\/\/www.europesays.com\/fr\/wp-json\/wp\/v2\/users\/2"}],"replies":[{"embeddable":true,"href":"https:\/\/www.europesays.com\/fr\/wp-json\/wp\/v2\/comments?post=392783"}],"version-history":[{"count":0,"href":"https:\/\/www.europesays.com\/fr\/wp-json\/wp\/v2\/posts\/392783\/revisions"}],"wp:featuredmedia":[{"embeddable":true,"href":"https:\/\/www.europesays.com\/fr\/wp-json\/wp\/v2\/media\/392784"}],"wp:attachment":[{"href":"https:\/\/www.europesays.com\/fr\/wp-json\/wp\/v2\/media?parent=392783"}],"wp:term":[{"taxonomy":"category","embeddable":true,"href":"https:\/\/www.europesays.com\/fr\/wp-json\/wp\/v2\/categories?post=392783"},{"taxonomy":"post_tag","embeddable":true,"href":"https:\/\/www.europesays.com\/fr\/wp-json\/wp\/v2\/tags?post=392783"}],"curies":[{"name":"wp","href":"https:\/\/api.w.org\/{rel}","templated":true}]}}