{"id":392787,"date":"2025-09-15T14:31:11","date_gmt":"2025-09-15T14:31:11","guid":{"rendered":"https:\/\/www.europesays.com\/fr\/392787\/"},"modified":"2025-09-15T14:31:11","modified_gmt":"2025-09-15T14:31:11","slug":"lincendie-du-bus-sur-la-rocade-perturbe-toujours-le-trafic-routier-et-ca-pourrait-encore-durer","status":"publish","type":"post","link":"https:\/\/www.europesays.com\/fr\/392787\/","title":{"rendered":"L\u2019incendie du bus sur la rocade perturbe toujours le trafic routier (et \u00e7a pourrait encore durer)"},"content":{"rendered":"<p>Il n\u2019a gu\u00e8re appr\u00e9ci\u00e9 d\u2019\u00eatre plong\u00e9 dans un brasier, passant plus d\u2019une demi-heure dans une fournaise \u00e0 plusieurs centaines de degr\u00e9s. A Rennes, le pont de l\u2019Alma a subi d\u2019importants d\u00e9g\u00e2ts <a href=\"https:\/\/www.20minutes.fr\/societe\/4172250-20250910-bloquons-tout-entres-tout-saccage-sait-bus-brule-rennes\" class=\"c-link c-link--is-underlined\" target=\"_blank\" rel=\"noopener\">apr\u00e8s le pillage et l\u2019incendie d\u2019un bus<\/a> lors du blocage de la rocade le 10\u00a0septembre. \u00ab\u00a0Le b\u00e9ton a \u00e9t\u00e9 d\u00e9grad\u00e9 sur plusieurs centim\u00e8tres et les aciers ont chang\u00e9 de couleur\u00a0\u00bb, indique Arnaud Gautier, directeur adjoint de la direction interd\u00e9partementale des routes (DIR) de l\u2019Ouest.<\/p>\n<p>La nature exacte et le montant des dommages ne sont pas encore connus et des investigations nocturnes vont \u00eatre men\u00e9es entre mardi et jeudi par des \u00e9quipes du Centre d\u2019\u00e9tudes et d\u2019expertise sur les risques, l\u2019environnement, la mobilit\u00e9 et l\u2019am\u00e9nagement (Cerema). \u00ab\u00a0Il faudra notamment d\u00e9terminer si la portance de l\u2019ouvrage a souffert\u00a0\u00bb, pr\u00e9cise Arnaud Gautier.<\/p>\n<p>Des r\u00e9percussions sur l\u2019ensemble du r\u00e9seau routier<\/p>\n<p>En attendant, <a href=\"https:\/\/www.20minutes.fr\/rennes\/4172425-20250911-bloquons-tout-rennes-restrictions-circulation-apres-incendie-bus\" class=\"c-link c-link--is-underlined\" target=\"_blank\" rel=\"noopener\">la circulation sur ce pont est interdite<\/a> depuis l\u2019incendie pour tous les v\u00e9hicules dans le sens Nantes vers Rennes et le restera au moins jusqu\u2019au 26\u00a0septembre. \u00ab\u00a0La phase de r\u00e9ouverture d\u00e9pendra des r\u00e9sultats des investigations\u00a0\u00bb, souligne Nathan Tavernier, chef du district de Rennes \u00e0 la DIR Ouest. Pour les poids lourds en revanche, on sait d\u00e9j\u00e0 que cette fermeture durera plusieurs mois.<\/p>\n<p>Si des d\u00e9viations ont \u00e9t\u00e9 mises en place, la fermeture du pont, qui voit d\u00e9filer chaque jour 20.000 v\u00e9hicules dans le sens Nantes-Rennes, a d\u00e9j\u00e0 des r\u00e9percussions sur l\u2019ensemble du r\u00e9seau routier dans la capitale bretonne. Et m\u00eame au-del\u00e0 puisque toutes les petites routes ou presque sont engorg\u00e9es dans le sud de Rennes.<\/p>\n<p>Un appel \u00e0 t\u00e9moins lanc\u00e9 par la police<\/p>\n<p>R\u00e9sultat, le temps de trajet des automobilistes aurait ainsi augment\u00e9 d\u2019une demi-heure environ depuis jeudi dans l\u2019agglom\u00e9ration rennaise, selon les premiers chiffres de la DIRO. Et d\u00e8s ce mardi, la situation sera encore plus catastrophique avec l\u2019ouverture du Space, le salon de l\u2019\u00e9levage qui va rassembler plusieurs centaines de milliers de visiteurs jusqu\u2019\u00e0 jeudi au Parc Expo.<\/p>\n<\/p>\n<p>Pendant que des milliers d\u2019automobilistes gal\u00e8rent dans les bouchons, l\u2019enqu\u00eate se poursuit \u00e9galement sur l\u2019incendie du bus <a href=\"https:\/\/www.20minutes.fr\/faits_divers\/faits-divers-rennes\/4172699-20250912-bloquons-tout-rennes-incendie-bus-cause-manifestants\" class=\"c-link c-link--is-underlined\" target=\"_blank\" rel=\"noopener\">qui aurait \u00e9t\u00e9 caus\u00e9 par des manifestants<\/a> participants au mouvement \u00ab\u00a0Bloquons tout.\u00a0\u00bb \u00ab\u00a0Les premiers \u00e9l\u00e9ments de l\u2019enqu\u00eate permettent de confirmer qu\u2019il s\u2019agit d\u2019un incendie volontaire par un manifestant\u00a0\u00bb, avait fait savoir jeudi Fr\u00e9d\u00e9ric Teillet, procureur de la R\u00e9publique de Rennes. Un appel \u00e0 t\u00e9moins a \u00e9t\u00e9 lanc\u00e9 par la police pour tenter d\u2019identifier le ou les mis en cause.<\/p>\n","protected":false},"excerpt":{"rendered":"Il n\u2019a gu\u00e8re appr\u00e9ci\u00e9 d\u2019\u00eatre plong\u00e9 dans un brasier, passant plus d\u2019une demi-heure dans une fournaise \u00e0 plusieurs&hellip;\n","protected":false},"author":2,"featured_media":392788,"comment_status":"","ping_status":"","sticky":false,"template":"","format":"standard","meta":{"footnotes":""},"categories":[2821],"tags":[1111,47,11,829,7048,3542,1777,674,1011,27,848,1310,5495,12,5604,584,25,4797,209,104,26636],"class_list":{"0":"post-392787","1":"post","2":"type-post","3":"status-publish","4":"format-standard","5":"has-post-thumbnail","7":"category-rennes","8":"tag-actu","9":"tag-actualite","10":"tag-actualites","11":"tag-bretagne","12":"tag-bus","13":"tag-circulation","14":"tag-eu","15":"tag-europe","16":"tag-fr","17":"tag-france","18":"tag-ille-et-vilaine","19":"tag-incendie","20":"tag-infrastructures","21":"tag-news","22":"tag-pont","23":"tag-rennes","24":"tag-republique-francaise","25":"tag-rocade","26":"tag-route","27":"tag-societe","28":"tag-trafic-routier"},"share_on_mastodon":{"url":"https:\/\/pubeurope.com\/@fr\/115208800467851590","error":""},"_links":{"self":[{"href":"https:\/\/www.europesays.com\/fr\/wp-json\/wp\/v2\/posts\/392787","targetHints":{"allow":["GET"]}}],"collection":[{"href":"https:\/\/www.europesays.com\/fr\/wp-json\/wp\/v2\/posts"}],"about":[{"href":"https:\/\/www.europesays.com\/fr\/wp-json\/wp\/v2\/types\/post"}],"author":[{"embeddable":true,"href":"https:\/\/www.europesays.com\/fr\/wp-json\/wp\/v2\/users\/2"}],"replies":[{"embeddable":true,"href":"https:\/\/www.europesays.com\/fr\/wp-json\/wp\/v2\/comments?post=392787"}],"version-history":[{"count":0,"href":"https:\/\/www.europesays.com\/fr\/wp-json\/wp\/v2\/posts\/392787\/revisions"}],"wp:featuredmedia":[{"embeddable":true,"href":"https:\/\/www.europesays.com\/fr\/wp-json\/wp\/v2\/media\/392788"}],"wp:attachment":[{"href":"https:\/\/www.europesays.com\/fr\/wp-json\/wp\/v2\/media?parent=392787"}],"wp:term":[{"taxonomy":"category","embeddable":true,"href":"https:\/\/www.europesays.com\/fr\/wp-json\/wp\/v2\/categories?post=392787"},{"taxonomy":"post_tag","embeddable":true,"href":"https:\/\/www.europesays.com\/fr\/wp-json\/wp\/v2\/tags?post=392787"}],"curies":[{"name":"wp","href":"https:\/\/api.w.org\/{rel}","templated":true}]}}