{"id":392793,"date":"2025-09-15T14:34:17","date_gmt":"2025-09-15T14:34:17","guid":{"rendered":"https:\/\/www.europesays.com\/fr\/392793\/"},"modified":"2025-09-15T14:34:17","modified_gmt":"2025-09-15T14:34:17","slug":"strasbourg-expo-encheres-concert-le-forum-des-peuples-racines-devoile-son-programme","status":"publish","type":"post","link":"https:\/\/www.europesays.com\/fr\/392793\/","title":{"rendered":"Strasbourg. Expo, ench\u00e8res, concert\u2026 le Forum des Peuples racines\u00a0d\u00e9voile son programme"},"content":{"rendered":"<p>Le Forum des Peuples racines revient du 19 au 21\u00a0septembre au Pr\u00e9O d\u2019Oberhausbergen, pour <a href=\"https:\/\/www.dna.fr\/culture-loisirs\/2025\/09\/12\/peuples-racines-un-4-e-forum-et-un-off-pour-etre-en-joie-du-14-au-28-septembre\" target=\"_blank\" rel=\"noopener\">une quatri\u00e8me \u00e9dition et sur le th\u00e8me \u00ab\u00a0\u00catre en joie\u00a0\u00bb<\/a>. Cette ann\u00e9e, et pour la premi\u00e8re fois, les organisateurs proposent un off, \u00e0 Strasbourg ou m\u00eame Obernai. Les festivit\u00e9s, si elles ont commenc\u00e9 ce dimanche 14\u00a0septembre avec <a href=\"https:\/\/www.dna.fr\/culture-loisirs\/2025\/09\/15\/un-pique-nique-pour-rencontrer-les-peuples-racines-en-preambule-du-forum?preview=true\" target=\"_blank\" rel=\"noopener\">un pique-nique \u00e0 Oberhausbergen<\/a>, se poursuivent jusqu\u2019au 28\u00a0septembre, avec une exposition photographique.<\/p>\n<p>Cinq Peuples racines seront \u00e0 l\u2019honneur\u00a0: les Mayas (Mexique \u2013 Chiapas &#8211; d\u00e9veloppement d\u2019un tourisme local \u00e9thique et d\u2019activit\u00e9s de revalorisation culturelle)\u00a0; les Betsimisaraka (Madagascar &#8211; production de rem\u00e8des traditionnels \u00e0 partir des plantes m\u00e9dicinales de la for\u00eat)\u00a0; les Kariri-Xoc\u00f3 (Br\u00e9sil &#8211; cr\u00e9ation d\u2019une pharmacie vivante et transmission des savoirs autour des plantes)\u00a0; les P\u00e9nan (Malaisie \u2013 Born\u00e9o &#8211; construction d\u2019une Maison des savoirs pour lutter contre l\u2019oubli des traditions\u00a0; les Amazighs (Maroc &#8211; Haut Atlas &#8211; sauvegarde de la danse \u00ab\u00a0Taskiwin\u00a0\u00bb, patrimoine immat\u00e9riel menac\u00e9).<\/p>\n<p>Ce contenu est bloqu\u00e9 car vous n&rsquo;avez pas accept\u00e9 les cookies et autres traceurs.<\/p>\n<p>En cliquant sur \u00ab J\u2019accepte \u00bb, les cookies et autres traceurs seront d\u00e9pos\u00e9s et vous pourrez visualiser les contenus  (<a href=\"\" class=\"consentModule_policy\" target=\"_blank\" title=\"Consulter la politique de protection des donn\u00e9es du fournisseur\">plus d&rsquo;informations<\/a>).<\/p>\n<p>En cliquant sur \u00ab J\u2019accepte tous les cookies \u00bb, vous autorisez des d\u00e9p\u00f4ts de cookies et autres traceurs pour le stockage de vos donn\u00e9es sur nos sites et applications \u00e0 des fins de personnalisation et de ciblage publicitaire.<\/p>\n<p class=\"consentModule_secondaryText\">Vous gardez la possibilit\u00e9 de retirer votre consentement \u00e0 tout moment en consultant notre <a href=\"https:\/\/www.dna.fr\/protection-des-donnees\" target=\"_blank\" title=\"Consulter notre politique de protection des donn\u00e9es\" rel=\"noopener\">politique de protection des donn\u00e9es<\/a>. <br \/>&#13;<br \/>\n            <a href=\"https:\/\/www.dna.fr\/culture-loisirs\/2025\/09\/15\/javascript:Didomi.notice.show()\" class=\"consentModule_cmp\" target=\"_blank\" rel=\"noopener\">G\u00e9rer mes choix<\/a>&#13;\n        <\/p>\n<p>&#13;<br \/>\n                        J&rsquo;accepte&#13;<br \/>\n            J&rsquo;accepte tous les cookies&#13;\n        <\/p>\n<p>  Le programme du forum<\/p>\n<p>\u25a0 <strong>Exposition \u201cHommage\u201d, du vendredi 19\u00a0septembre au dimanche 28\u00a0septembre \u00e0 Strasbourg (Aubette)<\/strong> Intitul\u00e9e \u201cHommage\u201d, pr\u00e9sent\u00e9e par Franck Desplanques (r\u00e9dacteur-en-chef de Rendez-vous en terre inconnue). Vernissage le vendredi 19\u00a0septembre avec cocktail d\u00eenatoire. Entr\u00e9e libre, plateau.<\/p>\n<p>\u25a0 <strong> Soir\u00e9e inaugurale, vendredi 19\u00a0septembre \u00e0 Oberhausbergen (Pr\u00e9O)<\/strong> En pr\u00e9sence de repr\u00e9sentants des cinq Peuples racines, de la marraine V\u00e9ronique Jannot et les parrains, Arnaud Riou et Josef Schovanec, de 18\u00a0h\u00a030 \u00e0 22\u00a0h. Interm\u00e8des musicaux. Restauration du monde. Billetterie.<\/p>\n<p>\u25a0 <strong>Discours des Mayas au salon de l\u2019agriculture biologique BiObernai, vendredi 19\u00a0septembre \u00e0 Obernai<\/strong> \u00c0 l\u2019occasion de l\u2019inauguration publique du salon BiObernai, \u00ab\u00a0partenaire de c\u0153ur\u00a0\u00bb, \u00e0 11h30. Entr\u00e9e libre.<\/p>\n<p>\u25a0 <strong>Pl\u00e9ni\u00e8re interactive, samedi 20\u00a0septembre \u00e0 Oberhausbergen (Pr\u00e9O)<\/strong> Avec les repr\u00e9sentants des Peuples racines, la marraine V\u00e9ronique Jannot et les parrains, Arnaud Riou et Josef Schovanec, de 13\u00a0h\u00a030 \u00e0 19\u00a0h. Une surprise \u00e0 l\u2019affiche. Restauration du monde \u00e0 partir de 12\u00a0h. Billetterie.<\/p>\n<p>\u25a0 <strong>Quatre ateliers, dimanche 21\u00a0septembre \u00e0 Oberhausbergen (Pr\u00e9O)<\/strong> Anim\u00e9s par les repr\u00e9sentants des Peuples racines, de 9\u00a0h\u00a030 \u00e0 17\u00a0h. Restauration du monde. Billetterie.<\/p>\n<p>\u25a0 <strong>Tribune, dimanche 21\u00a0septembre \u00e0 Strasbourg (<a href=\"https:\/\/www.dna.fr\/p\/parlement-europeen\" target=\"_blank\" rel=\"noopener\">Parlement europ\u00e9en<\/a>)<\/strong> Prise de parole des repr\u00e9sentants des cinq peuples, de 12\u00a0h\u00a030 \u00e0 13\u00a0h\u00a030. <a href=\"https:\/\/www.dna.fr\/culture-loisirs\/2025\/09\/13\/salome-saque-peuples-racines-guillaume-gallienne-les-bibliotheques-ideales-sont-de-retour\" target=\"_blank\" rel=\"noopener\">Dans le cadre des Biblioth\u00e8ques id\u00e9ales<\/a>. Entr\u00e9e libre.<\/p>\n<p>\u25a0 <strong>Vente aux ench\u00e8res, vendredi 26\u00a0septembre \u00e0 Strasbourg (Aubette)<\/strong> Avec des \u0153uvres originales d\u2019artistes alsaciens (<a href=\"https:\/\/www.dna.fr\/p\/tomi-ungerer\" target=\"_blank\" rel=\"noopener\">Tomi Ungerer<\/a>, Raymond Waydelich et bien d\u2019autres), de 18\u00a0h\u00a030 \u00e0 20\u00a0h\u00a030. \u0152uvres visibles \u00e0 partir de 14\u00a0h. Vente suivie d\u2019un verre de l\u2019amiti\u00e9. Entr\u00e9e libre.<\/p>\n<p>\u25a0 <strong> Concert humanitaire, vendredi 26\u00a0septembre \u00e0 Strasbourg (Aubette)<\/strong> Par le groupe malgache Mazava, de 20\u00a0h \u00e0 22\u00a0h. Au profit de Mazava et Soa Kanto Malagasy\u00a0: \u00ab\u00a0une soir\u00e9e pour replanter demain dans le Grand Sud malgache\u00a0\u00bb. Billetterie.<\/p>\n<p class=\"note\">\u25b6 Pr\u00e9O, 5 rue du G\u00e9n\u00e9ral-de-Gaulle \u00e0 Oberhausbergen [capacit\u00e9 d\u2019accueil de 350 personnes]. L\u2019Aubette, 31 place Kl\u00e9ber \u00e0 Strasbourg. Salon BiObernai, parking des Remparts \u00e0 Obernai. Parlement europ\u00e9en, 1 avenue du Pr\u00e9sident-Robert-Schuman \u00e0 Strasbourg [capacit\u00e9 d\u2019accueil de 1\u00a0000 personnes]. <br \/>\u25b6 B\u00e9n\u00e9fices au profit de l\u2019association (venue des peuples et financement des cinq projets). <br \/>\u25b6 Infos pratiques\u00a0:\u00a006\u00a063\u00a096\u00a084\u00a059, info@ligneverteterredepaix.org\u00a0; www.ligneverteterredepaix.org\u00a0; forumpeuplesracines.org<\/p>\n","protected":false},"excerpt":{"rendered":"Le Forum des Peuples racines revient du 19 au 21\u00a0septembre au Pr\u00e9O d\u2019Oberhausbergen, pour une quatri\u00e8me \u00e9dition et&hellip;\n","protected":false},"author":2,"featured_media":392794,"comment_status":"","ping_status":"","sticky":false,"template":"","format":"standard","meta":{"footnotes":""},"categories":[2820],"tags":[1111,11,6211,1687,2880,1777,674,2271,3326,107,1685,1011,27,775,937,873,12,2661,5889,5486,25,104,3140,640,2879,1631],"class_list":{"0":"post-392793","1":"post","2":"type-post","3":"status-publish","4":"format-standard","5":"has-post-thumbnail","7":"category-strasbourg","8":"tag-actu","9":"tag-actualites","10":"tag-conference","11":"tag-culture-loisirs","12":"tag-edition-strasbourg","13":"tag-eu","14":"tag-europe","15":"tag-exposition-arts-plastiques","16":"tag-fete-locale","17":"tag-fil-info","18":"tag-foire-et-salon","19":"tag-fr","20":"tag-france","21":"tag-grand-est","22":"tag-histoire","23":"tag-musique","24":"tag-news","25":"tag-patrimoine-culturel","26":"tag-religion-croyance","27":"tag-rencontre","28":"tag-republique-francaise","29":"tag-societe","30":"tag-spectacle","31":"tag-strasbourg","32":"tag-strasbourg-ville","33":"tag-vie-associative"},"share_on_mastodon":{"url":"https:\/\/pubeurope.com\/@fr\/115208812336777474","error":""},"_links":{"self":[{"href":"https:\/\/www.europesays.com\/fr\/wp-json\/wp\/v2\/posts\/392793","targetHints":{"allow":["GET"]}}],"collection":[{"href":"https:\/\/www.europesays.com\/fr\/wp-json\/wp\/v2\/posts"}],"about":[{"href":"https:\/\/www.europesays.com\/fr\/wp-json\/wp\/v2\/types\/post"}],"author":[{"embeddable":true,"href":"https:\/\/www.europesays.com\/fr\/wp-json\/wp\/v2\/users\/2"}],"replies":[{"embeddable":true,"href":"https:\/\/www.europesays.com\/fr\/wp-json\/wp\/v2\/comments?post=392793"}],"version-history":[{"count":0,"href":"https:\/\/www.europesays.com\/fr\/wp-json\/wp\/v2\/posts\/392793\/revisions"}],"wp:featuredmedia":[{"embeddable":true,"href":"https:\/\/www.europesays.com\/fr\/wp-json\/wp\/v2\/media\/392794"}],"wp:attachment":[{"href":"https:\/\/www.europesays.com\/fr\/wp-json\/wp\/v2\/media?parent=392793"}],"wp:term":[{"taxonomy":"category","embeddable":true,"href":"https:\/\/www.europesays.com\/fr\/wp-json\/wp\/v2\/categories?post=392793"},{"taxonomy":"post_tag","embeddable":true,"href":"https:\/\/www.europesays.com\/fr\/wp-json\/wp\/v2\/tags?post=392793"}],"curies":[{"name":"wp","href":"https:\/\/api.w.org\/{rel}","templated":true}]}}