{"id":392795,"date":"2025-09-15T14:35:14","date_gmt":"2025-09-15T14:35:14","guid":{"rendered":"https:\/\/www.europesays.com\/fr\/392795\/"},"modified":"2025-09-15T14:35:14","modified_gmt":"2025-09-15T14:35:14","slug":"entre-mediterranee-et-baviere-le-port-de-nice-va-encore-accueillir-une-fete-de-la-biere-coloree-ou-se-croiseront-habitants-et-musiciens","status":"publish","type":"post","link":"https:\/\/www.europesays.com\/fr\/392795\/","title":{"rendered":"Entre M\u00e9diterran\u00e9e et Bavi\u00e8re ! Le Port de Nice va encore accueillir une f\u00eate de la bi\u00e8re color\u00e9e o\u00f9 se croiseront habitants et musiciens"},"content":{"rendered":"<p><strong>Le Port Lympia va r\u00e9sonner de refrains typiques, de rires et de chopes lev\u00e9es\u00a0: l\u2019Oktoberfest version ni\u00e7oise revient le vendredi 26 septembre, d\u00e8s 18h30. Un rendez-\u200bvous populaire, gratuit et festif o\u00f9 la convi\u00advialit\u00e9 europ\u00e9enne s\u2019invitera sur l\u2019Esplanade de la Douane\u2026<\/strong><\/p>\n<p>Oubliez les soir\u00e9es guind\u00e9es\u00a0: ici, tout est pr\u00e9texte \u00e0\u00a0trinquer, \u00e0\u00a0chanter et \u00e0\u00a0croiser ses voisins\u00a0! La f\u00eate allemande s\u2019offre une escale m\u00e9diter\u00adra\u00adn\u00e9enne\u2026 Dans ce d\u00e9cor ouvert sur la mer, les tradi\u00adtions se partagent sans fronti\u00e8re, et l\u2019Europe prend des airs de grande tabl\u00e9e.<\/p>\n<p>Pas besoin de prendre l\u2019avion pour go\u00fbter \u00e0\u00a0l\u2019ambiance bavaroise\u00a0: la M\u00e9tropole Nice C\u00f4te d\u2019Azur et la Ville trans\u00adforment le Port en un espace de rencontres. Foodtrucks, stands ludiques, anima\u00adtions pour tous les \u00e2ges et musiciens donneront le ton d\u2019une soir\u00e9e o\u00f9 chacun trouve sa place. Une vraie f\u00eate populaire, joyeuse et accessible.<\/p>\n<p>Traditions europ\u00e9ennes en partage<\/p>\n<p>Et comme \u00e0\u00a0Munich, la musique sera reine. Des concerts ponctueront la soir\u00e9e, incitant \u00e0\u00a0lever son verre, \u00e0\u00a0rire entre amis ou \u00e0\u00a0engager la discussion avec ses voisins de table. L\u2019Oktoberfest ni\u00e7ois, c\u2019est aussi \u00e7a\u00a0: une occasion de briser la glace et de red\u00e9couvrir la cit\u00e9 autrement.<\/p>\n<blockquote class=\"twitter-tweet\">\n<p lang=\"fr\" dir=\"ltr\">\ud83c\udde9\ud83c\uddea\ud83c\uddeb\ud83c\uddf7 Quel succ\u00e8s ce 1er Oktoberfest \u00e0 <a href=\"https:\/\/twitter.com\/hashtag\/Nice06?src=hash&amp;ref_src=twsrc%5Etfw\" target=\"_blank\" rel=\"noopener nofollow\">#Nice06<\/a>\u00a0! Retrouver les anciens camarades associatifs, les copains, la famille, et de tr\u00e8s nombreux Ni\u00e7ois et visiteurs, tous r\u00e9unis au Port Lympia, dans une ambiance tr\u00e8s chaleu\u00adreuse \ud83c\udf7b\ud83e\udd68.<\/p>\n<p>\ud83d\udc4f \u00e0 <a href=\"https:\/\/twitter.com\/MagaliAltounian?ref_src=twsrc%5Etfw\" target=\"_blank\" rel=\"noopener nofollow\">@MagaliAltounian<\/a>, aux \u00e9quipes, aux coll\u00e8gues\u2026 <a href=\"https:\/\/t.co\/kWaffYiYh5\" rel=\"nofollow\">pic.twitter.com\/kWaffYiYh5<\/a><\/p>\n<p>\u2014 Kelian Dubas (@KelianDubas) <a href=\"https:\/\/twitter.com\/KelianDubas\/status\/1850136802872442990?ref_src=twsrc%5Etfw\" target=\"_blank\" rel=\"noopener nofollow\">October 26,\u00a02024<\/a><\/p><\/blockquote>\n<p>Si la bi\u00e8re reste l\u2019ic\u00f4ne de l\u2019\u00e9v\u00e9nement, elle n\u2019est que le pr\u00e9texte \u00e0\u00a0une c\u00e9l\u00e9bration plus large\u00a0: celle des racines communes entre peuples europ\u00e9ens. On ne vient pas seulement pour boire une pinte, mais pour sentir battre le c\u0153ur d\u2019une fraternit\u00e9 franco-\u200ballemande solide. Le 26 septembre, Nice prouvera que les tradi\u00adtions ne divisent pas\u00a0: elles rassemblent, elles unissent et elles donnent le go\u00fbt de la\u00a0f\u00eate\u00a0!<\/p>\n<p>\t<script async src=\"https:\/\/platform.twitter.com\/widgets.js\" charset=\"utf-8\"><\/script><\/p>\n","protected":false},"excerpt":{"rendered":"Le Port Lympia va r\u00e9sonner de refrains typiques, de rires et de chopes lev\u00e9es\u00a0: l\u2019Oktoberfest version ni\u00e7oise revient&hellip;\n","protected":false},"author":2,"featured_media":392796,"comment_status":"","ping_status":"","sticky":false,"template":"","format":"standard","meta":{"footnotes":""},"categories":[2819],"tags":[1111,11,1777,674,1011,27,12,2401,882,25],"class_list":{"0":"post-392795","1":"post","2":"type-post","3":"status-publish","4":"format-standard","5":"has-post-thumbnail","7":"category-nice","8":"tag-actu","9":"tag-actualites","10":"tag-eu","11":"tag-europe","12":"tag-fr","13":"tag-france","14":"tag-news","15":"tag-nice","16":"tag-provence-alpes-cote-dazur","17":"tag-republique-francaise"},"share_on_mastodon":{"url":"https:\/\/pubeurope.com\/@fr\/115208816160513860","error":""},"_links":{"self":[{"href":"https:\/\/www.europesays.com\/fr\/wp-json\/wp\/v2\/posts\/392795","targetHints":{"allow":["GET"]}}],"collection":[{"href":"https:\/\/www.europesays.com\/fr\/wp-json\/wp\/v2\/posts"}],"about":[{"href":"https:\/\/www.europesays.com\/fr\/wp-json\/wp\/v2\/types\/post"}],"author":[{"embeddable":true,"href":"https:\/\/www.europesays.com\/fr\/wp-json\/wp\/v2\/users\/2"}],"replies":[{"embeddable":true,"href":"https:\/\/www.europesays.com\/fr\/wp-json\/wp\/v2\/comments?post=392795"}],"version-history":[{"count":0,"href":"https:\/\/www.europesays.com\/fr\/wp-json\/wp\/v2\/posts\/392795\/revisions"}],"wp:featuredmedia":[{"embeddable":true,"href":"https:\/\/www.europesays.com\/fr\/wp-json\/wp\/v2\/media\/392796"}],"wp:attachment":[{"href":"https:\/\/www.europesays.com\/fr\/wp-json\/wp\/v2\/media?parent=392795"}],"wp:term":[{"taxonomy":"category","embeddable":true,"href":"https:\/\/www.europesays.com\/fr\/wp-json\/wp\/v2\/categories?post=392795"},{"taxonomy":"post_tag","embeddable":true,"href":"https:\/\/www.europesays.com\/fr\/wp-json\/wp\/v2\/tags?post=392795"}],"curies":[{"name":"wp","href":"https:\/\/api.w.org\/{rel}","templated":true}]}}