{"id":392799,"date":"2025-09-15T14:37:12","date_gmt":"2025-09-15T14:37:12","guid":{"rendered":"https:\/\/www.europesays.com\/fr\/392799\/"},"modified":"2025-09-15T14:37:12","modified_gmt":"2025-09-15T14:37:12","slug":"forum-a-reze-pour-les-parents-qui-cherchent-un-emploi","status":"publish","type":"post","link":"https:\/\/www.europesays.com\/fr\/392799\/","title":{"rendered":"Forum \u00e0 Rez\u00e9 pour les parents qui cherchent un emploi"},"content":{"rendered":"<p>                            <strong>Le forum \u00ab Parents en action ! \u00bb ouvrira ses portes demain matin \u00e0 Rez\u00e9. Ce rendez-vous est pens\u00e9 pour les parents \u00e0 la recherche d\u2019un emploi ou d\u2019une formation.<\/strong><\/p>\n<p>Pas toujours \u00e9vident de jongler entre vie professionnelle et personnelle. Et pour les parents, cela peut encore davantage virer au casse-t\u00eate. Le CSC Ch\u00e2teau \u00e0 <strong><a href=\"https:\/\/hellogazettenantes.fr\/une-cour-flambant-neuve-au-college-pont-rousseau-de-reze\/\" rel=\"nofollow noopener\" target=\"_blank\">Rez\u00e9<\/a><\/strong> accueillera mardi 16 septembre un forum qui leur est d\u00e9di\u00e9 de 9h30 \u00e0 12h30. En effet, les parents recherchant un emploi ou une formation y trouveront des informations. \u00ab Parents en action ! \u00bb est port\u00e9 par l\u2019Atdec Nantes M\u00e9tropole et la ville de Rez\u00e9 dans le cadre du dispositif \u00ab Cit\u00e9s de l\u2019Emploi \u00bb.<\/p>\n<p>Trouver une solution de garde fait notamment partie des probl\u00e9matiques sur laquelle l\u2019accent est mis. Le forum est aussi l\u2019occasion de b\u00e9n\u00e9ficier d\u2019un accompagnement personnalis\u00e9 pour ses recherches d\u2019emploi. Il sera \u00e9galement possible de postuler aupr\u00e8s d\u2019entreprises proposant des emplois avec horaires adapt\u00e9s. Des associations seront \u00e9galement sur place.\u00a0<\/p>\n<p>Deux autres \u00ab\u00a0Parents en action !\u00a0\u00bb sont d\u2019ores et d\u00e9j\u00e0 programm\u00e9s \u00e0 Nantes. Le jeudi 2 octobre prochain de 9h30 \u00e0 12h30 \u00e0 la Maison de Quartier Botti\u00e8re. La Maison des quartiers des confluences Clos Toreau accueillera aussi ce rendez-vous mardi 18 novembre de 9h30 \u00e0 12h30.<\/p>\n<p style=\"text-align: center;\">Infos compl\u00e9mentaires\u00a0<\/p>\n<p style=\"text-align: center;\">CSC ch\u00e2teau, 11 place Jean Perrin, Rez\u00e9<\/p>\n<p>Photo : Affiche du forum \u201cParents en action !\u201d, Atdec Nantes M\u00e9tropole            <\/p>\n<p><img decoding=\"async\" alt=\"Advertisement\" src=\"data:image\/svg+xml,%3Csvg%20xmlns=\" http:=\"\" data-lazy-src=\"https:\/\/www.europesays.com\/fr\/wp-content\/uploads\/2025\/04\/Application-mobile-hello-gazette-nantes.gif\"\/><\/p>\n","protected":false},"excerpt":{"rendered":"Le forum \u00ab Parents en action ! \u00bb ouvrira ses portes demain matin \u00e0 Rez\u00e9. Ce rendez-vous est&hellip;\n","protected":false},"author":2,"featured_media":392800,"comment_status":"","ping_status":"","sticky":false,"template":"","format":"standard","meta":{"footnotes":""},"categories":[2818],"tags":[1111,11,1777,674,1011,27,766,12,2636,25],"class_list":{"0":"post-392799","1":"post","2":"type-post","3":"status-publish","4":"format-standard","5":"has-post-thumbnail","7":"category-nantes","8":"tag-actu","9":"tag-actualites","10":"tag-eu","11":"tag-europe","12":"tag-fr","13":"tag-france","14":"tag-nantes","15":"tag-news","16":"tag-pays-de-la-loire","17":"tag-republique-francaise"},"share_on_mastodon":{"url":"https:\/\/pubeurope.com\/@fr\/115208824042986322","error":""},"_links":{"self":[{"href":"https:\/\/www.europesays.com\/fr\/wp-json\/wp\/v2\/posts\/392799","targetHints":{"allow":["GET"]}}],"collection":[{"href":"https:\/\/www.europesays.com\/fr\/wp-json\/wp\/v2\/posts"}],"about":[{"href":"https:\/\/www.europesays.com\/fr\/wp-json\/wp\/v2\/types\/post"}],"author":[{"embeddable":true,"href":"https:\/\/www.europesays.com\/fr\/wp-json\/wp\/v2\/users\/2"}],"replies":[{"embeddable":true,"href":"https:\/\/www.europesays.com\/fr\/wp-json\/wp\/v2\/comments?post=392799"}],"version-history":[{"count":0,"href":"https:\/\/www.europesays.com\/fr\/wp-json\/wp\/v2\/posts\/392799\/revisions"}],"wp:featuredmedia":[{"embeddable":true,"href":"https:\/\/www.europesays.com\/fr\/wp-json\/wp\/v2\/media\/392800"}],"wp:attachment":[{"href":"https:\/\/www.europesays.com\/fr\/wp-json\/wp\/v2\/media?parent=392799"}],"wp:term":[{"taxonomy":"category","embeddable":true,"href":"https:\/\/www.europesays.com\/fr\/wp-json\/wp\/v2\/categories?post=392799"},{"taxonomy":"post_tag","embeddable":true,"href":"https:\/\/www.europesays.com\/fr\/wp-json\/wp\/v2\/tags?post=392799"}],"curies":[{"name":"wp","href":"https:\/\/api.w.org\/{rel}","templated":true}]}}