{"id":392814,"date":"2025-09-15T14:46:16","date_gmt":"2025-09-15T14:46:16","guid":{"rendered":"https:\/\/www.europesays.com\/fr\/392814\/"},"modified":"2025-09-15T14:46:16","modified_gmt":"2025-09-15T14:46:16","slug":"tes-mon-dernier-dealer-un-crs-condamne-pour-trafic-de-drogue","status":"publish","type":"post","link":"https:\/\/www.europesays.com\/fr\/392814\/","title":{"rendered":"\u00ab\u00a0T\u2019es mon dernier dealer\u00a0\u00bb\u2026 Un CRS condamn\u00e9 pour trafic de drogue"},"content":{"rendered":"<p>Tout est parti d\u2019une sc\u00e8ne de <a href=\"https:\/\/www.20minutes.fr\/dossier\/violences_conjugales\" class=\"c-link c-link--is-underlined\" target=\"_blank\" rel=\"noopener\">violences conjugales<\/a> qui s\u2019est d\u00e9roul\u00e9e dans les rues de <a href=\"https:\/\/www.20minutes.fr\/marseille\/\" class=\"c-link c-link--is-underlined\" target=\"_blank\" rel=\"noopener\">Marseille<\/a>. Hors service ce jour-l\u00e0, un <a href=\"https:\/\/www.20minutes.fr\/dossier\/crs\" class=\"c-link c-link--is-underlined\" target=\"_blank\" rel=\"noopener\">CRS <\/a>se dispute violemment avec sa femme lorsqu\u2019une passante appelle la police.<\/p>\n<p>Rendus sur les lieux pour contr\u00f4ler l\u2019individu, les policiers se voient pr\u00e9senter sur le t\u00e9l\u00e9phone de leur coll\u00e8gue une carte de CRS qui s\u2019accompagne d\u2019une notification de message\u00a0: \u00ab\u00a0J\u2019ai besoin d\u2019un gramme\u00a0\u00bb, <a href=\"https:\/\/www.rtl.fr\/actu\/justice-faits-divers\/j-ai-besoin-d-un-gramme-un-crs-dealer-trahi-par-un-sms-recu-en-plein-controle-de-police-7900540968\" rel=\"nofollow noopener\" target=\"_blank\" class=\"c-link c-link--is-underlined\">rapporte entre autres RTL<\/a>.<\/p>\n<p>Coca\u00efne, k\u00e9tamine, MDMA, 3MMC, cannabis&#8230;<\/p>\n<p>N\u00e9cessairement interloqu\u00e9s, les policiers fouillent alors le t\u00e9l\u00e9phone du CRS et d\u00e9couvrent de nombreux autres messages du m\u00eame acabit et qui laissent peu de doute sur la nature de ses activit\u00e9s de <a href=\"https:\/\/www.20minutes.fr\/dossier\/dealer\" class=\"c-link c-link--is-underlined\" target=\"_blank\" rel=\"noopener\">dealer <\/a>au menu fourni\u00a0: <a href=\"https:\/\/www.20minutes.fr\/dossier\/cocaine\" class=\"c-link c-link--is-underlined\" target=\"_blank\" rel=\"noopener\">Coca\u00efne<\/a>, k\u00e9tamine, MDMA, 3MMC et cannabis, et le placent en garde \u00e0 vue.<\/p>\n<p>D\u00e9f\u00e9r\u00e9 ce vendredi au tribunal de Marseille, ce CRS de 30 ans a \u00e9t\u00e9 condamn\u00e9 \u00e0 neuf mois ferme \u00e0 effectuer sous bracelet \u00e9lectronique et cinq ans d\u2019interdiction de port de l\u2019uniforme pour<a href=\"https:\/\/www.20minutes.fr\/dossier\/trafic_de_drogue\" class=\"c-link c-link--is-underlined\" target=\"_blank\" rel=\"noopener\"> trafic de drogue<\/a> et violences conjugales.<\/p>\n<\/p>\n<p>Devant le tribunal, ce fonctionnaire en arr\u00eat maladie depuis janvier, pr\u00e9cise <a href=\"https:\/\/www.laprovence.com\/article\/faits-divers-justice\/1916267063629714\/marseille-le-crs-en-burn-out-setait-reconverti-en-trafiquant-de-drogue\" rel=\"nofollow noopener\" target=\"_blank\" class=\"c-link c-link--is-underlined\">La Provence<\/a>, a \u00e9voqu\u00e9 un burn-out, tent\u00e9 d\u2019expliquer qu\u2019il \u00ab\u00a0d\u00e9pannait des connaissances\u00a0\u00bb et \u00ab\u00a0rendait un service\u00a0\u00bb plus qu\u2019il ne dealait. A Marseille, <a href=\"https:\/\/www.20minutes.fr\/justice\/3221159-20220121-marseille-gardes-vue-stupefiants-homicides-volontaires-viol-mineur-justice-devoile-chiffres-2021\" class=\"c-link c-link--is-underlined\" target=\"_blank\" rel=\"noopener\">pr\u00e8s du tiers des comparutions imm\u00e9diates concernent des affaires de trafic de stup\u00e9fiants<\/a> et repr\u00e9sentent le plus grand nombre de ces dossiers jug\u00e9s en sortie de garde \u00e0 vue.<\/p>\n","protected":false},"excerpt":{"rendered":"Tout est parti d\u2019une sc\u00e8ne de violences conjugales qui s\u2019est d\u00e9roul\u00e9e dans les rues de Marseille. Hors service&hellip;\n","protected":false},"author":2,"featured_media":392815,"comment_status":"","ping_status":"","sticky":false,"template":"","format":"standard","meta":{"footnotes":""},"categories":[2814],"tags":[1111,47,11,885,12513,17489,1052,1777,674,118,7505,1011,27,303,884,12,883,882,25,887,3693],"class_list":{"0":"post-392814","1":"post","2":"type-post","3":"status-publish","4":"format-standard","5":"has-post-thumbnail","7":"category-marseille","8":"tag-actu","9":"tag-actualite","10":"tag-actualites","11":"tag-bouches-du-rhone","12":"tag-crs","13":"tag-dealer","14":"tag-drogue","15":"tag-eu","16":"tag-europe","17":"tag-faits-divers","18":"tag-faits-divers-marseille","19":"tag-fr","20":"tag-france","21":"tag-justice","22":"tag-marseille","23":"tag-news","24":"tag-paca","25":"tag-provence-alpes-cote-dazur","26":"tag-republique-francaise","27":"tag-trafic-de-drogue","28":"tag-tribunal"},"share_on_mastodon":{"url":"https:\/\/pubeurope.com\/@fr\/115208859337284814","error":""},"_links":{"self":[{"href":"https:\/\/www.europesays.com\/fr\/wp-json\/wp\/v2\/posts\/392814","targetHints":{"allow":["GET"]}}],"collection":[{"href":"https:\/\/www.europesays.com\/fr\/wp-json\/wp\/v2\/posts"}],"about":[{"href":"https:\/\/www.europesays.com\/fr\/wp-json\/wp\/v2\/types\/post"}],"author":[{"embeddable":true,"href":"https:\/\/www.europesays.com\/fr\/wp-json\/wp\/v2\/users\/2"}],"replies":[{"embeddable":true,"href":"https:\/\/www.europesays.com\/fr\/wp-json\/wp\/v2\/comments?post=392814"}],"version-history":[{"count":0,"href":"https:\/\/www.europesays.com\/fr\/wp-json\/wp\/v2\/posts\/392814\/revisions"}],"wp:featuredmedia":[{"embeddable":true,"href":"https:\/\/www.europesays.com\/fr\/wp-json\/wp\/v2\/media\/392815"}],"wp:attachment":[{"href":"https:\/\/www.europesays.com\/fr\/wp-json\/wp\/v2\/media?parent=392814"}],"wp:term":[{"taxonomy":"category","embeddable":true,"href":"https:\/\/www.europesays.com\/fr\/wp-json\/wp\/v2\/categories?post=392814"},{"taxonomy":"post_tag","embeddable":true,"href":"https:\/\/www.europesays.com\/fr\/wp-json\/wp\/v2\/tags?post=392814"}],"curies":[{"name":"wp","href":"https:\/\/api.w.org\/{rel}","templated":true}]}}