{"id":392826,"date":"2025-09-15T14:52:12","date_gmt":"2025-09-15T14:52:12","guid":{"rendered":"https:\/\/www.europesays.com\/fr\/392826\/"},"modified":"2025-09-15T14:52:12","modified_gmt":"2025-09-15T14:52:12","slug":"le-suicide-assiste-au-coeur-du-proces-a-paris-de-militants-de-laide-a-mourir","status":"publish","type":"post","link":"https:\/\/www.europesays.com\/fr\/392826\/","title":{"rendered":"Le suicide assist\u00e9 au c\u0153ur du proc\u00e8s \u00e0 Paris de militants de l&rsquo;aide \u00e0 mourir"},"content":{"rendered":"<p class=\"mb-4 text-lg md:leading-8 break-words\">Le proc\u00e8s de douze militants du suicide assist\u00e9, jug\u00e9s pour pour avoir aid\u00e9 des personnes \u00e0 se procurer des barbituriques dans le but de mettre fin \u00e0 leurs jours, s&rsquo;est ouvert lundi devant le tribunal de Paris.<\/p>\n<p class=\"mb-4 text-lg md:leading-8 break-words\">\u00c2g\u00e9s de 74 \u00e0 89 ans, ces adh\u00e9rents de la discr\u00e8te association Ultime Libert\u00e9 sont poursuivis pour avoir, entre ao\u00fbt 2018 et novembre 2020, aid\u00e9 des dizaines de personnes \u00e0 acheter sur internet du pentobarbital, un barbiturique entra\u00eenant une mort rapide et sans douleur.<\/p>\n<p class=\"mb-4 text-lg md:leading-8 break-words\">Devant une salle comble de personnes \u00e2g\u00e9es venues en soutien, l&rsquo;audience s&rsquo;est ouverte en d\u00e9but d&rsquo;apr\u00e8s-midi par l&rsquo;appel des pr\u00e9venus, dont plusieurs se sont avanc\u00e9s \u00e0 la barre d&rsquo;un pas fr\u00eale, la silhouette vo\u00fbt\u00e9e.<\/p>\n<p class=\"mb-4 text-lg md:leading-8 break-words\">Ces retrait\u00e9s, pour beaucoup d&rsquo;anciens enseignants, au casier judiciaire vierge, sont jug\u00e9s devant le tribunal correctionnel pour des d\u00e9lits relevant de la l\u00e9gislation sur le trafic de substances illicites.<\/p>\n<p class=\"mb-4 text-lg md:leading-8 break-words\">La premi\u00e8re journ\u00e9e de ce proc\u00e8s, pr\u00e9vu pour durer jusqu&rsquo;au 9 octobre, est consacr\u00e9e \u00e0 une question prioritaire de constitutionnalit\u00e9 (QPC). La d\u00e9fense soutient que les poursuites \u00e0 l&rsquo;encontre des pr\u00e9venus vont \u00e0 l&rsquo;encontre de droits fondamentaux, comme le principe de sauvegarde de la dignit\u00e9 de la personne humaine ou le droit \u00e0 mourir dans la dignit\u00e9.<\/p>\n<p class=\"mb-4 text-lg md:leading-8 break-words\">En amont de l&rsquo;audience, quelque 70 membres de l&rsquo;association ont manifest\u00e9 devant le tribunal judiciaire de Paris, chasubles jaunes et pancartes r\u00e9clamant de \u00ab\u00a0ma\u00eetriser sa vie jusqu&rsquo;\u00e0 la fin\u00a0\u00bb, a constat\u00e9 un journaliste de l&rsquo;AFP. Dans un coin, une chorale militante improvis\u00e9e a chant\u00e9 \u00ab\u00a0Mourir sur sc\u00e8ne\u00a0\u00bb de Dalida.<\/p>\n<p class=\"mb-4 text-lg md:leading-8 break-words\">\u00ab\u00a0On est assez satisfaits qu&rsquo;il y ait un proc\u00e8s pour pouvoir montrer (le sujet) \u00e0 l&rsquo;opinion publique, et peut-\u00eatre aussi que l&rsquo;opinion publique se manifeste en faveur d&rsquo;un changement de la loi\u00a0\u00bb, a d\u00e9clar\u00e9 \u00e0 l&rsquo;AFP Monique Denis, 69 ans, \u00e9pouse d&rsquo;un des pr\u00e9venus membre de l&rsquo;antenne de l&rsquo;association \u00e0 Nancy.<\/p>\n<p class=\"mb-4 text-lg md:leading-8 break-words\">Franck, 61 ans, a rejoint l&rsquo;association il y a quelques mois seulement. Un membre de sa famille y a fait appel pour mettre fin \u00e0 ses jours.<\/p>\n<p class=\"mb-4 text-lg md:leading-8 break-words\">\u00ab\u00a0Je viens pour voir si je peux aider d&rsquo;une mani\u00e8re ou d&rsquo;une autre, pour que le jour o\u00f9 j&rsquo;aurai 80 ans et que je serai malade je ne sois pas oblig\u00e9 de le faire derri\u00e8re des portes ferm\u00e9es\u00a0\u00bb, explique cet adh\u00e9rent qui n&rsquo;a pas souhait\u00e9 donner son nom de famille.<\/p>\n<p class=\"mb-4 text-lg md:leading-8 break-words\">&#8211; Signalement des \u00c9tats-Unis &#8211;<\/p>\n<p class=\"mb-4 text-lg md:leading-8 break-words\">Cette affaire singuli\u00e8re d\u00e9bute \u00e0 l&rsquo;\u00e9t\u00e9 2019 avec un signalement des autorit\u00e9s am\u00e9ricaines sur une fili\u00e8re mexicaine de vente de barbituriques. Gliss\u00e9 sous forme liquide dans des flacons marrons au capuchon bleu, le pentobarbital \u00e9tait exp\u00e9di\u00e9 \u00e0 travers le monde avec l&rsquo;anodine \u00e9tiquette \u00ab\u00a0Natural Cosmetics\u00a0\u00bb.<\/p>\n<p class=\"mb-4 text-lg md:leading-8 break-words\">Suite \u00e0 une vague de perquisitions en France en octobre 2019, l&rsquo;information judiciaire met alors au jour une face semi-clandestine de l&rsquo;association Ultime Libert\u00e9, dont certains adh\u00e9rents \u00ab\u00a0accompagnent\u00a0\u00bb des personnes souhaitant mourir.<\/p>\n<p class=\"mb-4 text-lg md:leading-8 break-words\">Ill\u00e9galement, les militants les renseignent sur la mani\u00e8re de se procurer du pentobarbital sur internet via une messagerie crypt\u00e9e, voire les assistent dans le processus. Un degr\u00e9 d&rsquo;engagement que chaque \u00ab\u00a0accompagnant\u00a0\u00bb choisit librement, mais qui fait d\u00e9bat dans les rangs m\u00eame de l&rsquo;association.<\/p>\n<p class=\"mb-4 text-lg md:leading-8 break-words\">Tr\u00e8s clivant, le combat d&rsquo;Ultime Libert\u00e9 va au-del\u00e0 de la revendication des associations pro-euthanasie traditionnelles d&rsquo;un \u00ab\u00a0droit \u00e0 l&rsquo;aide \u00e0 mourir\u00a0\u00bb pour les patients en fin de vie et en grande souffrance, un br\u00fblant sujet de bio\u00e9thique qui a fait l&rsquo;objet d&rsquo;une nouvelle proposition de loi vot\u00e9e en premi\u00e8re lecture \u00e0 l&rsquo;Assembl\u00e9e nationale en mai.<\/p>\n<p class=\"mb-4 text-lg md:leading-8 break-words\">Se concevant comme la continuation des mouvements militants des ann\u00e9es 1960-70 (contraception, IVG) sur la libert\u00e9 de disposer de son corps, Ultime Libert\u00e9 pousse cette logique \u00e0 son paroxysme et revendique le droit \u00e0 un suicide \u00ab\u00a0serein\u00a0\u00bb, que l&rsquo;on soit ou non malade, dans la mesure o\u00f9 la personne qui fait ce choix est en pleine possession de ses moyens et que sa d\u00e9cision est r\u00e9fl\u00e9chie.<\/p>\n<p class=\"mb-4 text-lg md:leading-8 break-words\">\u00ab\u00a0Le suicide est d\u00e9p\u00e9nalis\u00e9 depuis la R\u00e9volution, mais il y a de nombreuses lois qui emp\u00eachent la libert\u00e9 du suicide, le suicide non violent\u00a0\u00bb, a estim\u00e9 aupr\u00e8s de l&rsquo;AFP Claude Hury, pr\u00e9sidente d&rsquo;Ultime Libert\u00e9 et pr\u00e9venue centrale du proc\u00e8s.<\/p>\n<p class=\"mb-4 text-lg md:leading-8 break-words\">amd\/asl\/alv<\/p>\n","protected":false},"excerpt":{"rendered":"Le proc\u00e8s de douze militants du suicide assist\u00e9, jug\u00e9s pour pour avoir aid\u00e9 des personnes \u00e0 se procurer&hellip;\n","protected":false},"author":2,"featured_media":392827,"comment_status":"","ping_status":"","sticky":false,"template":"","format":"standard","meta":{"footnotes":""},"categories":[1888],"tags":[1111,1928,11,1927,1777,674,7977,1011,27,14027,12,1926,626,1925,25,4595],"class_list":{"0":"post-392826","1":"post","2":"type-post","3":"status-publish","4":"format-standard","5":"has-post-thumbnail","7":"category-paris","8":"tag-actu","9":"tag-actu-paris","10":"tag-actualites","11":"tag-actualites-paris","12":"tag-eu","13":"tag-europe","14":"tag-fin-de-vie","15":"tag-fr","16":"tag-france","17":"tag-militants","18":"tag-news","19":"tag-news-paris","20":"tag-paris","21":"tag-paris-news","22":"tag-republique-francaise","23":"tag-tribunal-de-paris"},"share_on_mastodon":{"url":"https:\/\/pubeurope.com\/@fr\/115208883073665228","error":""},"_links":{"self":[{"href":"https:\/\/www.europesays.com\/fr\/wp-json\/wp\/v2\/posts\/392826","targetHints":{"allow":["GET"]}}],"collection":[{"href":"https:\/\/www.europesays.com\/fr\/wp-json\/wp\/v2\/posts"}],"about":[{"href":"https:\/\/www.europesays.com\/fr\/wp-json\/wp\/v2\/types\/post"}],"author":[{"embeddable":true,"href":"https:\/\/www.europesays.com\/fr\/wp-json\/wp\/v2\/users\/2"}],"replies":[{"embeddable":true,"href":"https:\/\/www.europesays.com\/fr\/wp-json\/wp\/v2\/comments?post=392826"}],"version-history":[{"count":0,"href":"https:\/\/www.europesays.com\/fr\/wp-json\/wp\/v2\/posts\/392826\/revisions"}],"wp:featuredmedia":[{"embeddable":true,"href":"https:\/\/www.europesays.com\/fr\/wp-json\/wp\/v2\/media\/392827"}],"wp:attachment":[{"href":"https:\/\/www.europesays.com\/fr\/wp-json\/wp\/v2\/media?parent=392826"}],"wp:term":[{"taxonomy":"category","embeddable":true,"href":"https:\/\/www.europesays.com\/fr\/wp-json\/wp\/v2\/categories?post=392826"},{"taxonomy":"post_tag","embeddable":true,"href":"https:\/\/www.europesays.com\/fr\/wp-json\/wp\/v2\/tags?post=392826"}],"curies":[{"name":"wp","href":"https:\/\/api.w.org\/{rel}","templated":true}]}}