{"id":392892,"date":"2025-09-15T15:29:12","date_gmt":"2025-09-15T15:29:12","guid":{"rendered":"https:\/\/www.europesays.com\/fr\/392892\/"},"modified":"2025-09-15T15:29:12","modified_gmt":"2025-09-15T15:29:12","slug":"saint-etienne-un-arracheur-de-chaine-en-or-maitrise-par-des-passants-avant-detre-livre-a-la-police","status":"publish","type":"post","link":"https:\/\/www.europesays.com\/fr\/392892\/","title":{"rendered":"Saint-Etienne. Un arracheur de cha\u00eene en or ma\u00eetris\u00e9 par des passants avant d\u2019\u00eatre livr\u00e9 \u00e0 la police"},"content":{"rendered":"<p>Les fins de semaine sont bien souvent anim\u00e9es pour les forces de police de la circonscription de Saint-Etienne. Et ce vendredi 12\u00a0septembre, alors qu\u2019ils se trouvent en faction rue Violette dans le centre-ville st\u00e9phanois, les agents de police ne sont pas surpris d\u2019\u00eatre sollicit\u00e9s par des t\u00e9moins pour ce qu\u2019ils pensent \u00eatre une bagarre un peu plus loin.<\/p>\n<p>Mais quand ils arrivent sur les lieux de l\u2019action, avenue de la Lib\u00e9ration, les policiers de la brigade de nuit comprennent rapidement que de bagarre, il n\u2019est nullement question.<\/p>\n<p>  Le bijou d\u00e9rob\u00e9 n\u2019a pas pu \u00eatre retrouv\u00e9<\/p>\n<p>En effet, un groupe de personnes a r\u00e9ussi \u00e0 ma\u00eetriser un individu de 20 ans qui, en compagnie d\u2019un complice, venait d\u2019arracher une cha\u00eene en or \u00e0 un passant. Selon les informations qu\u2019ils ont pu recueillir sur place, le second individu, arm\u00e9 d\u2019une bombe lacrymog\u00e8ne, a r\u00e9ussi \u00e0 prendre la fuite.<\/p>\n<p>L\u2019homme interpell\u00e9, habitant \u00e0 Saint-Etienne, a ensuite \u00e9t\u00e9 plac\u00e9 en garde \u00e0 vue avant de se voir signifier une convocation devant le tribunal correctionnel de Saint-Etienne au cours des prochaines semaines pour vol \u00e0 l\u2019arrach\u00e9 et en r\u00e9union. De plus, il s\u2019est vu remettre une assignation \u00e0 r\u00e9sidence. Malheureusement le bijou d\u00e9rob\u00e9 n\u2019a pas pu \u00eatre retrouv\u00e9.<\/p>\n","protected":false},"excerpt":{"rendered":"Les fins de semaine sont bien souvent anim\u00e9es pour les forces de police de la circonscription de Saint-Etienne.&hellip;\n","protected":false},"author":2,"featured_media":392893,"comment_status":"","ping_status":"","sticky":false,"template":"","format":"standard","meta":{"footnotes":""},"categories":[9653],"tags":[1111,11,2430,271,272,7539,1777,674,274,107,1011,27,3367,12,25,4001,7538,104],"class_list":{"0":"post-392892","1":"post","2":"type-post","3":"status-publish","4":"format-standard","5":"has-post-thumbnail","7":"category-saint-etienne","8":"tag-actu","9":"tag-actualites","10":"tag-auvergne-rhone-alpes","11":"tag-crime","12":"tag-delit-et-contravention","13":"tag-edition-loire-sud","14":"tag-eu","15":"tag-europe","16":"tag-faits-divers-justice","17":"tag-fil-info","18":"tag-fr","19":"tag-france","20":"tag-loire","21":"tag-news","22":"tag-republique-francaise","23":"tag-saint-etienne","24":"tag-saint-etienne-ville","25":"tag-societe"},"share_on_mastodon":{"url":"https:\/\/pubeurope.com\/@fr\/115209028482779150","error":""},"_links":{"self":[{"href":"https:\/\/www.europesays.com\/fr\/wp-json\/wp\/v2\/posts\/392892","targetHints":{"allow":["GET"]}}],"collection":[{"href":"https:\/\/www.europesays.com\/fr\/wp-json\/wp\/v2\/posts"}],"about":[{"href":"https:\/\/www.europesays.com\/fr\/wp-json\/wp\/v2\/types\/post"}],"author":[{"embeddable":true,"href":"https:\/\/www.europesays.com\/fr\/wp-json\/wp\/v2\/users\/2"}],"replies":[{"embeddable":true,"href":"https:\/\/www.europesays.com\/fr\/wp-json\/wp\/v2\/comments?post=392892"}],"version-history":[{"count":0,"href":"https:\/\/www.europesays.com\/fr\/wp-json\/wp\/v2\/posts\/392892\/revisions"}],"wp:featuredmedia":[{"embeddable":true,"href":"https:\/\/www.europesays.com\/fr\/wp-json\/wp\/v2\/media\/392893"}],"wp:attachment":[{"href":"https:\/\/www.europesays.com\/fr\/wp-json\/wp\/v2\/media?parent=392892"}],"wp:term":[{"taxonomy":"category","embeddable":true,"href":"https:\/\/www.europesays.com\/fr\/wp-json\/wp\/v2\/categories?post=392892"},{"taxonomy":"post_tag","embeddable":true,"href":"https:\/\/www.europesays.com\/fr\/wp-json\/wp\/v2\/tags?post=392892"}],"curies":[{"name":"wp","href":"https:\/\/api.w.org\/{rel}","templated":true}]}}