{"id":392910,"date":"2025-09-15T15:39:12","date_gmt":"2025-09-15T15:39:12","guid":{"rendered":"https:\/\/www.europesays.com\/fr\/392910\/"},"modified":"2025-09-15T15:39:12","modified_gmt":"2025-09-15T15:39:12","slug":"une-manifestation-aux-flambeaux-ce-mardi-soir-dans-lhyper-centre","status":"publish","type":"post","link":"https:\/\/www.europesays.com\/fr\/392910\/","title":{"rendered":"une manifestation aux flambeaux ce mardi soir dans l\u2019hyper-centre"},"content":{"rendered":"<p>Le mouvement <a href=\"https:\/\/www.ledauphine.com\/politique\/2025\/08\/25\/isere-on-est-la-pour-preparer-le-blocage-a-grenoble-les-reunions-se-multiplient-pour-coordonner-le-mouvement\" target=\"_blank\" rel=\"nofollow noopener\"> \u201cBloquons tout\u201d<\/a> a appel\u00e9 ses partisans sur les r\u00e9seaux sociaux \u00e0 une manifestation ce mardi \u00e0 partir de 20 heures place Hubert-Dubedout\/Porte de France \u00e0 Grenoble.<\/p>\n<p>Le parcours de la manifestation tel qu\u2019il a \u00e9t\u00e9 d\u00e9clar\u00e9 en pr\u00e9fecture est concentr\u00e9 dans le centre-ville\u00a0: quais en rive gauche de l\u2019Is\u00e8re, place Lavalette, Place Notre-Dame, place Sainte-Claire, rue Raoul-Blanchard, rue F\u00e9lix-Poulat, et arriv\u00e9e place Victor-Hugo pr\u00e9vue pour 22 heures.<\/p>\n","protected":false},"excerpt":{"rendered":"Le mouvement \u201cBloquons tout\u201d a appel\u00e9 ses partisans sur les r\u00e9seaux sociaux \u00e0 une manifestation ce mardi \u00e0&hellip;\n","protected":false},"author":2,"featured_media":392911,"comment_status":"","ping_status":"","sticky":false,"template":"","format":"standard","meta":{"footnotes":""},"categories":[9566],"tags":[1111,11,2430,112,113,114,1777,674,1011,27,2731,2732,108,12,25,801],"class_list":{"0":"post-392910","1":"post","2":"type-post","3":"status-publish","4":"format-standard","5":"has-post-thumbnail","7":"category-grenoble","8":"tag-actu","9":"tag-actualites","10":"tag-auvergne-rhone-alpes","11":"tag-edition-grenoble-agglomeration","12":"tag-edition-gresivaudan-oisans","13":"tag-edition-voiron-saint-marcellin","14":"tag-eu","15":"tag-europe","16":"tag-fr","17":"tag-france","18":"tag-grenoble","19":"tag-grenoble-bassin","20":"tag-isere","21":"tag-news","22":"tag-republique-francaise","23":"tag-social"},"share_on_mastodon":{"url":"https:\/\/pubeurope.com\/@fr\/115209067869842395","error":""},"_links":{"self":[{"href":"https:\/\/www.europesays.com\/fr\/wp-json\/wp\/v2\/posts\/392910","targetHints":{"allow":["GET"]}}],"collection":[{"href":"https:\/\/www.europesays.com\/fr\/wp-json\/wp\/v2\/posts"}],"about":[{"href":"https:\/\/www.europesays.com\/fr\/wp-json\/wp\/v2\/types\/post"}],"author":[{"embeddable":true,"href":"https:\/\/www.europesays.com\/fr\/wp-json\/wp\/v2\/users\/2"}],"replies":[{"embeddable":true,"href":"https:\/\/www.europesays.com\/fr\/wp-json\/wp\/v2\/comments?post=392910"}],"version-history":[{"count":0,"href":"https:\/\/www.europesays.com\/fr\/wp-json\/wp\/v2\/posts\/392910\/revisions"}],"wp:featuredmedia":[{"embeddable":true,"href":"https:\/\/www.europesays.com\/fr\/wp-json\/wp\/v2\/media\/392911"}],"wp:attachment":[{"href":"https:\/\/www.europesays.com\/fr\/wp-json\/wp\/v2\/media?parent=392910"}],"wp:term":[{"taxonomy":"category","embeddable":true,"href":"https:\/\/www.europesays.com\/fr\/wp-json\/wp\/v2\/categories?post=392910"},{"taxonomy":"post_tag","embeddable":true,"href":"https:\/\/www.europesays.com\/fr\/wp-json\/wp\/v2\/tags?post=392910"}],"curies":[{"name":"wp","href":"https:\/\/api.w.org\/{rel}","templated":true}]}}