{"id":392916,"date":"2025-09-15T15:42:10","date_gmt":"2025-09-15T15:42:10","guid":{"rendered":"https:\/\/www.europesays.com\/fr\/392916\/"},"modified":"2025-09-15T15:42:10","modified_gmt":"2025-09-15T15:42:10","slug":"voici-le-parcours-de-la-manifestation-a-strasbourg","status":"publish","type":"post","link":"https:\/\/www.europesays.com\/fr\/392916\/","title":{"rendered":"voici le parcours de la manifestation \u00e0 Strasbourg"},"content":{"rendered":"<p>            Par<br \/>\n        <strong><br \/>\n            <a href=\"https:\/\/actu.fr\/auteur\/ivan-capecchi\" title=\"Consulter tous les articles de Ivan CAPECCHI\" target=\"_blank\" rel=\"noopener\">Ivan CAPECCHI<\/a><br \/>\n        <\/strong><\/p>\n<p>        Publi\u00e9 le<\/p>\n<p>            15 sept. 2025 \u00e0 17h12        <\/p>\n<p>Une semaine apr\u00e8s la <strong>mobilisation du 10 septembre<\/strong>, les principales organisations syndicales ont appel\u00e9 \u00e0 une nouvelle journ\u00e9e de <strong>gr\u00e8ve nationale ce jeudi 18 septembre 2025<\/strong>. Objectif : d\u00e9noncer les orientations budg\u00e9taires du <strong>gouvernement sortant<\/strong> et porter des revendications allant de <strong>l\u2019abrogation de la r\u00e9forme des retraites<\/strong> \u00e0 <strong>davantage de justice fiscale<\/strong>.<\/p>\n<p class=\" wall-content\">Des <a href=\"https:\/\/actu.fr\/tag\/manifestations\" target=\"_blank\" rel=\"noopener\">manifestations<\/a> sont pr\u00e9vues dans tout le pays, dont \u00e0 <strong>Strasbourg<\/strong>.<\/p>\n<p>Manifestation du 18 septembre \u00e0 Strasbourg : rendez-vous place de la R\u00e9publique<\/p>\n<p class=\" wall-content\">\u00c0 Strasbourg, le d\u00e9part de la <strong>manifestation du 18 septembre 2025<\/strong> est pr\u00e9vu \u00e0 <strong>14h, place de la R\u00e9publique<\/strong>.<\/p>\n<p class=\" wall-content\">Le cort\u00e8ge passera ensuite au niveau du <strong>pont du Corbeau<\/strong>, de la <strong>rue des Bouchers<\/strong>, de la <strong>rue de la 1\u00e8re Arm\u00e9e<\/strong>, puis terminera <strong>place du Mar\u00e9chal de Lattre de Tassigny<\/strong>.<\/p>\n<p>Le 10 septembre, une mobilisation largement suivie \u00e0 Strasbourg<\/p>\n<p class=\" wall-content\">\u00c0 Strasbourg, la mobilisation du 10 septembre avait \u00e9t\u00e9 <a href=\"https:\/\/actu.fr\/grand-est\/strasbourg_67482\/bloquons-tout-a-strasbourg-une-mobilisation-largement-suivie-decouvrez-les-images-de-la-manifestation_63144009.html\" target=\"_blank\" rel=\"noopener\">largement suivie<\/a>.<\/p>\n<p class=\" wall-content\">En fin d\u2019apr\u00e8s-midi, des <a href=\"https:\/\/actu.fr\/grand-est\/strasbourg_67482\/video-bloquons-tout-a-strasbourg-des-affrontements-eclatent-entre-manifestants-et-policiers_63146164.html\" target=\"_blank\" rel=\"noopener\">affrontements avaient \u00e9clat\u00e9<\/a> entre police et participants \u00e0 une manifestation sauvage.<\/p>\n<p class=\" wall-content\">Personnalisez votre actualit\u00e9 en ajoutant vos villes et m\u00e9dias en favori avec <a href=\"https:\/\/moncompte.actu.fr\" title=\"D\u00e9couvez Mon Actu\" rel=\"nofollow noopener\" data-trk=\"{&quot;cta&quot;:{&quot;action&quot;:&quot;https:\\\/\\\/moncompte.actu.fr&quot;,&quot;category&quot;:&quot;mon compte&quot;,&quot;from&quot;:&quot;article footer&quot;,&quot;name&quot;:&quot;Mon actu&quot;,&quot;type&quot;:&quot;cta&quot;}}\" target=\"_blank\">Mon Actu<\/a>.<\/p>\n","protected":false},"excerpt":{"rendered":"Par Ivan CAPECCHI Publi\u00e9 le 15 sept. 2025 \u00e0 17h12 Une semaine apr\u00e8s la mobilisation du 10 septembre,&hellip;\n","protected":false},"author":2,"featured_media":392917,"comment_status":"","ping_status":"","sticky":false,"template":"","format":"standard","meta":{"footnotes":""},"categories":[2820],"tags":[1111,11,1777,674,1011,27,775,6151,1272,12,25,104,640],"class_list":{"0":"post-392916","1":"post","2":"type-post","3":"status-publish","4":"format-standard","5":"has-post-thumbnail","7":"category-strasbourg","8":"tag-actu","9":"tag-actualites","10":"tag-eu","11":"tag-europe","12":"tag-fr","13":"tag-france","14":"tag-grand-est","15":"tag-greve","16":"tag-manifestations","17":"tag-news","18":"tag-republique-francaise","19":"tag-societe","20":"tag-strasbourg"},"share_on_mastodon":{"url":"https:\/\/pubeurope.com\/@fr\/115209079681778252","error":""},"_links":{"self":[{"href":"https:\/\/www.europesays.com\/fr\/wp-json\/wp\/v2\/posts\/392916","targetHints":{"allow":["GET"]}}],"collection":[{"href":"https:\/\/www.europesays.com\/fr\/wp-json\/wp\/v2\/posts"}],"about":[{"href":"https:\/\/www.europesays.com\/fr\/wp-json\/wp\/v2\/types\/post"}],"author":[{"embeddable":true,"href":"https:\/\/www.europesays.com\/fr\/wp-json\/wp\/v2\/users\/2"}],"replies":[{"embeddable":true,"href":"https:\/\/www.europesays.com\/fr\/wp-json\/wp\/v2\/comments?post=392916"}],"version-history":[{"count":0,"href":"https:\/\/www.europesays.com\/fr\/wp-json\/wp\/v2\/posts\/392916\/revisions"}],"wp:featuredmedia":[{"embeddable":true,"href":"https:\/\/www.europesays.com\/fr\/wp-json\/wp\/v2\/media\/392917"}],"wp:attachment":[{"href":"https:\/\/www.europesays.com\/fr\/wp-json\/wp\/v2\/media?parent=392916"}],"wp:term":[{"taxonomy":"category","embeddable":true,"href":"https:\/\/www.europesays.com\/fr\/wp-json\/wp\/v2\/categories?post=392916"},{"taxonomy":"post_tag","embeddable":true,"href":"https:\/\/www.europesays.com\/fr\/wp-json\/wp\/v2\/tags?post=392916"}],"curies":[{"name":"wp","href":"https:\/\/api.w.org\/{rel}","templated":true}]}}