{"id":392938,"date":"2025-09-15T15:54:10","date_gmt":"2025-09-15T15:54:10","guid":{"rendered":"https:\/\/www.europesays.com\/fr\/392938\/"},"modified":"2025-09-15T15:54:10","modified_gmt":"2025-09-15T15:54:10","slug":"une-quarantaine-de-motards-ont-ete-benis-dans-une-cathedrale-a-lille","status":"publish","type":"post","link":"https:\/\/www.europesays.com\/fr\/392938\/","title":{"rendered":"Une quarantaine de motards ont \u00e9t\u00e9 b\u00e9nis dans une cath\u00e9drale \u00e0 Lille"},"content":{"rendered":"<p class=\"mb-4 text-lg md:leading-8 break-words\"><strong>Du jamais-vu &#8211; Dimanche 14\u00a0septembre 2025, un groupe d\u2019une quarantaine de motards a \u00e9t\u00e9 b\u00e9ni \u00e0 la cath\u00e9drale Notre-Dame-de-la-Treille, \u00e0 Lille. Une grande premi\u00e8re<\/strong><\/p>\n<p class=\"mb-4 text-lg md:leading-8 break-words\">Ils sont motards, mais ils n\u2019ont rien \u00e0 voir avec les \u00ab\u00a0Hell\u2019s Angels\u00a0\u00bb. Ce dimanche, le p\u00e8re Bruno Mary a b\u00e9ni pr\u00e8s de 40 motards rassembl\u00e9s sur le parvis de la cath\u00e9drale Notre-Dame-de-la-Treille, \u00e0 <a href=\"https:\/\/www.20minutes.fr\/sport\/losc\/?at_medium=RSS%20feed&amp;at_campaign=ynews&amp;utm_source=yahoo&amp;utm_medium=rss&amp;utm_campaign=news_feed&amp;utm_content=in_article_link\" rel=\"nofollow noopener\" target=\"_blank\" data-ylk=\"slk:Lille;elm:context_link;itc:0;sec:content-canvas\" class=\"link \">Lille<\/a> (<a href=\"https:\/\/www.20minutes.fr\/dossier\/nord?at_medium=RSS%20feed&amp;at_campaign=ynews&amp;utm_source=yahoo&amp;utm_medium=rss&amp;utm_campaign=news_feed&amp;utm_content=in_article_link\" rel=\"nofollow noopener\" target=\"_blank\" data-ylk=\"slk:Nord;elm:context_link;itc:0;sec:content-canvas\" class=\"link \">Nord<\/a>), selon <a href=\"https:\/\/www.francebleu.fr\/infos\/culture-loisirs\/premiere-benediction-de-motards-a-notre-dame-de-la-treille-a-lille-9738237?at_medium=RSS%20feed&amp;at_campaign=ynews&amp;utm_source=yahoo&amp;utm_medium=rss&amp;utm_campaign=news_feed&amp;utm_content=in_article_link\" rel=\"nofollow noopener\" target=\"_blank\" data-ylk=\"slk:Ici Nord;elm:context_link;itc:0;sec:content-canvas\" class=\"link \">Ici Nord<\/a>.<\/p>\n<p class=\"mb-4 text-lg md:leading-8 break-words\">La c\u00e9r\u00e9monie s\u2019est d\u00e9roul\u00e9e vers 12 h 30, <a href=\"https:\/\/www.20minutes.fr\/faits_divers\/4172423-20250911-bretagne-statue-vierge-nouveau-incendiee-pleine-messe?at_medium=RSS%20feed&amp;at_campaign=ynews&amp;utm_source=yahoo&amp;utm_medium=rss&amp;utm_campaign=news_feed&amp;utm_content=in_article_link\" rel=\"nofollow noopener\" target=\"_blank\" data-ylk=\"slk:juste apr\u00e8s la messe;elm:context_link;itc:0;sec:content-canvas\" class=\"link \">juste apr\u00e8s la messe<\/a>, sous le regard de quelques curieux. Les motards ont ainsi d\u00e9fil\u00e9 un par un devant le p\u00e8re Bruno Mary, perch\u00e9 sur les marches de la <a href=\"https:\/\/www.20minutes.fr\/dossier\/cathedrale?at_medium=RSS%20feed&amp;at_campaign=ynews&amp;utm_source=yahoo&amp;utm_medium=rss&amp;utm_campaign=news_feed&amp;utm_content=in_article_link\" rel=\"nofollow noopener\" target=\"_blank\" data-ylk=\"slk:cath\u00e9drale;elm:context_link;itc:0;sec:content-canvas\" class=\"link \">cath\u00e9drale<\/a> avec une branche de buis. \u00c0 l\u2019origine de l\u2019initiative, il y a Olivier Caenen, servant d\u2019autel et grand clerc \u00e0 la cath\u00e9drale, et lui aussi motard.<\/p>\n<p>Une b\u00e9n\u00e9diction pour la bonne cause<\/p>\n<p class=\"mb-4 text-lg md:leading-8 break-words\">L\u2019\u00e9v\u00e9nement, qui repr\u00e9sentait une premi\u00e8re \u00e0 Notre-Dame-de-la-Treille, \u00e9tait aussi plac\u00e9 sous le signe de la solidarit\u00e9. En plus d\u2019une balade, les motards de \u00ab\u00a0La Tribu d\u2019Angelman\u00a0\u00bb organisaient ce jour-l\u00e0 un repas festif pour soutenir l\u2019association qui vient en aide \u00e0 Horace, le neveu d\u2019Olivier Caenen. Il est atteint du syndrome d\u2019Angelman, une <a href=\"https:\/\/www.20minutes.fr\/dossier\/maladies_genetiques?at_medium=RSS%20feed&amp;at_campaign=ynews&amp;utm_source=yahoo&amp;utm_medium=rss&amp;utm_campaign=news_feed&amp;utm_content=in_article_link\" rel=\"nofollow noopener\" target=\"_blank\" data-ylk=\"slk:maladie g\u00e9n\u00e9tique;elm:context_link;itc:0;sec:content-canvas\" class=\"link \">maladie g\u00e9n\u00e9tique<\/a> rare qui touche environ 1 enfant sur 20.000.<\/p>\n<p class=\"mb-4 text-lg md:leading-8 break-words\">Les fonds r\u00e9colt\u00e9s pendant cette journ\u00e9e ont \u00e9t\u00e9 revers\u00e9s \u00e0 l\u2019association \u00ab\u00a0La Tribu d\u2019Angelman\u00a0\u00bb. La b\u00e9n\u00e9diction du p\u00e8re Bruno Mary, elle, servira sans doute de bouclier spirituel \u00e0 ces motards au grand c\u0153ur. Et ils en auront bien besoin. Selon <a href=\"https:\/\/www.onisr.securite-routiere.gouv.fr\/?at_medium=RSS%20feed&amp;at_campaign=ynews&amp;utm_source=yahoo&amp;utm_medium=rss&amp;utm_campaign=news_feed&amp;utm_content=in_article_link\" rel=\"nofollow noopener\" target=\"_blank\" data-ylk=\"slk:l\u2019Observatoire de la S\u00e9curit\u00e9 routi\u00e8re;elm:context_link;itc:0;sec:content-canvas\" class=\"link \">l\u2019Observatoire de la S\u00e9curit\u00e9 routi\u00e8re<\/a>, 1.449 personnes ont \u00e9t\u00e9 tu\u00e9es sur les routes de France depuis le d\u00e9but de l\u2019ann\u00e9e\u00a02025. Parmi elles, 325 \u00e9taient des motards.<\/p>\n<p class=\"mb-4 text-lg md:leading-8 break-words\"><a href=\"https:\/\/www.20minutes.fr\/arts-stars\/insolite\/4173203-20250915-quarantaine-motards-benis-cathedrale-lille?at_medium=RSS%20feed&amp;at_campaign=ynews&amp;utm_source=yahoo&amp;utm_medium=rss&amp;utm_campaign=news_feed&amp;utm_content=read_more_link&quot;\" rel=\"nofollow noopener\" target=\"_blank\" data-ylk=\"slk:Lire la suite sur 20minutes;elm:context_link;itc:0;sec:content-canvas\" class=\"link \">Lire la suite sur 20minutes<\/a><\/p>\n<p>\u00c0 lire aussi :<br \/><a href=\"https:\/\/www.20minutes.fr\/faits_divers\/4170967-20250903-charente-maritime-flashe-180-km-h-motard-tentait-echapper-pluie?at_medium=RSS%20feed&amp;at_campaign=ynews&amp;utm_source=yahoo&amp;utm_medium=rss&amp;utm_campaign=news_feed&amp;utm_content=related_content_link\" rel=\"nofollow noopener\" target=\"_blank\" data-ylk=\"slk:Charente-Maritime\u00a0: Flash\u00e9 \u00e0 180\u00a0km\/h, un motard tentait d\u2019\u00e9chapper\u2026 \u00e0 la pluie;elm:context_link;itc:0;sec:content-canvas\" class=\"link \">Charente-Maritime\u00a0: Flash\u00e9 \u00e0 180\u00a0km\/h, un motard tentait d\u2019\u00e9chapper\u2026 \u00e0 la pluie<\/a><br \/><a href=\"https:\/\/www.20minutes.fr\/societe\/paques\/4148022-20250413-bapteme-careme-jeunes-tournent-vers-religion-grace-reseaux-sociaux?at_medium=RSS%20feed&amp;at_campaign=ynews&amp;utm_source=yahoo&amp;utm_medium=rss&amp;utm_campaign=news_feed&amp;utm_content=related_content_link\" rel=\"nofollow noopener\" target=\"_blank\" data-ylk=\"slk:Bapt\u00eame, car\u00eame\u2026 Qui sont ces jeunes qui se tournent vers la religion gr\u00e2ce aux r\u00e9seaux\u00a0sociaux\u00a0?;elm:context_link;itc:0;sec:content-canvas\" class=\"link \">Bapt\u00eame, car\u00eame\u2026 Qui sont ces jeunes qui se tournent vers la religion gr\u00e2ce aux r\u00e9seaux\u00a0sociaux\u00a0?<\/a><\/p>\n","protected":false},"excerpt":{"rendered":"Du jamais-vu &#8211; Dimanche 14\u00a0septembre 2025, un groupe d\u2019une quarantaine de motards a \u00e9t\u00e9 b\u00e9ni \u00e0 la cath\u00e9drale&hellip;\n","protected":false},"author":2,"featured_media":392939,"comment_status":"","ping_status":"","sticky":false,"template":"","format":"standard","meta":{"footnotes":""},"categories":[2815],"tags":[1111,11,52502,2883,1777,674,1011,27,811,1307,3747,12,52503,25],"class_list":{"0":"post-392938","1":"post","2":"type-post","3":"status-publish","4":"format-standard","5":"has-post-thumbnail","7":"category-lille","8":"tag-actu","9":"tag-actualites","10":"tag-bruno-mary","11":"tag-ete","12":"tag-eu","13":"tag-europe","14":"tag-fr","15":"tag-france","16":"tag-hauts-de-france","17":"tag-lille","18":"tag-motards","19":"tag-news","20":"tag-olivier-caenen","21":"tag-republique-francaise"},"share_on_mastodon":{"url":"https:\/\/pubeurope.com\/@fr\/115209126927905852","error":""},"_links":{"self":[{"href":"https:\/\/www.europesays.com\/fr\/wp-json\/wp\/v2\/posts\/392938","targetHints":{"allow":["GET"]}}],"collection":[{"href":"https:\/\/www.europesays.com\/fr\/wp-json\/wp\/v2\/posts"}],"about":[{"href":"https:\/\/www.europesays.com\/fr\/wp-json\/wp\/v2\/types\/post"}],"author":[{"embeddable":true,"href":"https:\/\/www.europesays.com\/fr\/wp-json\/wp\/v2\/users\/2"}],"replies":[{"embeddable":true,"href":"https:\/\/www.europesays.com\/fr\/wp-json\/wp\/v2\/comments?post=392938"}],"version-history":[{"count":0,"href":"https:\/\/www.europesays.com\/fr\/wp-json\/wp\/v2\/posts\/392938\/revisions"}],"wp:featuredmedia":[{"embeddable":true,"href":"https:\/\/www.europesays.com\/fr\/wp-json\/wp\/v2\/media\/392939"}],"wp:attachment":[{"href":"https:\/\/www.europesays.com\/fr\/wp-json\/wp\/v2\/media?parent=392938"}],"wp:term":[{"taxonomy":"category","embeddable":true,"href":"https:\/\/www.europesays.com\/fr\/wp-json\/wp\/v2\/categories?post=392938"},{"taxonomy":"post_tag","embeddable":true,"href":"https:\/\/www.europesays.com\/fr\/wp-json\/wp\/v2\/tags?post=392938"}],"curies":[{"name":"wp","href":"https:\/\/api.w.org\/{rel}","templated":true}]}}