{"id":393007,"date":"2025-09-15T16:35:12","date_gmt":"2025-09-15T16:35:12","guid":{"rendered":"https:\/\/www.europesays.com\/fr\/393007\/"},"modified":"2025-09-15T16:35:12","modified_gmt":"2025-09-15T16:35:12","slug":"sa-demeure-du-xve-siecle-transformee-en-mini-ferme","status":"publish","type":"post","link":"https:\/\/www.europesays.com\/fr\/393007\/","title":{"rendered":"sa demeure du XVe si\u00e8cle transform\u00e9e en mini-ferme"},"content":{"rendered":"<p>Sa publication Instagram n\u00a0\u00bbest pas pass\u00e9e inaper\u00e7ue. En avril 2024, <a href=\"https:\/\/www.grazia.fr\/people\/pierre-niney-vivement-critique-son-comportement-a-roland-garros-nest-pas-passe-inapercu-1165264.html\" rel=\"nofollow noopener\" target=\"_blank\">Pierre Niney<\/a> a partag\u00e9 sur son compte Instagram une vid\u00e9o dans laquelle il pr\u00e9sente ses \u00e2nes de compagnie. De quoi conqu\u00e9rir le coeur des amoureux de la nature et des animaux&#8230; En plus de sa maison \u00e0 l&rsquo;\u00eele d&rsquo;Yeu, l&rsquo;acteur de 35 ans poss\u00e8de \u00e9galement une ancienne ferme \u00e0 la campagne, proche de la commune <strong>Rambouillet<\/strong>, selon plusieurs sources.<\/p>\n<p>Un v\u00e9ritable havre de paix, entour\u00e9 de verdure, o\u00f9 des animaux se baladent librement, jusqu&rsquo;\u00e0 m\u00eame entrer \u00e0 l&rsquo;int\u00e9rieur de la maison. Il s&rsquo;agit d&rsquo;une demeure du XVe si\u00e8cle qu&rsquo;il a achet\u00e9 avec sa compagne <a href=\"https:\/\/www.grazia.fr\/people\/pierre-niney-en-couple-depuis-16-ans-avec-natasha-andrews-comme-tout-le-monde-nous-avons-des-hauts-et-des-bas-1093440.html\" rel=\"nofollow noopener\" target=\"_blank\">Natasha Andrews<\/a> pendant le confinement. Depuis, le couple et leurs deux filles n&rsquo;ont plus jamais quitt\u00e9 cet endroit. En m\u00eame temps, lorsqu&rsquo;on a une maison loin de la fr\u00e9n\u00e9sie de la capitale, o\u00f9 l&rsquo;on peut se ressourcer, pourquoi s&rsquo;en priver ?<\/p>\n<p> Poules, lapins, \u00e2nes, tortues&#8230; <\/p>\n<p>\u00ab\u00a0J&rsquo;y ai cr\u00e9\u00e9 une sorte d&rsquo;autarcie alimentaire\u00a0avec des poules, des lapins, des \u00e2nes miniatures (dont un \u00e2ne de Provence), deux chiens, des chats, des tortues et un gigantesque potager\u00a0\u00bb,\u00a0explique l&rsquo;ex-mannequin dans le podcast Coup d&rsquo;\u00c9clat.\u00a0C&rsquo;est <strong>\u00ab\u00a0son amour pour la nature\u00a0\u00bb <\/strong>qui l&rsquo;a pouss\u00e9 \u00e0 s&rsquo;installer l\u00e0-bas. \u00ab\u00a0Lorsqu&rsquo;on est arriv\u00e9s dans la maison, il y avait deux carr\u00e9s d&rsquo;un m\u00e8tre cube pour faire pousser des \u00e9pinards, des choux-fleurs, et j&rsquo;ai agrandi le potager au fur et \u00e0 mesure, jusqu&rsquo;\u00e0 avoir de quoi faire des conserves\u00a0\u00bb,\u00a0a-t-elle ajout\u00e9.<\/p>\n<p>Pour Natasha Andrews, aujourd&rsquo;hui professeur de yoga et <a href=\"https:\/\/www.grazia.fr\/beaute\/forme-minceur\/je-suis-expert-en-nutrition-et-voici-le-plat-quil-ne-faut-surtout-pas-manger-le-soir-pour-ne-pas-se-reveiller-avec-un-ventre-gonfle-1100144.html\" rel=\"nofollow noopener\" target=\"_blank\">experte en nutrition<\/a>, cet endroit est parfait pour se ressourcer, loin de tout :\u00a0\u00ab\u00a0\u00c7a change beaucoup et j&rsquo;aime \u00e7a. Avec Pierre, notre vie est mouvement\u00e9e donc on trouve du sens \u00e0 \u00eatre dans la nature, \u00e0 retrouver du calme et de l&rsquo;espace\u00a0\u00bb.<\/p>\n<blockquote class=\"instagram-media \" style=\"background: #ffffff;border: 0;margin: 1px;width: 100%;padding: 0;max-width: 500px;\" data-instgrm-permalink=\"https:\/\/www.instagram.com\/reel\/C5tK-Icol6s\/?utm_source=ig_embed\" data-instgrm-version=\"14\"\/><p><\/p>\n<p> Un havre de paix \u00e9loign\u00e9 de la capitale <\/p>\n<p>Un avis que partage \u00e9galement Pierre Niney. \u00ab\u00a0Je commen\u00e7ais \u00e0 subir Paris et, aujourd&rsquo;hui, je ne me vois plus du tout habiter en ville.\u00a0<strong>Je vis dans un endroit sans personne autour de moi<\/strong>, j&rsquo;ai un temps illimit\u00e9, jusqu&rsquo;\u00e0 l&rsquo;\u00e9puisement, pour lire des livres, regarder des films, et me perdre dans une histoire. J&rsquo;adore tellement faire \u00e7a ! Surtout la nuit, quand personne ne m&rsquo;appelle&#8230; Mon grand luxe, ma grande joie, c&rsquo;est de pouvoir choisir mes moments de\u00a0solitude\u00a0\u00bb, a-t-il d\u00e9clar\u00e9 en 2021 dans les colonnes de Psychologies Magazine.\u00a0<\/p>\n<p>Mais une chose est s\u00fbre, vivre avec des \u00e2nes n&rsquo;est pas toujours de tout repos, comme en t\u00e9moigne sa femme. \u00ab\u00a0Ils se prom\u00e8nent partout dans la propri\u00e9t\u00e9, et quand ils commencent \u00e0 manger mes fleurs, \u00e7a cr\u00e9e un petit stress !\u00a0\u00bb,\u00a0glisse-t-elle en conclusion.<\/p>\n<p>                <script async src=\"\/\/www.instagram.com\/embed.js\"><\/script><\/p>\n","protected":false},"excerpt":{"rendered":"Sa publication Instagram n\u00a0\u00bbest pas pass\u00e9e inaper\u00e7ue. En avril 2024, Pierre Niney a partag\u00e9 sur son compte Instagram&hellip;\n","protected":false},"author":2,"featured_media":393008,"comment_status":"","ping_status":"","sticky":false,"template":"","format":"standard","meta":{"footnotes":""},"categories":[7],"tags":[1011,27,6055,43,40,41,39,42,44],"class_list":{"0":"post-393007","1":"post","2":"type-post","3":"status-publish","4":"format-standard","5":"has-post-thumbnail","7":"category-sciences-et-technologies","8":"tag-fr","9":"tag-france","10":"tag-republishing","11":"tag-science","12":"tag-science-and-technology","13":"tag-sciences","14":"tag-sciences-et-technologies","15":"tag-technologies","16":"tag-technology"},"share_on_mastodon":{"url":"https:\/\/pubeurope.com\/@fr\/115209288043743955","error":""},"_links":{"self":[{"href":"https:\/\/www.europesays.com\/fr\/wp-json\/wp\/v2\/posts\/393007","targetHints":{"allow":["GET"]}}],"collection":[{"href":"https:\/\/www.europesays.com\/fr\/wp-json\/wp\/v2\/posts"}],"about":[{"href":"https:\/\/www.europesays.com\/fr\/wp-json\/wp\/v2\/types\/post"}],"author":[{"embeddable":true,"href":"https:\/\/www.europesays.com\/fr\/wp-json\/wp\/v2\/users\/2"}],"replies":[{"embeddable":true,"href":"https:\/\/www.europesays.com\/fr\/wp-json\/wp\/v2\/comments?post=393007"}],"version-history":[{"count":0,"href":"https:\/\/www.europesays.com\/fr\/wp-json\/wp\/v2\/posts\/393007\/revisions"}],"wp:featuredmedia":[{"embeddable":true,"href":"https:\/\/www.europesays.com\/fr\/wp-json\/wp\/v2\/media\/393008"}],"wp:attachment":[{"href":"https:\/\/www.europesays.com\/fr\/wp-json\/wp\/v2\/media?parent=393007"}],"wp:term":[{"taxonomy":"category","embeddable":true,"href":"https:\/\/www.europesays.com\/fr\/wp-json\/wp\/v2\/categories?post=393007"},{"taxonomy":"post_tag","embeddable":true,"href":"https:\/\/www.europesays.com\/fr\/wp-json\/wp\/v2\/tags?post=393007"}],"curies":[{"name":"wp","href":"https:\/\/api.w.org\/{rel}","templated":true}]}}