{"id":393015,"date":"2025-09-15T16:39:12","date_gmt":"2025-09-15T16:39:12","guid":{"rendered":"https:\/\/www.europesays.com\/fr\/393015\/"},"modified":"2025-09-15T16:39:12","modified_gmt":"2025-09-15T16:39:12","slug":"champion-du-monde-en-2018-samuel-umtiti-annonce-sa-retraite-a-lage-de-31-ans-lequipe","status":"publish","type":"post","link":"https:\/\/www.europesays.com\/fr\/393015\/","title":{"rendered":"Champion du monde en 2018, Samuel Umtiti annonce sa retraite \u00e0 l&#039;\u00e2ge de 31 ans &#8211; L&#039;\u00c9quipe"},"content":{"rendered":"<ol>\n<li><a href=\"https:\/\/news.google.com\/rss\/articles\/CBMixwFBVV95cUxNd1U2NU5HaEtvclBSOTRqRGhRdnl4cDZKTUt5MHVpbmFXSVdqNXp6YjlSYzZmME9OSE1QaDlmNTMzaE5fUjQyaWc5dE5McVVhUE9vYk43ek9WeFhDcjRLNS1fSXg3TWNIaUpieUlZUHhXNXBHd0VLQU11Q05ZZ00xT2Z4TkZLRm5lQzBpSkdTTlc1NzlJbUN2ejV4blRfbGxTVFdMM1RDVkFpRXRLOThURm1KdVUwOTRiQUgtUkhVZGE0MXJCQ3cw?oc=5\" target=\"_blank\" rel=\"nofollow noopener\">Champion du monde en 2018, Samuel Umtiti annonce sa retraite \u00e0 l&rsquo;\u00e2ge de 31 ans<\/a>&nbsp;&nbsp;L&rsquo;\u00c9quipe<\/li>\n<li><a href=\"https:\/\/news.google.com\/rss\/articles\/CBMinAFBVV95cUxPYWNQZ3FnTTQ1a1FEU1NlOERzZUViaXJOY1NDbDUwSVhvYkM1VzF0em5SdkhzVWUxOWwybE9acVMxTkM2OWs5VUNiS2MzUDc3RU9LeXBUc2hINFVJUDJreTNPWWJNQmxQTVhMcGxtRkthaDVsSHNoX3FvQUJlQlpwNGV2bmVNUXJkT1FiN1pLeDg0bEFBVVVZbl9KbV8?oc=5\" target=\"_blank\" rel=\"nofollow noopener\">Football : le d\u00e9fenseur Samuel Umtiti annonce sa retraite \u00e0 31 ans<\/a>&nbsp;&nbsp;Le Figaro<\/li>\n<li><a href=\"https:\/\/news.google.com\/rss\/articles\/CBMiqAFBVV95cUxOUlUzZGlOZ2lYZGhsaVkxMnZCakI4akhCU2tpMTRtZEZSYnJlN0VDQmtQMlU3eXV4TTVDQVZ6dzV6Y0NsTTZUUzFwZG9uWXlsT3A3Qi01c2hScGd1LUZDS1JlMHVEMTdXenQ3YkNoOGVmaWwzNUdqTUN3UzUzQzVlUzRtaGlXeDU0X3VuQTJPZjFhenBlOG9JYXRVdF9WZ0tQNzR6ZWVrNEM?oc=5\" target=\"_blank\" rel=\"nofollow noopener\">Le footballeur Samuel Umtiti met un terme \u00e0 sa carri\u00e8re<\/a>&nbsp;&nbsp;La R\u00e9publique du Centre<\/li>\n<li><a href=\"https:\/\/news.google.com\/rss\/articles\/CBMihwJBVV95cUxOeWFlV2NETkJvQ0ZweDliLXlMWGtsYWVCRDFBLVNlbC1KdEd0WW90c3JFQ0pNQ2pYX3VUUGQzQXR0bVF2OV9vOFhNRm91bkJILXJnY0hDZ0RnM0FvSUVXZFdpUmN6a05zSjVHdE4ta05aV0Q3RGZwY3NiU2J3RkMzaHNGNTVBeWpJUkgyUTVGQllwNFlGdmtiblpZSG9qTGdDWWtoLWxwaVgtZ19ReEg0clc3emhIUHV4WE83ZVF6dkVBWGY3MW9HUERra1RaMjkxQ2JBaDl1WlZrRnZxMl9JOHlkc2l4MjRjZENuU3FMTGxjMTl0WGFvejBTVGdFd1BaZjBYMWFabw?oc=5\" target=\"_blank\" rel=\"nofollow noopener\">\u00ab Je ne regrette rien \u00bb : champion du monde avec les Bleus en 2018, Samuel Umtiti prend sa retraite<\/a>&nbsp;&nbsp;Le Parisien<\/li>\n<li><a href=\"https:\/\/news.google.com\/rss\/articles\/CBMikwFBVV95cUxNNEUyTElFSDVhS0laSzRUY0ZMSzVDaWQtTzRzU0Q2ZWRrbmhnbmJGVlNHVElkYjBSdzg0bjlLV3JDZlFxcUJhOEVzSjZpMzFKSGJnRVhOYkZSaW42NTIzQkNxWTVXMmtOZGhtMFdtQ1lucG42R3ZQMjhhY0c5R3VsdTh5WXZDR0pQWnBVakcwM3daQzQ?oc=5\" target=\"_blank\" rel=\"nofollow noopener\">Samuel Umtiti prend sa retraite \u00e0 31 ans !<\/a>&nbsp;&nbsp;Foot Mercato<\/li>\n<\/ol>\n","protected":false},"excerpt":{"rendered":"Champion du monde en 2018, Samuel Umtiti annonce sa retraite \u00e0 l&rsquo;\u00e2ge de 31 ans&nbsp;&nbsp;L&rsquo;\u00c9quipe Football : le&hellip;\n","protected":false},"author":2,"featured_media":393016,"comment_status":"","ping_status":"","sticky":false,"template":"","format":"standard","meta":{"footnotes":""},"categories":[2],"tags":[11,1011,27,12],"class_list":{"0":"post-393015","1":"post","2":"type-post","3":"status-publish","4":"format-standard","5":"has-post-thumbnail","7":"category-actualites","8":"tag-actualites","9":"tag-fr","10":"tag-france","11":"tag-news"},"share_on_mastodon":{"url":"https:\/\/pubeurope.com\/@fr\/115209303765666698","error":""},"_links":{"self":[{"href":"https:\/\/www.europesays.com\/fr\/wp-json\/wp\/v2\/posts\/393015","targetHints":{"allow":["GET"]}}],"collection":[{"href":"https:\/\/www.europesays.com\/fr\/wp-json\/wp\/v2\/posts"}],"about":[{"href":"https:\/\/www.europesays.com\/fr\/wp-json\/wp\/v2\/types\/post"}],"author":[{"embeddable":true,"href":"https:\/\/www.europesays.com\/fr\/wp-json\/wp\/v2\/users\/2"}],"replies":[{"embeddable":true,"href":"https:\/\/www.europesays.com\/fr\/wp-json\/wp\/v2\/comments?post=393015"}],"version-history":[{"count":0,"href":"https:\/\/www.europesays.com\/fr\/wp-json\/wp\/v2\/posts\/393015\/revisions"}],"wp:featuredmedia":[{"embeddable":true,"href":"https:\/\/www.europesays.com\/fr\/wp-json\/wp\/v2\/media\/393016"}],"wp:attachment":[{"href":"https:\/\/www.europesays.com\/fr\/wp-json\/wp\/v2\/media?parent=393015"}],"wp:term":[{"taxonomy":"category","embeddable":true,"href":"https:\/\/www.europesays.com\/fr\/wp-json\/wp\/v2\/categories?post=393015"},{"taxonomy":"post_tag","embeddable":true,"href":"https:\/\/www.europesays.com\/fr\/wp-json\/wp\/v2\/tags?post=393015"}],"curies":[{"name":"wp","href":"https:\/\/api.w.org\/{rel}","templated":true}]}}