{"id":393021,"date":"2025-09-15T16:42:10","date_gmt":"2025-09-15T16:42:10","guid":{"rendered":"https:\/\/www.europesays.com\/fr\/393021\/"},"modified":"2025-09-15T16:42:10","modified_gmt":"2025-09-15T16:42:10","slug":"un-tout-nouveau-village-a-letude-pour-les-fetes-de-saint-nicolas-2025-a-nancy","status":"publish","type":"post","link":"https:\/\/www.europesays.com\/fr\/393021\/","title":{"rendered":"un tout nouveau village \u00e0 l&rsquo;\u00e9tude pour les F\u00eates de Saint-Nicolas 2025 \u00e0 Nancy"},"content":{"rendered":"<p>            Par<br \/>\n        <strong><br \/>\n            <a href=\"https:\/\/actu.fr\/auteur\/amandine-mehl\" title=\"Consulter tous les articles de Amandine Mehl\" target=\"_blank\" rel=\"noopener\">Amandine Mehl<\/a><br \/>\n        <\/strong><\/p>\n<p>        Publi\u00e9 le<\/p>\n<p>            15 sept. 2025 \u00e0 17h47        <\/p>\n<p><strong>INFO LORRAINE ACTU<\/strong>. Alors que le <a href=\"https:\/\/actu.fr\/grand-est\/nancy_54395\/exclusif-fetes-de-saint-nicolas-a-nancy-il-n-y-aura-pas-de-village-place-simone-veil-cette-annee_63163953.html\" target=\"_blank\" rel=\"noopener\">village place Simone Veil<\/a> ne reviendra pas lors des F\u00eates de <a href=\"https:\/\/actu.fr\/tag\/saint-nicolas\" target=\"_blank\" rel=\"noopener\">Saint-Nicolas<\/a> cette ann\u00e9e, soit du 21\u00a0novembre 2025 au 4\u00a0janvier 2026, un <strong>nouvel emplacement<\/strong> devrait \u00eatre investi par des chalets \u00e0 Nancy.<\/p>\n<p class=\" wall-content\">Selon nos informations, ce <strong>nouveau village<\/strong> devrait prendre place devant le <a href=\"https:\/\/actu.fr\/grand-est\/nancy_54395\/nancy-quoi-sert-le-palais-du-gouvernement-aujourd-hui_59607037.html\" target=\"_blank\" rel=\"noopener\">palais du gouvernement<\/a>.<\/p>\n<p>Une douzaine de chalets attendue devant le palais du gouvernement<\/p>\n<p class=\" wall-content\">Une<strong> douzaine de chalets<\/strong> est ainsi attendue avec l\u2019id\u00e9e de ne pas proposer que de la nourriture, mais de <strong>r\u00e9server une partie \u00e0 l\u2019artisanat<\/strong>.<\/p>\n<p class=\" wall-content\">Ce nouvel emplacement offrira donc une <strong>certaine continuit\u00e9<\/strong> en faisant le lien avec le village de la patinoire place de la Carri\u00e8re et la grande roue, sans oublier celui de la <a href=\"https:\/\/actu.fr\/grand-est\/nancy_54395\/exclusif-un-tout-nouveau-village-a-l-etude-pour-les-fetes-de-saint-nicolas-2023-a-nancy_60187797.html\" target=\"_blank\" rel=\"noopener\">place Joseph Malval<\/a>.<\/p>\n<p class=\" wall-content\">De quoi offrir aux visiteurs <strong>deux p\u00f4les attractifs<\/strong> avec d\u2019un c\u00f4t\u00e9 les diff\u00e9rents villages install\u00e9s en Vieille Ville et de l\u2019autre le grand village de Saint-Nicolas place Charles III.<\/p>\n<p class=\" wall-content\">Personnalisez votre actualit\u00e9 en ajoutant vos villes et m\u00e9dias en favori avec <a href=\"https:\/\/moncompte.actu.fr\" title=\"D\u00e9couvez Mon Actu\" rel=\"nofollow noopener\" data-trk=\"{&quot;cta&quot;:{&quot;action&quot;:&quot;https:\\\/\\\/moncompte.actu.fr&quot;,&quot;category&quot;:&quot;mon compte&quot;,&quot;from&quot;:&quot;article footer&quot;,&quot;name&quot;:&quot;Mon actu&quot;,&quot;type&quot;:&quot;cta&quot;}}\" target=\"_blank\">Mon Actu<\/a>.<\/p>\n","protected":false},"excerpt":{"rendered":"Par Amandine Mehl Publi\u00e9 le 15 sept. 2025 \u00e0 17h47 INFO LORRAINE ACTU. Alors que le village place&hellip;\n","protected":false},"author":2,"featured_media":393022,"comment_status":"","ping_status":"","sticky":false,"template":"","format":"standard","meta":{"footnotes":""},"categories":[9635],"tags":[1111,11,1777,674,1011,27,775,1702,12,25,14334,104],"class_list":{"0":"post-393021","1":"post","2":"type-post","3":"status-publish","4":"format-standard","5":"has-post-thumbnail","7":"category-nancy","8":"tag-actu","9":"tag-actualites","10":"tag-eu","11":"tag-europe","12":"tag-fr","13":"tag-france","14":"tag-grand-est","15":"tag-nancy","16":"tag-news","17":"tag-republique-francaise","18":"tag-saint-nicolas","19":"tag-societe"},"share_on_mastodon":{"url":"https:\/\/pubeurope.com\/@fr\/115209315599999823","error":""},"_links":{"self":[{"href":"https:\/\/www.europesays.com\/fr\/wp-json\/wp\/v2\/posts\/393021","targetHints":{"allow":["GET"]}}],"collection":[{"href":"https:\/\/www.europesays.com\/fr\/wp-json\/wp\/v2\/posts"}],"about":[{"href":"https:\/\/www.europesays.com\/fr\/wp-json\/wp\/v2\/types\/post"}],"author":[{"embeddable":true,"href":"https:\/\/www.europesays.com\/fr\/wp-json\/wp\/v2\/users\/2"}],"replies":[{"embeddable":true,"href":"https:\/\/www.europesays.com\/fr\/wp-json\/wp\/v2\/comments?post=393021"}],"version-history":[{"count":0,"href":"https:\/\/www.europesays.com\/fr\/wp-json\/wp\/v2\/posts\/393021\/revisions"}],"wp:featuredmedia":[{"embeddable":true,"href":"https:\/\/www.europesays.com\/fr\/wp-json\/wp\/v2\/media\/393022"}],"wp:attachment":[{"href":"https:\/\/www.europesays.com\/fr\/wp-json\/wp\/v2\/media?parent=393021"}],"wp:term":[{"taxonomy":"category","embeddable":true,"href":"https:\/\/www.europesays.com\/fr\/wp-json\/wp\/v2\/categories?post=393021"},{"taxonomy":"post_tag","embeddable":true,"href":"https:\/\/www.europesays.com\/fr\/wp-json\/wp\/v2\/tags?post=393021"}],"curies":[{"name":"wp","href":"https:\/\/api.w.org\/{rel}","templated":true}]}}