{"id":393093,"date":"2025-09-15T17:22:13","date_gmt":"2025-09-15T17:22:13","guid":{"rendered":"https:\/\/www.europesays.com\/fr\/393093\/"},"modified":"2025-09-15T17:22:13","modified_gmt":"2025-09-15T17:22:13","slug":"la-france-compte-t-elle-plus-de-morts-sur-les-routes-que-ses-voisins-europeens","status":"publish","type":"post","link":"https:\/\/www.europesays.com\/fr\/393093\/","title":{"rendered":"La France compte-t-elle plus de morts sur les routes que ses voisins europ\u00e9ens ?"},"content":{"rendered":"<p>Ao\u00fbt 2025 a \u00e9t\u00e9 marqu\u00e9 par une forte hausse de la mortalit\u00e9 routi\u00e8re en France m\u00e9tropolitaine avec 341 d\u00e9c\u00e8s, le mois le plus meurtrier depuis 2011 (+18% par rapport \u00e0 ao\u00fbt 2024). Que disent r\u00e9ellement ces chiffres au regard de ceux de nos voisins europ\u00e9ens\u00a0?<\/p>\n<p class=\"fig-paragraph\"><a href=\"http:\/\/www.lefigaro.fr\/actualite-france\/securite-routiere-avec-341-deces-le-mois-d-aout-2025-est-le-plus-meurtrier-depuis-14-ans-20250915\" target=\"_blank\" data-fig-type=\"NewsFlash\" rel=\"noopener\" data-gtm-custom-categorie=\"navigation\" data-gtm-custom-action=\"crossclick\" data-gtm-custom-label=\"Contextuel\" data-gtm-event=\"customEventSPE\" data-fig-domain=\"LEFIGARO\">Ao\u00fbt 2025<\/a>\u00a0a \u00e9t\u00e9 particuli\u00e8rement meurtrier sur les routes fran\u00e7aises avec 341 personnes tu\u00e9es, contre 290 l\u2019ann\u00e9e pr\u00e9c\u00e9dente \u00e0 la m\u00eame p\u00e9riode, vient d\u2019annoncer la\u00a0<a href=\"http:\/\/www.lefigaro.fr\/automobile\/dossier\/securite-routiere-et-prevention-tout-ce-qu-il-faut-savoir\" target=\"_blank\" data-fig-type=\"Topic\" rel=\"noopener\" data-gtm-custom-categorie=\"navigation\" data-gtm-custom-action=\"crossclick\" data-gtm-custom-label=\"Contextuel\" data-gtm-event=\"customEventSPE\" data-fig-domain=\"LEFIGARO\">S\u00e9curit\u00e9 routi\u00e8re<\/a>\u00a0en ce 15 septembre. Le mois d\u2019ao\u00fbt 2025 devient donc \u00able plus meurtrier\u00bb depuis 2011. Au mois de juillet, la mortalit\u00e9 routi\u00e8re avait d\u00e9j\u00e0 augment\u00e9 de 23% par rapport \u00e0 l\u2019ann\u00e9e pass\u00e9e, avec 338 personnes d\u00e9c\u00e9d\u00e9es en France m\u00e9tropolitaine.<\/p>\n<p class=\"fig-paragraph\">Si les chiffres inqui\u00e8tent, jusqu\u2019au plus haut niveau de l\u2019\u00c9tat &#8211;\u00a0<a href=\"http:\/\/www.lefigaro.fr\/politique\/francois-noel-buffet-aucun-elu-en-france-n-est-epargne-par-l-explosion-de-la-violence-20250519\" target=\"_blank\" data-fig-type=\"Article\" rel=\"noopener\" data-gtm-custom-categorie=\"navigation\" data-gtm-custom-action=\"crossclick\" data-gtm-custom-label=\"Contextuel\" data-gtm-event=\"customEventSPE\" data-fig-domain=\"LEFIGARO\">Fran\u00e7ois-No\u00ebl Buffet<\/a>, ministre d\u00e9missionnaire aupr\u00e8s du ministre de l\u2019Int\u00e9rieur, d\u00e9non\u00e7ant en juillet \u00abun rel\u00e2chement inacceptable des comportements au volant\u00bb &#8211; ils sont \u00e0 mettre en perspective avec les donn\u00e9es de la mortalit\u00e9 routi\u00e8re chez nos voisins europ\u00e9ens.<\/p>\n<p>                                    <a class=\"fig-a11y-skip a11y-hidden\" href=\"#fig-a11y-skip-main-inarticle\"><br \/>\n        Passer la publicit\u00e9<br \/>\n    <\/a><\/p>\n<p class=\"fig-paragraph\">Avec un taux de mortalit\u00e9 routi\u00e8re de 48 d\u00e9c\u00e8s par million d\u2019habitants en 2024, la France se situe d\u00e9sormais au-dessus de la moyenne europ\u00e9enne (44 d\u00e9c\u00e8s par million), indique la Direction g\u00e9n\u00e9rale de la mobilit\u00e9 et des transports de la Commission europ\u00e9enne.<\/p>\n<p>Les \u00e9l\u00e8ves mod\u00e8les europ\u00e9ens\u00a0: quand la route \u00e9pargne les vies<\/p>\n<p class=\"fig-paragraph\">Les routes o\u00f9 il est le plus s\u00fbr de conduire, se situent largement dans les pays nordiques. La\u00a0<a href=\"http:\/\/www.lefigaro.fr\/voyages\/guides\/dossier\/suede\" target=\"_blank\" data-fig-type=\"Topic\" rel=\"noopener\" data-gtm-custom-categorie=\"navigation\" data-gtm-custom-action=\"crossclick\" data-gtm-custom-label=\"Contextuel\" data-gtm-event=\"customEventSPE\" data-fig-domain=\"LEFIGARO\">Su\u00e8de<\/a>\u00a0peut se vanter d\u2019un excellent bilan de sa s\u00e9curit\u00e9 routi\u00e8re avec seulement 20 d\u00e9c\u00e8s par million d\u2019habitants en 2024, am\u00e9liorant m\u00eame son bilan de 8% par rapport \u00e0 2023. Le Danemark compte 24 d\u00e9c\u00e8s par million d\u2019habitants (-10% par rapport \u00e0 2023), quand la Norv\u00e8ge fait encore mieux avec 16 d\u00e9c\u00e8s par million d\u2019habitants et une baisse remarquable de 19% par rapport \u00e0 2023.<\/p>\n<p class=\"fig-paragraph\">\u00c0 ce jeu de la s\u00fbret\u00e9 sur route, seuls des petits pays tel que Malte (21 d\u00e9c\u00e8s par million d\u2019habitants) le Luxembourg (27 d\u00e9c\u00e8s par million d\u2019habitants), ou la Suisse (28 d\u00e9c\u00e8s par million d\u2019habitants) peuvent se vanter de jouer dans la m\u00eame cour.<\/p>\n<p>Les \u00e9l\u00e8ves moyens\u00a0: dans la norme europ\u00e9enne<\/p>\n<p class=\"fig-paragraph\">Plusieurs pays europ\u00e9ens naviguent autour de la moyenne continentale de 44 d\u00e9c\u00e8s par million d\u2019habitants.\u00a0<a href=\"http:\/\/www.lefigaro.fr\/automobile\/alcool-au-volant-en-espagne-la-tolerance-zero-approche-et-les-francais-sont-prevenus-20250225\" target=\"_blank\" data-fig-type=\"Article\" rel=\"noopener\" data-gtm-custom-categorie=\"navigation\" data-gtm-custom-action=\"crossclick\" data-gtm-custom-label=\"Contextuel\" data-gtm-event=\"customEventSPE\" data-fig-domain=\"LEFIGARO\">L\u2019Espagne<\/a>\u00a0(35 d\u00e9c\u00e8s par million) tire son \u00e9pingle du jeu avec une am\u00e9lioration de 4% en 2024, tandis que les Pays-Bas (31 d\u00e9c\u00e8s par million), l\u2019Allemagne (33 d\u00e9c\u00e8s par million) et l\u2019Autriche (38 d\u00e9c\u00e8s par million) maintiennent de bonnes performances de s\u00e9curit\u00e9 routi\u00e8re.<\/p>\n<p class=\"fig-paragraph\">La France, avec ses 48 d\u00e9c\u00e8s par million d\u2019habitants, se situe donc bien dans le groupe des \u00abmoyens-faibles\u00bb, au-dessus de la moyenne europ\u00e9enne et avec une stagnation (+1% par rapport \u00e0 2023). L\u2019Italie (51 d\u00e9c\u00e8s par million) pr\u00e9sente un profil similaire avec une stabilit\u00e9 qui cache l\u2019absence de progr\u00e8s significatifs.<\/p>\n<p>                                    <a class=\"fig-a11y-skip a11y-hidden\" href=\"#fig-a11y-skip-main-inarticle_mtf\"><br \/>\n        Passer la publicit\u00e9<br \/>\n    <\/a><\/p>\n<p>Les cancres europ\u00e9ens\u00a0: quand la route devient un pi\u00e8ge mortel<\/p>\n<p class=\"fig-paragraph\">\u00c0 l\u2019autre extr\u00e9mit\u00e9 du classement, la Roumanie (77 d\u00e9c\u00e8s par million d\u2019habitants) et la Bulgarie (74 d\u00e9c\u00e8s par million) pr\u00e9sentent des taux de mortalit\u00e9 routi\u00e8re plus de trois fois sup\u00e9rieurs \u00e0 celui de la Su\u00e8de. Malgr\u00e9 des am\u00e9liorations notables &#8211; la Roumanie a r\u00e9duit sa mortalit\u00e9 de 21% depuis 2019 -, ces pays restent loin des standards europ\u00e9ens.<\/p>\n<p class=\"fig-paragraph\">La Lettonie (59 d\u00e9c\u00e8s par million) et la Croatie (62 d\u00e9c\u00e8s par million) compl\u00e8tent ce groupe des moins performants, m\u00eame si ces pays affichent des progressions encourageantes avec respectivement -22% et -13% par rapport \u00e0 2023.<\/p>\n<p>Des chiffres de la S\u00e9curit\u00e9 routi\u00e8re insuffisants face aux objectifs europ\u00e9ens<\/p>\n<p class=\"fig-paragraph\">Que disent finalement tous ces chiffres\u00a0? Avec une baisse de seulement 3% des d\u00e9c\u00e8s routiers en 2024, l\u2019Union europ\u00e9enne est loin de l\u2019objectif fix\u00e9 de\u00a0<a href=\"http:\/\/www.lefigaro.fr\/conjoncture\/l-union-europeenne-veut-rendre-les-controles-techniques-annuels-obligatoires-pour-les-voitures-de-plus-de-10-ans-20250424\" target=\"_blank\" data-fig-type=\"NewsFlash\" rel=\"noopener\" data-gtm-custom-categorie=\"navigation\" data-gtm-custom-action=\"crossclick\" data-gtm-custom-label=\"Contextuel\" data-gtm-event=\"customEventSPE\" data-fig-domain=\"LEFIGARO\">r\u00e9duire de moiti\u00e9 la mortalit\u00e9 routi\u00e8re d\u2019ici 2030.\u00a0<\/a><\/p>\n<p class=\"fig-paragraph\">Certains \u00c9tats membres montrent pourtant qu\u2019une am\u00e9lioration significative est possible\u00a0: la Bulgarie, le Danemark, la Lituanie, la Pologne et la Slov\u00e9nie sont actuellement sur la bonne trajectoire pour atteindre l\u2019objectif de r\u00e9duction de 50%. La Lituanie se distingue particuli\u00e8rement avec une baisse de 24% en 2024 et une r\u00e9duction de 35% depuis 2019.<\/p>\n<p class=\"fig-paragraph\">Ce bilan comparatif montre aussi que la France doit donc intensifier ses actions pour rattraper le retard par rapport aux pays les plus performants d\u2019Europe et contribuer \u00e0 l\u2019autre objectif communautaire d\u2019une \u00ab<a href=\"http:\/\/www.lefigaro.fr\/automobile\/pour-obtenir-le-permis-l-ue-veut-que-vous-appreniez-a-bien-utiliser-votre-telephone-au-volant-20250325\" target=\"_blank\" data-fig-type=\"Article\" rel=\"noopener\" data-gtm-custom-categorie=\"navigation\" data-gtm-custom-action=\"crossclick\" data-gtm-custom-label=\"Contextuel\" data-gtm-event=\"customEventSPE\" data-fig-domain=\"LEFIGARO\">vision z\u00e9ro<\/a>\u00bb d\u00e9c\u00e8s sur les routes d\u2019ici 2050.<\/p>\n","protected":false},"excerpt":{"rendered":"Ao\u00fbt 2025 a \u00e9t\u00e9 marqu\u00e9 par une forte hausse de la mortalit\u00e9 routi\u00e8re en France m\u00e9tropolitaine avec 341&hellip;\n","protected":false},"author":2,"featured_media":393094,"comment_status":"","ping_status":"","sticky":false,"template":"","format":"standard","meta":{"footnotes":""},"categories":[1586],"tags":[1296,47,11,6712,1977,646,10929,10930,1755,7527,10931,1777,674,2251,1011,27,4320,12,7526,6027,10651,25,7258,4752,3888],"class_list":{"0":"post-393093","1":"post","2":"type-post","3":"status-publish","4":"format-standard","5":"has-post-thumbnail","7":"category-europe","8":"tag-accessoires","9":"tag-actualite","10":"tag-actualites","11":"tag-audi","12":"tag-auto","13":"tag-automobile","14":"tag-automobiles","15":"tag-autos","16":"tag-bmw","17":"tag-citroen","18":"tag-essais","19":"tag-eu","20":"tag-europe","21":"tag-ferrari","22":"tag-fr","23":"tag-france","24":"tag-mercedes","25":"tag-news","26":"tag-peugeot","27":"tag-porsche","28":"tag-renault","29":"tag-republique-francaise","30":"tag-tests","31":"tag-voiture","32":"tag-voitures"},"share_on_mastodon":{"url":"https:\/\/pubeurope.com\/@fr\/115209472842124645","error":""},"_links":{"self":[{"href":"https:\/\/www.europesays.com\/fr\/wp-json\/wp\/v2\/posts\/393093","targetHints":{"allow":["GET"]}}],"collection":[{"href":"https:\/\/www.europesays.com\/fr\/wp-json\/wp\/v2\/posts"}],"about":[{"href":"https:\/\/www.europesays.com\/fr\/wp-json\/wp\/v2\/types\/post"}],"author":[{"embeddable":true,"href":"https:\/\/www.europesays.com\/fr\/wp-json\/wp\/v2\/users\/2"}],"replies":[{"embeddable":true,"href":"https:\/\/www.europesays.com\/fr\/wp-json\/wp\/v2\/comments?post=393093"}],"version-history":[{"count":0,"href":"https:\/\/www.europesays.com\/fr\/wp-json\/wp\/v2\/posts\/393093\/revisions"}],"wp:featuredmedia":[{"embeddable":true,"href":"https:\/\/www.europesays.com\/fr\/wp-json\/wp\/v2\/media\/393094"}],"wp:attachment":[{"href":"https:\/\/www.europesays.com\/fr\/wp-json\/wp\/v2\/media?parent=393093"}],"wp:term":[{"taxonomy":"category","embeddable":true,"href":"https:\/\/www.europesays.com\/fr\/wp-json\/wp\/v2\/categories?post=393093"},{"taxonomy":"post_tag","embeddable":true,"href":"https:\/\/www.europesays.com\/fr\/wp-json\/wp\/v2\/tags?post=393093"}],"curies":[{"name":"wp","href":"https:\/\/api.w.org\/{rel}","templated":true}]}}