{"id":393111,"date":"2025-09-15T17:33:14","date_gmt":"2025-09-15T17:33:14","guid":{"rendered":"https:\/\/www.europesays.com\/fr\/393111\/"},"modified":"2025-09-15T17:33:14","modified_gmt":"2025-09-15T17:33:14","slug":"isack-hadjar-affronte-sebastien-loeb-au-festival-red-bull-motormania","status":"publish","type":"post","link":"https:\/\/www.europesays.com\/fr\/393111\/","title":{"rendered":"Isack Hadjar affronte S\u00e9bastien Loeb au festival Red Bull Motormania"},"content":{"rendered":"<p>            <img decoding=\"async\" alt=\"Isack Hadjar et S\u00e9bastien Loeb.\" src=\"https:\/\/www.europesays.com\/fr\/wp-content\/uploads\/2025\/09\/red-bull-motormania-2025-magny-cours.jpg\" width=\"375\" height=\"250\" loading=\"lazy\"\/><\/p>\n<p>\n    Isack Hadjar et S\u00e9bastien Loeb.<\/p>\n<p>                                                    \u00a9 REDBULL \/ ENVATO<\/p>\n<p>Une Formule\u00a01 face \u00e0 une Peugeot\u00a0208. Isack Hadjar est au volant de la\u00a0F1. \u00c0 20\u00a0ans, et apr\u00e8s seulement quinze Grands Prix, le prodige fran\u00e7ais a d\u00e9croch\u00e9 il y a deux semaines, aux <a href=\"https:\/\/www.lejdd.fr\/International\/500-millions-deuros-darmes-les-pays-bas-misent-sur-le-materiel-americain-pour-aider-lukraine-160791\" target=\"_blank\" rel=\"noopener\">Pays-Bas<\/a>, son premier podium en championnat du monde. Dans la\u00a0208\u00a0Pikes Peak au moteur survitamin\u00e9 et \u00e0 l\u2019aileron arri\u00e8re surdimensionn\u00e9, <a href=\"https:\/\/www.lejdd.fr\/societe\/sebastien-loeb-legende-du-rallye-ne-voit-pas-de-pilote-de-50-ans-149813\" target=\"_blank\" rel=\"noopener\">S\u00e9bastien Loeb<\/a>, 51\u00a0ans, a pris place. Qui, de l\u2019ancien roi des rallyes (neuf sacres plan\u00e9taires) ou du petit prince de la vitesse, va gagner ce duel\u00a0?<\/p>\n<p>    La suite apr\u00e8s cette publicit\u00e9<\/p>\n<p>L\u2019affrontement a lieu dans le cadre de la premi\u00e8re \u00e9dition du festival Red Bull Motormania, grand show m\u00e9canique coorganis\u00e9 par Claude Michy, promoteur du Grand Prix de France de moto\u00a0GP. Le d\u00e9part est donn\u00e9 sur la ligne droite des stands du circuit de Nevers Magny-Cours, devant une foule compacte. Coup de th\u00e9\u00e2tre\u00a0: Loeb cale d\u2019entr\u00e9e\u00a0! Et il ne parviendra jamais \u00e0 refaire son retard. Isack Hadjar ne cache pas son admiration\u00a0:\u00a0\u00ab\u00a0C\u2019est la premi\u00e8re fois que je le rencontre. Je suis S\u00e9bastien depuis toujours. Quand on jouait \u00e0 la PlayStation avec mon p\u00e8re, il y avait sa voiture. C\u2019est une ic\u00f4ne, et m\u00eame si je me suis sp\u00e9cialis\u00e9 en monoplace, je le respecte \u00e9norm\u00e9ment.\u00a0\u00bb<\/p>\n<p>L\u2019a\u00een\u00e9 n\u2019est pas non plus avare en compliments\u00a0:\u00a0\u00ab\u00a0Il passe de l\u2019anonymat \u00e0 star internationale en moins d\u2019un an. C\u2019est brutal. Il y a \u00e9norm\u00e9ment de pression. L\u2019arriv\u00e9e en\u00a0F1 doit \u00eatre hyper dure \u00e0 g\u00e9rer et il le fait tr\u00e8s bien.\u00a0\u00bb\u00a0L\u2019Alsacien ajoute, l\u2019\u0153il malicieux\u00a0: \u00ab\u00a0Potentiellement, il peut avoir une super carri\u00e8re.\u00a0\u00bb Le cadet assure\u00a0:\u00a0\u00ab\u00a0Je suis clair dans ma t\u00eate. Je ne suis pas dans un r\u00eave. Faire un premier podium, c\u2019\u00e9tait un objectif. C\u2019est fait, maintenant je passe \u00e0 la suite.\u00a0\u00bb\u00a0Et la suite, c\u2019est le\u00a0Grand Prix d\u2019Azerba\u00efdjan dans une semaine. Pour un nouveau podium\u00a0?<\/p>\n","protected":false},"excerpt":{"rendered":"Isack Hadjar et S\u00e9bastien Loeb. \u00a9 REDBULL \/ ENVATO Une Formule\u00a01 face \u00e0 une Peugeot\u00a0208. Isack Hadjar est&hellip;\n","protected":false},"author":2,"featured_media":393112,"comment_status":"","ping_status":"","sticky":false,"template":"","format":"standard","meta":{"footnotes":""},"categories":[1412],"tags":[1451,1452,1453,1454,1455,1011,27,60],"class_list":{"0":"post-393111","1":"post","2":"type-post","3":"status-publish","4":"format-standard","5":"has-post-thumbnail","7":"category-f1","8":"tag-f1","9":"tag-formula-1","10":"tag-formula1","11":"tag-formule-1","12":"tag-formule1","13":"tag-fr","14":"tag-france","15":"tag-sports"},"share_on_mastodon":{"url":"https:\/\/pubeurope.com\/@fr\/115209516082706102","error":""},"_links":{"self":[{"href":"https:\/\/www.europesays.com\/fr\/wp-json\/wp\/v2\/posts\/393111","targetHints":{"allow":["GET"]}}],"collection":[{"href":"https:\/\/www.europesays.com\/fr\/wp-json\/wp\/v2\/posts"}],"about":[{"href":"https:\/\/www.europesays.com\/fr\/wp-json\/wp\/v2\/types\/post"}],"author":[{"embeddable":true,"href":"https:\/\/www.europesays.com\/fr\/wp-json\/wp\/v2\/users\/2"}],"replies":[{"embeddable":true,"href":"https:\/\/www.europesays.com\/fr\/wp-json\/wp\/v2\/comments?post=393111"}],"version-history":[{"count":0,"href":"https:\/\/www.europesays.com\/fr\/wp-json\/wp\/v2\/posts\/393111\/revisions"}],"wp:featuredmedia":[{"embeddable":true,"href":"https:\/\/www.europesays.com\/fr\/wp-json\/wp\/v2\/media\/393112"}],"wp:attachment":[{"href":"https:\/\/www.europesays.com\/fr\/wp-json\/wp\/v2\/media?parent=393111"}],"wp:term":[{"taxonomy":"category","embeddable":true,"href":"https:\/\/www.europesays.com\/fr\/wp-json\/wp\/v2\/categories?post=393111"},{"taxonomy":"post_tag","embeddable":true,"href":"https:\/\/www.europesays.com\/fr\/wp-json\/wp\/v2\/tags?post=393111"}],"curies":[{"name":"wp","href":"https:\/\/api.w.org\/{rel}","templated":true}]}}