{"id":393113,"date":"2025-09-15T17:34:10","date_gmt":"2025-09-15T17:34:10","guid":{"rendered":"https:\/\/www.europesays.com\/fr\/393113\/"},"modified":"2025-09-15T17:34:10","modified_gmt":"2025-09-15T17:34:10","slug":"cyclisme-transfert-lequipe-totalenergies-prolonge-deux-jeunes-coureurs-francais","status":"publish","type":"post","link":"https:\/\/www.europesays.com\/fr\/393113\/","title":{"rendered":"Cyclisme. Transfert &#8211; L&rsquo;\u00e9quipe TotalEnergies prolonge deux jeunes coureurs fran\u00e7ais"},"content":{"rendered":"<p>Deux nouvelles prolongations chez <strong>TotalEnergies<\/strong> ! Apr\u00e8s <strong><a href=\"https:\/\/www.cyclismactu.net\/..\/news-transfert-route-anthony-turgis-a-prolonge-son-contrat-chez-totalenergies-90112.html\" target=\"_blank\" rel=\"noopener\">Anthony Turgis<\/a><\/strong>, c&rsquo;est au tour des Fran\u00e7ais\u00a0<strong>Thomas Bonnet<\/strong> (27 ans) et\u00a0<strong>Baptiste Vadic<\/strong> (23 ans) de poursuivre l&rsquo;aventure vend\u00e9enne pour une ann\u00e9e de plus, soit jusque fin 2026. L&rsquo;\u00e9quipe dirig\u00e9e par <strong>Jean-Ren\u00e9 Bernaudeau<\/strong> continue de miser sur des coureurs issus de son processus de formation et de son \u00e9quipe r\u00e9serve du <strong>Vend\u00e9e U<\/strong>, comme c&rsquo;est le cas pour <strong>Bonnet<\/strong> et <strong>Vadic<\/strong>. Malgr\u00e9 une saison 2025 tronqu\u00e9e en raison d&rsquo;une endofibrose, le premier cit\u00e9 garde donc la confiance de son \u00e9quipe pour prouver sa valeur, principalement comme \u00e9quipier mod\u00e8le, m\u00eame s&rsquo;il a tout de m\u00eame remport\u00e9 une \u00e9tape du <strong>Tour du Rwanda<\/strong> en 2023. Un peu plus jeune, le second s&rsquo;est r\u00e9cemment illsutr\u00e9 sur le <strong>Tour d&rsquo;Istanbul<\/strong>, dont il a pris la 2e place finale.<\/p>\n<p>Vid\u00e9o &#8211; Apr\u00e8s Anthony Turgis&#8230; Bonnet et Vadic prolongent Lire la suite de l&rsquo;article&#13;<\/p>\n<p>\u00a0<\/p>\n<p>&#13;<br \/>\nLes r\u00e9action de\u00a0Thomas Bonnet et\u00a0Baptiste Vadic&#13;<\/p>\n<p><strong>Thomas Bonnet<\/strong> : \u00ab\u00a0Prolonger avec le Team TotalEnergies est une vraie satisfaction ! Cette saison a \u00e9t\u00e9 compliqu\u00e9e pour moi avec mon endofibrose qui m&rsquo;a \u00e9loign\u00e9 plusieurs mois de la route, mais l&rsquo;\u00e9quipe m&rsquo;a toujours accord\u00e9 sa confiance. Cette prolongation est pour moi une source de motivation suppl\u00e9mentaire, je veux revenir plus fort et aider le collectif \u00e0 briller la saison prochaine.\u00a0\u00bb<\/p>\n<p>&#13;<\/p>\n<p><strong>Baptiste Vadic<\/strong> : \u00ab\u00a0C&rsquo;est valorisant de sentir la confiance de l&rsquo;\u00e9quipe. Depuis mon arriv\u00e9e du Vend\u00e9e U il y a deux ans, j&rsquo;ai vite compris que cette structure me correspondait, \u00e0 la fois humaine et ambitieuse. Partager des victoires avec l&rsquo;\u00e9quipe est une vraie source de motivation pour \u00e9crire de nouvelles pages. J&rsquo;ai h\u00e2te de continuer l&rsquo;aventure et de poursuivre ma progression.\u00a0\u00bb<\/p>\n","protected":false},"excerpt":{"rendered":"Deux nouvelles prolongations chez TotalEnergies ! Apr\u00e8s Anthony Turgis, c&rsquo;est au tour des Fran\u00e7ais\u00a0Thomas Bonnet (27 ans) et\u00a0Baptiste&hellip;\n","protected":false},"author":2,"featured_media":393114,"comment_status":"","ping_status":"","sticky":false,"template":"","format":"standard","meta":{"footnotes":""},"categories":[1411],"tags":[1154,207,211,1011,27,209,60,210,969,212,208,213],"class_list":{"0":"post-393113","1":"post","2":"type-post","3":"status-publish","4":"format-standard","5":"has-post-thumbnail","7":"category-cyclisme","8":"tag-cycling","9":"tag-cyclisme","10":"tag-ffc","11":"tag-fr","12":"tag-france","13":"tag-route","14":"tag-sports","15":"tag-tour-de-france","16":"tag-transfert","17":"tag-uci","18":"tag-velo","19":"tag-world-tour"},"share_on_mastodon":{"url":"https:\/\/pubeurope.com\/@fr\/115209519969890406","error":""},"_links":{"self":[{"href":"https:\/\/www.europesays.com\/fr\/wp-json\/wp\/v2\/posts\/393113","targetHints":{"allow":["GET"]}}],"collection":[{"href":"https:\/\/www.europesays.com\/fr\/wp-json\/wp\/v2\/posts"}],"about":[{"href":"https:\/\/www.europesays.com\/fr\/wp-json\/wp\/v2\/types\/post"}],"author":[{"embeddable":true,"href":"https:\/\/www.europesays.com\/fr\/wp-json\/wp\/v2\/users\/2"}],"replies":[{"embeddable":true,"href":"https:\/\/www.europesays.com\/fr\/wp-json\/wp\/v2\/comments?post=393113"}],"version-history":[{"count":0,"href":"https:\/\/www.europesays.com\/fr\/wp-json\/wp\/v2\/posts\/393113\/revisions"}],"wp:featuredmedia":[{"embeddable":true,"href":"https:\/\/www.europesays.com\/fr\/wp-json\/wp\/v2\/media\/393114"}],"wp:attachment":[{"href":"https:\/\/www.europesays.com\/fr\/wp-json\/wp\/v2\/media?parent=393113"}],"wp:term":[{"taxonomy":"category","embeddable":true,"href":"https:\/\/www.europesays.com\/fr\/wp-json\/wp\/v2\/categories?post=393113"},{"taxonomy":"post_tag","embeddable":true,"href":"https:\/\/www.europesays.com\/fr\/wp-json\/wp\/v2\/tags?post=393113"}],"curies":[{"name":"wp","href":"https:\/\/api.w.org\/{rel}","templated":true}]}}