{"id":39312,"date":"2025-04-20T16:42:16","date_gmt":"2025-04-20T16:42:16","guid":{"rendered":"https:\/\/www.europesays.com\/fr\/39312\/"},"modified":"2025-04-20T16:42:16","modified_gmt":"2025-04-20T16:42:16","slug":"apres-la-mairie-de-paris-anne-hidalgo-espere-rebondir-au-haut-commissariat-des-refugies-a-lonu","status":"publish","type":"post","link":"https:\/\/www.europesays.com\/fr\/39312\/","title":{"rendered":"Apr\u00e8s la Mairie de Paris, Anne Hidalgo esp\u00e8re rebondir au haut-commissariat des r\u00e9fugi\u00e9s \u00e0 l\u2019ONU"},"content":{"rendered":"<p><strong>opportunit\u00e9 &#8211; L\u2019ex-candidate socialiste b\u00e9n\u00e9ficie du soutien d\u2019Emmanuel Macron, selon plusieurs m\u00e9dias<\/strong><\/p>\n<p>Humili\u00e9e en\u00a02022 et bouscul\u00e9e dans son propre camp, <a href=\"https:\/\/www.20minutes.fr\/dossier\/anne_hidalgo?at_medium=RSS+feed&amp;at_campaign=ynews&amp;utm_source=yahoo&amp;utm_medium=rss&amp;utm_campaign=news_feed&amp;utm_content=in_article_link\" rel=\"nofollow noopener\" target=\"_blank\" data-ylk=\"slk:Anne Hidalgo;elm:context_link;itc:0;sec:content-canvas\" class=\"link \">Anne Hidalgo<\/a> pourrait bien quitter la sc\u00e8ne politique fran\u00e7aise en rendant son \u00e9charpe de maire, au printemps\u00a02026. La maire socialiste de <a href=\"https:\/\/www.20minutes.fr\/paris\/?at_medium=RSS+feed&amp;at_campaign=ynews&amp;utm_source=yahoo&amp;utm_medium=rss&amp;utm_campaign=news_feed&amp;utm_content=in_article_link\" rel=\"nofollow noopener\" target=\"_blank\" data-ylk=\"slk:Paris;elm:context_link;itc:0;sec:content-canvas\" class=\"link \">Paris <\/a>avait d\u00e9j\u00e0 annonc\u00e9 qu\u2019elle ne briguerait pas un nouveau mandat. Tr\u00e8s appr\u00e9ci\u00e9e d\u2019autres maires de capitales europ\u00e9ennes, son horizon se situerait \u00e0 l\u2019international.<\/p>\n<p>Selon <a href=\"https:\/\/www.latribune.fr\/la-tribune-dimanche\/politique\/apres-la-mairie-de-paris-anne-hidalgo-vise-l-onu-1023198.html?at_medium=RSS+feed&amp;at_campaign=ynews&amp;utm_source=yahoo&amp;utm_medium=rss&amp;utm_campaign=news_feed&amp;utm_content=in_article_link\" rel=\"nofollow noopener\" target=\"_blank\" data-ylk=\"slk:La Tribune Dimanche;elm:context_link;itc:0;sec:content-canvas\" class=\"link \">La Tribune Dimanche<\/a>, la socialiste aurait m\u00eame un poste pr\u00e9cis en t\u00eate\u00a0: le poste de Haut-Commissaire aux r\u00e9fugi\u00e9s \u00e0 <a href=\"https:\/\/www.20minutes.fr\/monde\/onu\/?at_medium=RSS+feed&amp;at_campaign=ynews&amp;utm_source=yahoo&amp;utm_medium=rss&amp;utm_campaign=news_feed&amp;utm_content=in_article_link\" rel=\"nofollow noopener\" target=\"_blank\" data-ylk=\"slk:l\u2019ONU;elm:context_link;itc:0;sec:content-canvas\" class=\"link \">l\u2019ONU<\/a>. Le si\u00e8ge est occup\u00e9 par l\u2019Italien Filippo Grandi depuis\u00a02016. La maire de Paris, qui a cultiv\u00e9 sa stature internationale avec les <a href=\"https:\/\/www.20minutes.fr\/sport\/jo\/?at_medium=RSS+feed&amp;at_campaign=ynews&amp;utm_source=yahoo&amp;utm_medium=rss&amp;utm_campaign=news_feed&amp;utm_content=in_article_link\" rel=\"nofollow noopener\" target=\"_blank\" data-ylk=\"slk:Jeux olympiques;elm:context_link;itc:0;sec:content-canvas\" class=\"link \">Jeux olympiques<\/a>, aurait une \u00ab\u00a0l\u00e9gitimit\u00e9 incontestable\u00a0\u00bb, selon un commentaire <a href=\"https:\/\/www.huffingtonpost.fr\/politique\/article\/anne-hidalgo-aimerait-bien-ce-tres-haut-poste-a-l-onu-mais-il-y-a-un-probleme-de-date_249031.html?at_medium=RSS+feed&amp;at_campaign=ynews&amp;utm_source=yahoo&amp;utm_medium=rss&amp;utm_campaign=news_feed&amp;utm_content=in_article_link\" rel=\"nofollow noopener\" target=\"_blank\" data-ylk=\"slk:au Huffington Post;elm:context_link;itc:0;sec:content-canvas\" class=\"link \">au Huffington Post<\/a> de Gabrielle Siry-Houari, adjointe au maire dans le 18e\u00a0arrondissement.<\/p>\n<p>\u00ab\u00a0Cela coche beaucoup de cases de ses envies\u00a0\u00bb, confirme un proche au <a href=\"https:\/\/www.leparisien.fr\/politique\/cela-coche-beaucoup-de-cases-de-ses-envies-anne-hidalgo-vise-un-poste-de-haut-commissaire-a-lonu-des-2026-20-04-2025-TQZK7FAKWNBHZLP5I3CGDDHK5E.php?ts=1745159671729&amp;at_medium=RSS+feed&amp;at_campaign=ynews&amp;utm_source=yahoo&amp;utm_medium=rss&amp;utm_campaign=news_feed&amp;utm_content=in_article_link\" rel=\"nofollow noopener\" target=\"_blank\" data-ylk=\"slk:Parisien;elm:context_link;itc:0;sec:content-canvas\" class=\"link \">Parisien<\/a>. L\u2019ancienne candidate \u00e0 la pr\u00e9sidentielle b\u00e9n\u00e9ficierait m\u00eame du soutien d\u2019<a href=\"https:\/\/www.20minutes.fr\/politique\/emmanuel-macron\/?at_medium=RSS+feed&amp;at_campaign=ynews&amp;utm_source=yahoo&amp;utm_medium=rss&amp;utm_campaign=news_feed&amp;utm_content=in_article_link\" rel=\"nofollow noopener\" target=\"_blank\" data-ylk=\"slk:Emmanuel Macron;elm:context_link;itc:0;sec:content-canvas\" class=\"link \">Emmanuel Macron<\/a>, selon La Tribune Dimanche. Mais sa nomination soul\u00e8verait un probl\u00e8me \u00e0 Paris\u00a0: Filippo Grandi quittera son poste le 31\u00a0d\u00e9cembre, alors qu\u2019Anne Hidalgo est cens\u00e9e conserver son \u00e9charpe jusqu\u2019au printemps.<\/p>\n<p>Trois solutions peuvent \u00eatre envisag\u00e9es\u00a0: un cumul des fonctions pendant quelques mois, une entr\u00e9e en fonction \u00e0 l\u2019ONU en d\u00e9cal\u00e9 ou d\u00e9missionner. Dans cette option, son premier adjoint, Patrick Bloche, pourrait prendre l\u2019int\u00e9rim jusqu\u2019aux \u00e9lections. Mais l\u2019introduire au poste de maire serait d\u00e9licat tant que le candidat socialist(&#8230;)<\/p>\n<p><a href=\"https:\/\/www.20minutes.fr\/politique\/4149532-20250420-apres-mairie-paris-anne-hidalgo-espere-rebondir-haut-commissariat-refugies-onu?at_medium=RSS+feed&amp;at_campaign=ynews&amp;utm_source=yahoo&amp;utm_medium=rss&amp;utm_campaign=news_feed&amp;utm_content=read_more_link&quot;\" rel=\"nofollow noopener\" target=\"_blank\" data-ylk=\"slk:Lire la suite sur 20minutes;elm:context_link;itc:0;sec:content-canvas\" class=\"link \">Lire la suite sur 20minutes<\/a><\/p>\n<p>\u00c0 lire aussi :<br \/><a href=\"https:\/\/www.20minutes.fr\/paris\/4100269-20240708-mairie-paris-patrick-bloche-pressenti-remplacer-emmanuel-gregoire-comme-premier-adjoint-anne-hidalgo?at_medium=RSS+feed&amp;at_campaign=ynews&amp;utm_source=yahoo&amp;utm_medium=rss&amp;utm_campaign=news_feed&amp;utm_content=related_content_link\" rel=\"nofollow noopener\" target=\"_blank\" data-ylk=\"slk:Mairie de Paris\u00a0: Patrick Bloche remplace Emmanuel Gr\u00e9goire comme premier adjoint d\u2019Anne Hidalgo;elm:context_link;itc:0;sec:content-canvas\" class=\"link \">Mairie de Paris\u00a0: Patrick Bloche remplace Emmanuel Gr\u00e9goire comme premier adjoint d\u2019Anne Hidalgo<\/a><br \/><a href=\"https:\/\/www.20minutes.fr\/paris\/4123324-20241126-mairie-paris-anne-hidalgo-annonce-officiellement-representera-2026?at_medium=RSS+feed&amp;at_campaign=ynews&amp;utm_source=yahoo&amp;utm_medium=rss&amp;utm_campaign=news_feed&amp;utm_content=related_content_link\" rel=\"nofollow noopener\" target=\"_blank\" data-ylk=\"slk:Mairie de Paris\u00a0: Anne Hidalgo annonce officiellement qu\u2019elle ne se repr\u00e9sentera pas en\u00a02026;elm:context_link;itc:0;sec:content-canvas\" class=\"link \">Mairie de Paris\u00a0: Anne Hidalgo annonce officiellement qu\u2019elle ne se repr\u00e9sentera pas en\u00a02026<\/a><\/p>\n","protected":false},"excerpt":{"rendered":"opportunit\u00e9 &#8211; L\u2019ex-candidate socialiste b\u00e9n\u00e9ficie du soutien d\u2019Emmanuel Macron, selon plusieurs m\u00e9dias Humili\u00e9e en\u00a02022 et bouscul\u00e9e dans son&hellip;\n","protected":false},"author":2,"featured_media":39313,"comment_status":"","ping_status":"","sticky":false,"template":"","format":"standard","meta":{"footnotes":""},"categories":[1888],"tags":[11,2618,1777,674,12257,1011,27,12258,2381,12,626,2788,25],"class_list":{"0":"post-39312","1":"post","2":"type-post","3":"status-publish","4":"format-standard","5":"has-post-thumbnail","7":"category-paris","8":"tag-actualites","9":"tag-anne-hidalgo","10":"tag-eu","11":"tag-europe","12":"tag-filippo-grandi","13":"tag-fr","14":"tag-france","15":"tag-maire-de-paris","16":"tag-mairie-de-paris","17":"tag-news","18":"tag-paris","19":"tag-patrick-bloche","20":"tag-republique-francaise"},"share_on_mastodon":{"url":"https:\/\/pubeurope.com\/@fr\/114371293567337604","error":""},"_links":{"self":[{"href":"https:\/\/www.europesays.com\/fr\/wp-json\/wp\/v2\/posts\/39312","targetHints":{"allow":["GET"]}}],"collection":[{"href":"https:\/\/www.europesays.com\/fr\/wp-json\/wp\/v2\/posts"}],"about":[{"href":"https:\/\/www.europesays.com\/fr\/wp-json\/wp\/v2\/types\/post"}],"author":[{"embeddable":true,"href":"https:\/\/www.europesays.com\/fr\/wp-json\/wp\/v2\/users\/2"}],"replies":[{"embeddable":true,"href":"https:\/\/www.europesays.com\/fr\/wp-json\/wp\/v2\/comments?post=39312"}],"version-history":[{"count":0,"href":"https:\/\/www.europesays.com\/fr\/wp-json\/wp\/v2\/posts\/39312\/revisions"}],"wp:featuredmedia":[{"embeddable":true,"href":"https:\/\/www.europesays.com\/fr\/wp-json\/wp\/v2\/media\/39313"}],"wp:attachment":[{"href":"https:\/\/www.europesays.com\/fr\/wp-json\/wp\/v2\/media?parent=39312"}],"wp:term":[{"taxonomy":"category","embeddable":true,"href":"https:\/\/www.europesays.com\/fr\/wp-json\/wp\/v2\/categories?post=39312"},{"taxonomy":"post_tag","embeddable":true,"href":"https:\/\/www.europesays.com\/fr\/wp-json\/wp\/v2\/tags?post=39312"}],"curies":[{"name":"wp","href":"https:\/\/api.w.org\/{rel}","templated":true}]}}