{"id":393125,"date":"2025-09-15T17:40:13","date_gmt":"2025-09-15T17:40:13","guid":{"rendered":"https:\/\/www.europesays.com\/fr\/393125\/"},"modified":"2025-09-15T17:40:13","modified_gmt":"2025-09-15T17:40:13","slug":"nicoletta-fachee-contre-bernard-lavilliers-oh-jetais-furieuse","status":"publish","type":"post","link":"https:\/\/www.europesays.com\/fr\/393125\/","title":{"rendered":"Nicoletta, f\u00e2ch\u00e9e contre Bernard Lavilliers\u00a0: \u00ab\u00a0Oh, j&rsquo;\u00e9tais furieuse\u00a0!\u00a0\u00bb"},"content":{"rendered":"<p>\n                Nicoletta a \u00e9t\u00e9 extr\u00eamement bless\u00e9e par le comportement de son ami Bernard Lavilliers. La chanteuse de 81\u00a0ans s&rsquo;est confi\u00e9e face \u00e0 Laurent Ruquier sur la raison de leur brouille&#8230;            <\/p>\n<p><a href=\"https:\/\/www.journaldesfemmes.fr\/people\/personnalites\/2709946-nicoletta-age-vie-privee-mamy-blue\/\" title=\"Nicoletta\" target=\"_blank\" rel=\"noopener\">Nicoletta<\/a> n&rsquo;a pas totalement dig\u00e9r\u00e9 ce qu&rsquo;elle consid\u00e8re comme un affront de la part de Bernard Lavilliers.\u00a0En 2024, sur la sc\u00e8ne des Victoires de la Musique,\u00a0le chanteur avait interpr\u00e9t\u00e9 le duo qu&rsquo;il avait sorti avec Nicoletta en 1983, Id\u00e9es noires. Mais c&rsquo;est <a href=\"https:\/\/www.journaldesfemmes.fr\/people\/personnalites\/2955703-catherine-ringer-age-vie-privee-sante-2023\/\" title=\"Catherine Ringer\" target=\"_blank\" rel=\"noopener\">Catherine Ringer<\/a> qu&rsquo;il avait invit\u00e9e \u00e0 chanter avec lui lors de la c\u00e9r\u00e9monie&#8230; De quoi mettre en rogne l&rsquo;interpr\u00e8te de Mamy Blue !<\/p>\n<p>Nicoletta, vex\u00e9e par Bernard Lavilliers : \u00ab\u00a0Il m&rsquo;a mise devant le fait accompli !\u00a0\u00bb<\/p>\n<p>Nicoletta consid\u00e8re qu&rsquo;elle aurait d\u00fb \u00eatre invit\u00e9e \u00e0 chanter avec <a href=\"https:\/\/www.journaldesfemmes.fr\/people\/personnalites\/2749963-bernard-lavilliers-femme-enfants-chansons-prison-age\/\" title=\"Bernard Lavilliers\" target=\"_blank\" rel=\"noopener\">Bernard Lavilliers<\/a> sur la sc\u00e8ne des Victoires de la Musique en 2024, \u00e0 la place de Catherine Ringer.\u00a0Plus d&rsquo;un an plus tard, la chanteuse l&rsquo;a toujours en travers de la gorge et n&rsquo;a pas h\u00e9sit\u00e9 \u00e0 le clamer haut et fort sur le plateau de la nouvelle \u00e9mission de Laurent Ruquier, Chez Ruquier, diffus\u00e9e sur T18.<\/p>\n<p>\u00ab\u00a0Je n&rsquo;\u00e9tais pas tr\u00e8s contente, je vous le dis franchement.\u00a0J&rsquo;adore Catherine Ringer parce qu&rsquo;elle chante tr\u00e8s bien, c&rsquo;est une tr\u00e8s grande artiste, il n&rsquo;y a pas photo. Mais quand m\u00eame, Monsieur Lavilliers l&rsquo;invite pour chanter pour sa remise de troph\u00e9e\u00a0aux Victoires de la Musique. J&rsquo;y \u00e9tais quand m\u00eame pour quelque chose pour la vente de son titre.\u00a0Il ne m&rsquo;a rien dit ! Il m&rsquo;a mise devant le fait accompli\u00a0\u00bb, s&rsquo;est-elle emport\u00e9e avant de l\u00e2cher :\u00a0\u00ab\u00a0Oh, j&rsquo;\u00e9tais furieuse !\u00a0\u00bb<\/p>\n<p>Malgr\u00e9 tout, l&rsquo;artiste de 81\u00a0ans n&rsquo;a pas appel\u00e9 Bernard Lavilliers pour lui faire part de son m\u00e9contentement. \u00ab\u00a0J&rsquo;ai eu son r\u00e9gisseur : &lsquo;Mais qu&rsquo;est-ce qu&rsquo;elle a la chanteuse ?&rsquo;. Eh bien oui ! Elle est f\u00e2ch\u00e9e !\u00a0\u00bb, s&rsquo;est-elle toutefois exclam\u00e9e. Mais si Nicoletta s&rsquo;est sentie trahie par le chanteur, elle lui a aujourd&rsquo;hui pardonn\u00e9 cet affront.\u00a0\u00ab\u00a0Mais nous nous sommes raccommod\u00e9s parce que c&rsquo;est un brave gar\u00e7on. Je l&rsquo;aime beaucoup et c&rsquo;est oubli\u00e9\u00a0\u00bb, a-t-elle pr\u00e9cis\u00e9 face \u00e0 Laurent Ruquier, qui s&rsquo;est dit \u00ab\u00a0rassur\u00e9\u00a0\u00bb de cette nouvelle.<\/p>\n<p>Nicoletta : ce \u00ab\u00a0cadeau\u00a0\u00bb qu&rsquo;elle a fait \u00e0 Bernard Lavilliers<\/p>\n<p>En 1983, l&rsquo;interpr\u00e8te de Il est mort le soleil avait imm\u00e9diatement accept\u00e9 de chanter avec Bernard Lavilliers.\u00a0\u00ab\u00a0Un jour, le t\u00e9l\u00e9phone sonne \u00e0 midi\u00a0: Bernard Lavilliers cherchait une chanteuse\u00a0(&#8230;)\u00a0C&rsquo;est Richard Marsan, son directeur artistique, vieux copain de L\u00e9o Ferr\u00e9, qui lui avait conseill\u00e9 de m&rsquo;appeler\u00a0(\u2026) \u00c0 peine le temps de raccrocher que j&rsquo;\u00e9tais d\u00e9j\u00e0 dans le taxi. En deux heures, l&rsquo;affaire \u00e9tait pli\u00e9e\u00a0\u00bb, s&rsquo;\u00e9tait-elle souvenue dans le Journal du Dimanche.<\/p>\n<p>De surcro\u00eet, Nicoletta n&rsquo;avait demand\u00e9 aucune compensation financi\u00e8re au chanteur pour sa contribution au duo. A l&rsquo;\u00e9poque artiste ind\u00e9pendante et donc non affili\u00e9e \u00e0 un label, celle-ci avait choisi de \u00ab\u00a0faire le cadeau de sa prestation\u00a0\u00bb \u00e0 son ami. Sympa la copine !<\/p>\n","protected":false},"excerpt":{"rendered":"Nicoletta a \u00e9t\u00e9 extr\u00eamement bless\u00e9e par le comportement de son ami Bernard Lavilliers. La chanteuse de 81\u00a0ans s&rsquo;est&hellip;\n","protected":false},"author":2,"featured_media":393126,"comment_status":"","ping_status":"","sticky":false,"template":"","format":"standard","meta":{"footnotes":""},"categories":[1355],"tags":[3723,52514,52513,51761,58,59,51763,1011,27,51766,1361,873,12721,51767],"class_list":{"0":"post-393125","1":"post","2":"type-post","3":"status-publish","4":"format-standard","5":"has-post-thumbnail","7":"category-musique","8":"tag-actus","9":"tag-bernard-lavilliers","10":"tag-cms-journaldesfemmes-3241418","11":"tag-controller-content","12":"tag-divertissement","13":"tag-entertainment","14":"tag-format-papier","15":"tag-fr","16":"tag-france","17":"tag-les-histoires-du-jdf","18":"tag-music","19":"tag-musique","20":"tag-nicoletta","21":"tag-parallaxeinfeed"},"share_on_mastodon":{"url":"https:\/\/pubeurope.com\/@fr\/115209543885101224","error":""},"_links":{"self":[{"href":"https:\/\/www.europesays.com\/fr\/wp-json\/wp\/v2\/posts\/393125","targetHints":{"allow":["GET"]}}],"collection":[{"href":"https:\/\/www.europesays.com\/fr\/wp-json\/wp\/v2\/posts"}],"about":[{"href":"https:\/\/www.europesays.com\/fr\/wp-json\/wp\/v2\/types\/post"}],"author":[{"embeddable":true,"href":"https:\/\/www.europesays.com\/fr\/wp-json\/wp\/v2\/users\/2"}],"replies":[{"embeddable":true,"href":"https:\/\/www.europesays.com\/fr\/wp-json\/wp\/v2\/comments?post=393125"}],"version-history":[{"count":0,"href":"https:\/\/www.europesays.com\/fr\/wp-json\/wp\/v2\/posts\/393125\/revisions"}],"wp:featuredmedia":[{"embeddable":true,"href":"https:\/\/www.europesays.com\/fr\/wp-json\/wp\/v2\/media\/393126"}],"wp:attachment":[{"href":"https:\/\/www.europesays.com\/fr\/wp-json\/wp\/v2\/media?parent=393125"}],"wp:term":[{"taxonomy":"category","embeddable":true,"href":"https:\/\/www.europesays.com\/fr\/wp-json\/wp\/v2\/categories?post=393125"},{"taxonomy":"post_tag","embeddable":true,"href":"https:\/\/www.europesays.com\/fr\/wp-json\/wp\/v2\/tags?post=393125"}],"curies":[{"name":"wp","href":"https:\/\/api.w.org\/{rel}","templated":true}]}}