{"id":393132,"date":"2025-09-15T17:44:13","date_gmt":"2025-09-15T17:44:13","guid":{"rendered":"https:\/\/www.europesays.com\/fr\/393132\/"},"modified":"2025-09-15T17:44:13","modified_gmt":"2025-09-15T17:44:13","slug":"tbt9-gilles-verdez-homophobe-et-antisemite-matthieu-delormeau-regrette-et-presente-ses-excuses-a-son-collegue","status":"publish","type":"post","link":"https:\/\/www.europesays.com\/fr\/393132\/","title":{"rendered":"TBT9 : Gilles Verdez \u00ab\u00a0homophobe et antis\u00e9mite\u00a0\u00bb ? Matthieu Delormeau regrette et pr\u00e9sente ses excuses \u00e0 son coll\u00e8gue"},"content":{"rendered":"<p>La hache de guerre bient\u00f4t enterr\u00e9e ? <a href=\"https:\/\/www.public.fr\/tag\/matthieu-delormeau\" target=\"_blank\" rel=\"noopener\">Matthieu Delormeau<\/a> vient de faire un premier pas pour que la situation s\u2019apaise. Ce lundi 15 septembre 2025, le chroniqueur de <a href=\"https:\/\/www.public.fr\/tag\/cyril-hanouna\" target=\"_blank\" rel=\"noopener\">Cyril Hanouna<\/a> dans <strong>Tout beau, tout n9uf (TBT9)<\/strong> depuis la rentr\u00e9e, a <strong>pris la parole sur son compte X pour s\u2019adresser \u00e0 Gilles Verdez.<\/strong><\/p>\n<p>Dans un long tweet, il a souhait\u00e9 lui pr\u00e9senter ses excuses <a href=\"https:\/\/www.public.fr\/il-a-reconnu-son-homophobie-matthieu-delormeau-balance-sur-gilles-verdez-qui-refuse-de-lui-serrer-la-main-dans-les-coulisses-de-tbt9\" target=\"_blank\" rel=\"noopener\">apr\u00e8s l\u2019avoir qualifi\u00e9 d\u00a0\u00bbhomophobe\u00a0\u00bb<\/a> il y a quelques jours. Conscient que ses mots ont d\u00e9pass\u00e9 sa pens\u00e9e et qu\u2019il a peut-\u00eatre franchi la ligne rouge, <strong>le producteur lui a propos\u00e9 de \u00ab\u00a0d\u00e9jeuner\u00a0\u00bb<\/strong> ensemble afin de clarifier la situation. Reste \u00e0 savoir si le principal int\u00e9ress\u00e9 acceptera la proposition.\u00a0<\/p>\n<p>Pour rappel, Matthieu Delormeau a voulu remercier les internautes et ses fans, le vendredi 5 septembre dernier, pour les messages bienveillants de leur part suite \u00e0 son retour dans la quotidienne de <a href=\"https:\/\/vsd.fr\/tag\/cyril-hanouna\/\" target=\"_blank\" rel=\"noopener\">Cyril Hanouna.<\/a>\u00a0<\/p>\n<p>Matthieu Delormeau affiche publiquement Gilles Verdez<\/p>\n<p>\u00ab\u00a0Merci 1000 fois pour vos commentaires hier. J\u2019en avais les larmes aux yeux, je crois que c\u2019est la premi\u00e8re fois que je lis des messages sans insulte. Merci pour vos gentils commentaires\u00a0\u00bb, a-t-il commenc\u00e9 avant de tacler :\u00a0\u00ab\u00a0Et\u00a0<strong>ne lisez pas les b\u00eatises des cr\u00e9tins<\/strong>\u00a0de Journalistes m\u00e9dias dont le seul r\u00eave serait de faire de la t\u00e9l\u00e9vision\u00a0\u00bb.\u00a0<\/p>\n<p>Apr\u00e8s avoir fait allusion \u00e0 la s\u00e9quence de son retour qui n\u2019\u00e9tait pas en direct, Matthieu Delormeau a surpris tout le monde en indiquant qu\u2019il \u00e9tait heureux de retrouver ses anciens coll\u00e8gues, sauf Gilles Verdez.<\/p>\n<p>\u00ab\u00a0Je suis heureux de les retrouver sauf Gilles Verdez qui a refus\u00e9 de me saluer dans les loges et <strong>a reconnu son homophobie. Mais qui en doutait ?<\/strong> Je n\u2019ai pas de haine. Je souhaite \u00e0 ses enfants le meilleur\u00a0\u00bb, a-t-il tacl\u00e9, suscitant de nombreuses r\u00e9actions.<\/p>\n<p>Depuis, Matthieu Delormeau a pu partager quelques quotidiennes avec le compagnon de Fatou. Et lors de leurs \u00e9changes sur diff\u00e9rents d\u00e9bats, nous avons pu ressentir une ambiance glaciale entre les deux. Visiblement agac\u00e9 et g\u00ean\u00e9 par la situation, l\u2019ancien animateur d\u2019NRJ12 a d\u00e9cid\u00e9 de <strong>faire le premier pas et pr\u00e9senter ses excuses.<\/strong><\/p>\n<p>Les deux chroniqueurs de TBT9 sur le point de faire la paix ? <\/p>\n<p>Sur son compte X, le producteur qui a v\u00e9cu des derni\u00e8res ann\u00e9es compliqu\u00e9es, a reconnu \u00eatre all\u00e9 trop loin : \u00ab\u00a0Chers tous, W9, cher Gilles Verdez. <strong>J\u2019ai post\u00e9 un message que j\u2019ai vite regrett\u00e9<\/strong> concernant des accusations d\u2019homophobie et d\u2019antis\u00e9mitisme \u00e0 ton encontre\u00a0\u00bb, a-t-il d\u00e9but\u00e9.<\/p>\n<p>\u00ab\u00a0C\u2019\u00e9tait infond\u00e9. Je regrette profond\u00e9ment le message post\u00e9 plein de m\u00e9chancet\u00e9, moi qui ne fais que la condamner sur les r\u00e9seaux. Par ailleurs, pour \u00eatre tr\u00e8s honn\u00eate tu ne m\u2019as pas dit bonjour, mais lorsque je suis venu vers toi, tu m\u2019as r\u00e9pondu. \u00c7a, j\u2019aurais d\u00fb le pr\u00e9ciser\u00a0\u00bb, poursuit Matthieu Delormeau avant d\u2019ajouter : \u00ab\u00a0J\u2019ai r\u00e9agi face \u00e0 de vieilles querelles du pass\u00e9. <strong>Tu es un bon chroniqueur, et surtout un homme intelligent\u00a0\u00bb.\u00a0<\/strong><\/p>\n<p>Le chroniqueur de <strong>TBT9<\/strong> ne s\u2019arr\u00eate pas l\u00e0 et indique en effet retirer \u00ab\u00a0ces accusations\u00a0\u00bb : \u00ab\u00a0et surtout cher Gilles, il y a une tr\u00e8s jolie citation qui dit \u2018quand on n\u2019\u00e9coute quelqu\u2019un, on l\u2019\u00e9coute pour le comprendre et non pour le convaincre\u2019\u00a0\u00bb. \u00ab\u00a0Je pense qu\u2019il faut qu\u2019on s\u2019\u00e9coute, que je t\u2019\u00e9coute et je suis persuad\u00e9 qu\u2019il y a une explication \u00e0 tout. C\u2019est tellement plus sympa de bien s\u2019entendre tous ensemble\u2026\u00a0\u00bb<\/p>\n<p>\u00c0 la fin de son long message, Matthieu Delormeau propos\u00e9 \u00e0 Gilles Verdez, s\u2019il l\u2019accepte, de \u00ab\u00a0d\u00e9jeuner ensemble pour s\u2019\u00e9couter et enfin se respecter\u00a0\u00bb. \u00ab\u00a0<strong>Qui sait voir un d\u00e9but d\u2019amiti\u00e9<\/strong> ? Dans l\u2019attente de ta r\u00e9ponse, je t\u2019embrasse. Matthieu\u00a0\u00bb, a finalement \u00e9crit le principal int\u00e9ress\u00e9. Reste \u00e0 savoir si Gilles Verdez donnera une r\u00e9ponse favorable, ou d\u00e9favorable, ce lundi soir dans la quotidienne de W9.\u00a0<\/p>\n<blockquote class=\"twitter-tweet\">\n<p>Chers tous <a href=\"https:\/\/twitter.com\/W9?ref_src=twsrc%5Etfw\" target=\"_blank\" rel=\"noopener\">@w9<\/a> , cher Gilles Verdez. J\u2019ai post\u00e9 un message que j\u2019ai vite regrett\u00e9 concernant des accusations d\u2019homophobie et d\u2019antis\u00e9mitisme \u00e0 ton encontre. C\u2019\u00e9tait infond\u00e9. Je regrette profond\u00e9ment le message post\u00e9 plein de m\u00e9chancet\u00e9, moi qui ne fait que la condamner sur les\u2026<\/p>\n<p>\u2014 Matthieu Delormeau (@Mdelormeau) <a href=\"https:\/\/twitter.com\/Mdelormeau\/status\/1967584929148985371?ref_src=twsrc%5Etfw\" target=\"_blank\" rel=\"noopener\">September 15, 2025<\/a><\/p><\/blockquote>\n<p>      Mentionn\u00e9s dans cet article<\/p>\n<p>      Sur le m\u00eame sujet<\/p>\n<p>  <script async src=\"https:\/\/platform.twitter.com\/widgets.js\" charset=\"utf-8\"><\/script><\/p>\n","protected":false},"excerpt":{"rendered":"La hache de guerre bient\u00f4t enterr\u00e9e ? Matthieu Delormeau vient de faire un premier pas pour que la&hellip;\n","protected":false},"author":2,"featured_media":393133,"comment_status":"","ping_status":"","sticky":false,"template":"","format":"standard","meta":{"footnotes":""},"categories":[8],"tags":[1083,58,59,1011,27,16181,7830,22498,22497,2395],"class_list":{"0":"post-393132","1":"post","2":"type-post","3":"status-publish","4":"format-standard","5":"has-post-thumbnail","7":"category-divertissement","8":"tag-cyril-hanouna","9":"tag-divertissement","10":"tag-entertainment","11":"tag-fr","12":"tag-france","13":"tag-gilles-verdez","14":"tag-matthieu-delormeau","15":"tag-tout-9-tbt9","16":"tag-tout-beau","17":"tag-w9"},"share_on_mastodon":{"url":"https:\/\/pubeurope.com\/@fr\/115209559347038407","error":""},"_links":{"self":[{"href":"https:\/\/www.europesays.com\/fr\/wp-json\/wp\/v2\/posts\/393132","targetHints":{"allow":["GET"]}}],"collection":[{"href":"https:\/\/www.europesays.com\/fr\/wp-json\/wp\/v2\/posts"}],"about":[{"href":"https:\/\/www.europesays.com\/fr\/wp-json\/wp\/v2\/types\/post"}],"author":[{"embeddable":true,"href":"https:\/\/www.europesays.com\/fr\/wp-json\/wp\/v2\/users\/2"}],"replies":[{"embeddable":true,"href":"https:\/\/www.europesays.com\/fr\/wp-json\/wp\/v2\/comments?post=393132"}],"version-history":[{"count":0,"href":"https:\/\/www.europesays.com\/fr\/wp-json\/wp\/v2\/posts\/393132\/revisions"}],"wp:featuredmedia":[{"embeddable":true,"href":"https:\/\/www.europesays.com\/fr\/wp-json\/wp\/v2\/media\/393133"}],"wp:attachment":[{"href":"https:\/\/www.europesays.com\/fr\/wp-json\/wp\/v2\/media?parent=393132"}],"wp:term":[{"taxonomy":"category","embeddable":true,"href":"https:\/\/www.europesays.com\/fr\/wp-json\/wp\/v2\/categories?post=393132"},{"taxonomy":"post_tag","embeddable":true,"href":"https:\/\/www.europesays.com\/fr\/wp-json\/wp\/v2\/tags?post=393132"}],"curies":[{"name":"wp","href":"https:\/\/api.w.org\/{rel}","templated":true}]}}