{"id":393146,"date":"2025-09-15T17:51:15","date_gmt":"2025-09-15T17:51:15","guid":{"rendered":"https:\/\/www.europesays.com\/fr\/393146\/"},"modified":"2025-09-15T17:51:15","modified_gmt":"2025-09-15T17:51:15","slug":"saint-etienne-couriot-explora-elargit-son-public","status":"publish","type":"post","link":"https:\/\/www.europesays.com\/fr\/393146\/","title":{"rendered":"Saint-\u00c9tienne\/Couriot. Explora \u00e9largit son public"},"content":{"rendered":"<p>La saison d\u2019Explora, fabrique de curiosit\u00e9s, d\u00e9butera ce 17\u00a0septembre. Et quoi de plus normal que cette rentr\u00e9e ait lieu un mercredi, le jour des enfants, dans ce site d\u2019abord destin\u00e9 aux jeunes pousses, d\u00e8s 2 ans. \u00ab\u00a0Auparavant, nos ateliers \u00e9taient destin\u00e9s aux enfants \u00e2g\u00e9s \u00e0 partir de 3 ans. Nous en avons un cette ann\u00e9e pour les 2-4 ans\u00a0\u00bb, explique Audrey Kenny, responsable communication de La Rotonde, l\u2019organisme qui g\u00e8re ce lieu au-dessus du&#8230;<\/p>\n","protected":false},"excerpt":{"rendered":"La saison d\u2019Explora, fabrique de curiosit\u00e9s, d\u00e9butera ce 17\u00a0septembre. Et quoi de plus normal que cette rentr\u00e9e ait&hellip;\n","protected":false},"author":2,"featured_media":393147,"comment_status":"","ping_status":"","sticky":false,"template":"","format":"standard","meta":{"footnotes":""},"categories":[9653],"tags":[1111,11,2430,7539,1777,674,1011,27,12,25,4001,7538,104],"class_list":{"0":"post-393146","1":"post","2":"type-post","3":"status-publish","4":"format-standard","5":"has-post-thumbnail","7":"category-saint-etienne","8":"tag-actu","9":"tag-actualites","10":"tag-auvergne-rhone-alpes","11":"tag-edition-loire-sud","12":"tag-eu","13":"tag-europe","14":"tag-fr","15":"tag-france","16":"tag-news","17":"tag-republique-francaise","18":"tag-saint-etienne","19":"tag-saint-etienne-ville","20":"tag-societe"},"share_on_mastodon":{"url":"https:\/\/pubeurope.com\/@fr\/115209586787815733","error":""},"_links":{"self":[{"href":"https:\/\/www.europesays.com\/fr\/wp-json\/wp\/v2\/posts\/393146","targetHints":{"allow":["GET"]}}],"collection":[{"href":"https:\/\/www.europesays.com\/fr\/wp-json\/wp\/v2\/posts"}],"about":[{"href":"https:\/\/www.europesays.com\/fr\/wp-json\/wp\/v2\/types\/post"}],"author":[{"embeddable":true,"href":"https:\/\/www.europesays.com\/fr\/wp-json\/wp\/v2\/users\/2"}],"replies":[{"embeddable":true,"href":"https:\/\/www.europesays.com\/fr\/wp-json\/wp\/v2\/comments?post=393146"}],"version-history":[{"count":0,"href":"https:\/\/www.europesays.com\/fr\/wp-json\/wp\/v2\/posts\/393146\/revisions"}],"wp:featuredmedia":[{"embeddable":true,"href":"https:\/\/www.europesays.com\/fr\/wp-json\/wp\/v2\/media\/393147"}],"wp:attachment":[{"href":"https:\/\/www.europesays.com\/fr\/wp-json\/wp\/v2\/media?parent=393146"}],"wp:term":[{"taxonomy":"category","embeddable":true,"href":"https:\/\/www.europesays.com\/fr\/wp-json\/wp\/v2\/categories?post=393146"},{"taxonomy":"post_tag","embeddable":true,"href":"https:\/\/www.europesays.com\/fr\/wp-json\/wp\/v2\/tags?post=393146"}],"curies":[{"name":"wp","href":"https:\/\/api.w.org\/{rel}","templated":true}]}}