{"id":393156,"date":"2025-09-15T17:56:17","date_gmt":"2025-09-15T17:56:17","guid":{"rendered":"https:\/\/www.europesays.com\/fr\/393156\/"},"modified":"2025-09-15T17:56:17","modified_gmt":"2025-09-15T17:56:17","slug":"dans-un-contexte-difficile-la-petite-sante-des-dirigeants-occitans","status":"publish","type":"post","link":"https:\/\/www.europesays.com\/fr\/393156\/","title":{"rendered":"Dans un contexte difficile, la petite sant\u00e9 des dirigeants occitans"},"content":{"rendered":"<p>\u00ab\u00a0Il existe plus de statistiques sur la sant\u00e9 des baleines bleues que sur celle des entrepreneurs\u00a0\u00bb, <a href=\"https:\/\/www.touleco.fr\/amarok,30649\" class=\"spip_in\" target=\"_blank\" rel=\"noopener\">estimait en 2020<\/a> avec humour le chercheur Olivier Torr\u00e8s, enseignant-chercheur \u00e0 l\u2019Universit\u00e9 de Montpellier et \u00e0 la Montpellier Business School, fondateur de l\u2019Observatoire Amarok. En cinq ans, les choses ont un peu chang\u00e9. Le sujet est cependant plus pr\u00e9sent dans les m\u00e9dias, <a href=\"https:\/\/www.toulemploi.fr\/1-8-Sante-mentale-en-entreprise-Le-travail-c-est-la-sante,45528\" class=\"spip_out\" rel=\"external noopener\" target=\"_blank\">y compris dans nos colonnes<\/a>. Et le groupe d\u2019assurance mutuelle MMA et la banque publique d\u2019investissement Bpifrance ont r\u00e9cemment communiqu\u00e9 sur leur derni\u00e8re enqu\u00eate\u00a0[<a href=\"#nb1\" class=\"spip_note\" rel=\"appendix\" title=\"\u00c9tude r\u00e9alis\u00e9e par Occurrence pour la Fondation MMA des Entrepreneurs du\u00a0(\u2026)\" id=\"nh1\">1<\/a>] sur cette th\u00e9matique qui est d\u2019une tr\u00e8s grande importance, en particulier pour les PME. \u00ab\u00a0Dans les grands groupes, les dirigeants sont remplac\u00e9s tr\u00e8s rapidement en cas de probl\u00e8me de sant\u00e9, mais dans les petites et moyennes entreprises, la sant\u00e9 du chef d\u2019entreprise, c\u2019est le premier capital immat\u00e9riel\u00a0\u00bb, juge le chercheur.<\/p>\n<p>L\u2019enqu\u00eate montre que la sant\u00e9 des cheffes et chefs d\u2019entreprise, dans une conjoncture \u00e9conomique, politique et social complexe, n\u2019est pas tellement au beau fixe. \u00ab\u00a0Alors qu\u2019ils font preuve d\u2019une force de r\u00e9silience absolument remarquable depuis la Covid, les femmes et hommes dirigeants d\u2019Occitanie montrent de premiers signes d\u2019essoufflement. Un chiffre nous met particuli\u00e8rement en alerte car il dit beaucoup de la relation des dirigeants \u00e0 leurs probl\u00e9matiques de sant\u00e9\u00a0: 21\u00a0% des dirigeants occitans disent souffrir ou avoir souffert d\u2019une addiction et la majorit\u00e9 ne sont pas aid\u00e9s. Un enseignement cl\u00e9 que nous devons int\u00e9grer aux actions de sensibilisation que nous menons tout au long de l\u2019ann\u00e9e\u00a0\u00bb, r\u00e9sume Sylvie Bonello, d\u00e9l\u00e9gu\u00e9e g\u00e9n\u00e9rale de la Fondation MMA Entrepreneurs du Futur, \u00e0 l\u2019origine de l\u2019enqu\u00eate statistique.<\/p>\n<p>Des troubles de en plus avou\u00e9s mais mal soign\u00e9s <\/p>\n<p>78\u00a0% des dirigeants en Occitanie disent souffrir de troubles physiques et\/ou psychologiques. Dans le d\u00e9tail, les souffrances qui touchent le plus grand nombre de dirigeants sont\u00a0: le mal de dos (51\u00a0%), les troubles du sommeil (47\u00a0%), suivis de pr\u00e8s par les douleurs articulaires (45\u00a0%) et les troubles anxieux (43\u00a0%). Et ils ne prennent malheureusement pas assez le temps de voir un professionnel de sant\u00e9. Un dirigeant sur dix ne verrait jamais de m\u00e9decin et un sur trois dit avoir d\u00fb renoncer \u00e0 consulter dans l\u2019ann\u00e9e.<\/p>\n<p>Si les dirigeants s\u2019\u00e9panchent plus facilement sur leur relation avec l\u2019alcool (49\u00a0% d\u00e9clarent consommer de l\u2019alcool au minimum une fois par mois), seuls 2\u00a0% r\u00e9v\u00e8lent consommer des drogues ill\u00e9gales, et 3\u00a0% prendre des m\u00e9dicaments contre la d\u00e9pression et l\u2019anxi\u00e9t\u00e9. Sur ceux reconnaissant \u00eatre atteints d\u2019une addiction, une grande majorit\u00e9 (66\u00a0%) n\u2019aurait pas souhait\u00e9 se faire aider. Parmi celles et ceux qui auraient souhait\u00e9 \u00eatre aid\u00e9s, 36\u00a0% seulement se seraient orient\u00e9s vers un professionnel de sant\u00e9.<\/p>\n<p>Une pr\u00e9vention aupr\u00e8s des dirigeants encore \u00e0 d\u00e9velopper <\/p>\n<p>Face \u00e0 cette situation pr\u00e9occupante, MMA, Bpifrance et l\u2019observatoire Amarok veulent encore davantage miser sur la pr\u00e9vention. La banque publique d\u2019investissement organise, par exemple, de plus en plus de rencontres et <a href=\"https:\/\/www.bpifrance-universite.fr\/formation\/sante-mentale-quand-le-travail-devient-addictif\/\" class=\"spip_out\" rel=\"external noopener\" target=\"_blank\">webinaires<\/a> sur le sujet avec des t\u00e9moignages de plus en plus nombreux. De son c\u00f4t\u00e9, MMA a lanc\u00e9 des programmes sp\u00e9cifiques comme l\u2019initiative en ligne \u00ab\u00a0La sant\u00e9, c\u2019est aussi au travail\u00a0!\u00a0\u00bb, s\u00e9rie de vid\u00e9os p\u00e9dagogiques sur divers volets de la sant\u00e9 mentale (sommeil, fatigue, sant\u00e9 mentale, vuln\u00e9rabilit\u00e9, etc.) pour mieux traiter d\u00e8s les premiers signaux d\u2019alerte. Enfin, Amarok <a href=\"https:\/\/www.toulemploi.fr\/4-8-Sante-mentale-en-entreprise-Un-tiers-des-entrepreneurs,45532\" class=\"spip_out\" rel=\"external noopener\" target=\"_blank\">propose un outil num\u00e9rique pr\u00e9dictif<\/a>, \u00ab\u00a0Amarok e-sant\u00e9\u00a0\u00bb, destin\u00e9 aux travailleurs ind\u00e9pendants. Un questionnaire complet qui peut aboutir \u00e0 un premier rendez-vous t\u00e9l\u00e9phonique avec un psychologue si le test r\u00e9v\u00e8le des risques psychologiques importants pour l\u2019entrepreneur.<br class=\"autobr\"\/><br \/>\nMatthias Hardoy <\/p>\n<p>Photo d\u2019illustration\u00a0: Rawpixel-com.<\/p>\n<p>Notes<\/p>\n<p>[<a href=\"#nh1\" class=\"spip_note\" title=\"Notes 1\" rev=\"appendix\">1<\/a>]\u00a0\u00c9tude r\u00e9alis\u00e9e par Occurrence pour la Fondation MMA des Entrepreneurs du Futur et Bpifrance le Lab aupr\u00e8s d\u2019un \u00e9chantillon de 1515 chefs d\u2019entreprises, directeurs, g\u00e9rants de TPE, PME et ETI (1 \u00e0 4999 salari\u00e9s) et membres de CODIR\/COMEX d\u2019ETI, dont 156 en Occitanie. L\u2019\u00e9chantillon a \u00e9t\u00e9 interrog\u00e9 du 7\u00a0avril au 12\u00a0mai 2025 par t\u00e9l\u00e9phone. La repr\u00e9sentativit\u00e9 de l\u2019\u00e9chantillon est assur\u00e9e sur la base de quotas repr\u00e9sentatifs des entreprises de plus d\u2019un salari\u00e9 en termes de secteur, taille, dispersion g\u00e9ographique.<\/p>\n","protected":false},"excerpt":{"rendered":"\u00ab\u00a0Il existe plus de statistiques sur la sant\u00e9 des baleines bleues que sur celle des entrepreneurs\u00a0\u00bb, estimait en&hellip;\n","protected":false},"author":2,"featured_media":393157,"comment_status":"","ping_status":"","sticky":false,"template":"","format":"standard","meta":{"footnotes":""},"categories":[9599],"tags":[52515,1111,11,17936,1777,674,1011,27,8701,2208,12,52516,2680,25,71],"class_list":{"0":"post-393156","1":"post","2":"type-post","3":"status-publish","4":"format-standard","5":"has-post-thumbnail","7":"category-montpellier","8":"tag-60-000-rebonds","9":"tag-actu","10":"tag-actualites","11":"tag-bpifrance-occitanie","12":"tag-eu","13":"tag-europe","14":"tag-fr","15":"tag-france","16":"tag-medical","17":"tag-montpellier","18":"tag-news","19":"tag-observatoire-amarok","20":"tag-occitanie","21":"tag-republique-francaise","22":"tag-sante"},"share_on_mastodon":{"url":"https:\/\/pubeurope.com\/@fr\/115209606558519478","error":""},"_links":{"self":[{"href":"https:\/\/www.europesays.com\/fr\/wp-json\/wp\/v2\/posts\/393156","targetHints":{"allow":["GET"]}}],"collection":[{"href":"https:\/\/www.europesays.com\/fr\/wp-json\/wp\/v2\/posts"}],"about":[{"href":"https:\/\/www.europesays.com\/fr\/wp-json\/wp\/v2\/types\/post"}],"author":[{"embeddable":true,"href":"https:\/\/www.europesays.com\/fr\/wp-json\/wp\/v2\/users\/2"}],"replies":[{"embeddable":true,"href":"https:\/\/www.europesays.com\/fr\/wp-json\/wp\/v2\/comments?post=393156"}],"version-history":[{"count":0,"href":"https:\/\/www.europesays.com\/fr\/wp-json\/wp\/v2\/posts\/393156\/revisions"}],"wp:featuredmedia":[{"embeddable":true,"href":"https:\/\/www.europesays.com\/fr\/wp-json\/wp\/v2\/media\/393157"}],"wp:attachment":[{"href":"https:\/\/www.europesays.com\/fr\/wp-json\/wp\/v2\/media?parent=393156"}],"wp:term":[{"taxonomy":"category","embeddable":true,"href":"https:\/\/www.europesays.com\/fr\/wp-json\/wp\/v2\/categories?post=393156"},{"taxonomy":"post_tag","embeddable":true,"href":"https:\/\/www.europesays.com\/fr\/wp-json\/wp\/v2\/tags?post=393156"}],"curies":[{"name":"wp","href":"https:\/\/api.w.org\/{rel}","templated":true}]}}