{"id":393187,"date":"2025-09-15T18:12:10","date_gmt":"2025-09-15T18:12:10","guid":{"rendered":"https:\/\/www.europesays.com\/fr\/393187\/"},"modified":"2025-09-15T18:12:10","modified_gmt":"2025-09-15T18:12:10","slug":"en-gironde-ou-en-dordogne-plusieurs-grands-projets-en-suspens","status":"publish","type":"post","link":"https:\/\/www.europesays.com\/fr\/393187\/","title":{"rendered":"en Gironde ou en Dordogne, plusieurs grands projets en suspens"},"content":{"rendered":"<p>\u00c0 l\u2019heure des contraintes budg\u00e9taires, les grands projets de l\u2019Universit\u00e9 de Bordeaux basculent parfois sur pause. Le pr\u00e9sident Dean Lewis n\u2019a pas \u00e9lud\u00e9 concernant le c<a href=\"https:\/\/www.sudouest.fr\/economie\/transports\/enseignement-superieur-recherche-mobilite-entre-l-etat-et-la-nouvelle-aquitaine-un-contrat-a-6-5-milliards-d-euros-15887669.php\" target=\"_blank\" rel=\"follow nofollow noopener\">ontrat de plan \u00c9tat-R\u00e9gion (CPER)<\/a> 2022-2027, dont plusieurs actions sont en suspens. \u00c0 Bordeaux, c\u2019est notamment le cas de l\u2019extension de l\u2019Institut des sciences de la vigne et du vin ou l\u2019Institut hospitalo-universitaire sur les maladies neurovasculaires. Sur ce dernier, \u00ab\u00a0nous nous \u00e9tions projet\u00e9s sur un b\u00e2timent mais nous avons eu des incertitudes budg\u00e9taires et discutons avec la R\u00e9gion Nouvelle-Aquitaine\u00a0\u00bb. Dean Lewis \u00e9voque des \u00ab\u00a0\u00e9changes tr\u00e8s constructifs\u00a0\u00bb avec la collectivit\u00e9.<\/p>\n<p>Le projet de plateforme agroalimentaire technologique innovante de Dordogne (Platido) pourrait \u00e9galement caler pour des raisons financi\u00e8res. \u00ab\u00a0Aujourd\u2019hui, le Conseil d\u00e9partemental de Dordogne nous indique qu\u2019il n\u2019est pas \u2013 pour l\u2019instant \u2013 en capacit\u00e9 de mobiliser le financement\u00a0\u00bb, indique Dean Lewis.<\/p>\n<p>Sireauco\u00a0: un site \u00e0 trouver sur le Bassin<\/p>\n<p>Le volet arcachonnais du projet Sireauco sera quant \u00e0 lui, a minima, retard\u00e9. Celui-ci pr\u00e9voyait de relocaliser l\u2019unit\u00e9 mixte de recherche Environnements et pal\u00e9oenvironnements oc\u00e9aniques et continentaux (Epoc), actuellement situ\u00e9e dans la Station marine. Elle devait rejoindre l\u2019Ifremer au niveau du port d\u2019Arcachon. Mais le d\u00e9m\u00e9nagement exige un agrandissement cons\u00e9quent du site, qui est bloqu\u00e9 par une contrainte difficilement surmontable. \u00ab\u00a0Nous avons appris il y a quelques mois que le sol d\u2019une partie de l\u2019emprise repose sur des \u00e9tais en bois\u00a0\u00bb, confirme Dean Lewis.<\/p>\n<p>L\u2019Universit\u00e9 de Bordeaux est en train de chercher un site alternatif sur le bassin d\u2019Arcachon, et a sollicit\u00e9 l\u2019aide du pr\u00e9fet. Quid de <a href=\"https:\/\/www.sudouest.fr\/gironde\/la-teste-de-buch\/arcachon-un-nouveau-projet-d-hotel-de-luxe-place-peyneau-10663318.php\" target=\"_blank\" rel=\"follow nofollow noopener\">l\u2019actuelle Station marine<\/a>, b\u00e2tisse historique dont l\u2019emplacement sur le front de mer d\u2019Arcachon pourrait aiguiser quelques app\u00e9tits\u00a0? \u00ab\u00a0Nous ne vendrons pas tant que nous n\u2019aurons pas de solution de relocalisation\u00a0\u00bb, assure Dean Lewis. La Station marine avait fait l\u2019objet d\u2019un compromis de vente en 2015, dans le cadre du projet de P\u00f4le oc\u00e9anographique aquitain (POA) qui a finalement \u00e9t\u00e9 abandonn\u00e9 en 2019. Pour finaliser une nouvelle vente, il faudra attendre que tous les recours soient purg\u00e9s sur le premier compromis. \u00ab\u00a0D\u2019ici 2026 ou 2027\u00a0\u00bb, table Dean Lewis.<\/p>\n","protected":false},"excerpt":{"rendered":"\u00c0 l\u2019heure des contraintes budg\u00e9taires, les grands projets de l\u2019Universit\u00e9 de Bordeaux basculent parfois sur pause. Le pr\u00e9sident&hellip;\n","protected":false},"author":2,"featured_media":393188,"comment_status":"","ping_status":"","sticky":false,"template":"","format":"standard","meta":{"footnotes":""},"categories":[2817],"tags":[1111,11,1997,1777,674,1011,27,12,2219,25],"class_list":{"0":"post-393187","1":"post","2":"type-post","3":"status-publish","4":"format-standard","5":"has-post-thumbnail","7":"category-bordeaux","8":"tag-actu","9":"tag-actualites","10":"tag-bordeaux","11":"tag-eu","12":"tag-europe","13":"tag-fr","14":"tag-france","15":"tag-news","16":"tag-nouvelle-aquitaine","17":"tag-republique-francaise"},"share_on_mastodon":{"url":"https:\/\/pubeurope.com\/@fr\/115209669469705602","error":""},"_links":{"self":[{"href":"https:\/\/www.europesays.com\/fr\/wp-json\/wp\/v2\/posts\/393187","targetHints":{"allow":["GET"]}}],"collection":[{"href":"https:\/\/www.europesays.com\/fr\/wp-json\/wp\/v2\/posts"}],"about":[{"href":"https:\/\/www.europesays.com\/fr\/wp-json\/wp\/v2\/types\/post"}],"author":[{"embeddable":true,"href":"https:\/\/www.europesays.com\/fr\/wp-json\/wp\/v2\/users\/2"}],"replies":[{"embeddable":true,"href":"https:\/\/www.europesays.com\/fr\/wp-json\/wp\/v2\/comments?post=393187"}],"version-history":[{"count":0,"href":"https:\/\/www.europesays.com\/fr\/wp-json\/wp\/v2\/posts\/393187\/revisions"}],"wp:featuredmedia":[{"embeddable":true,"href":"https:\/\/www.europesays.com\/fr\/wp-json\/wp\/v2\/media\/393188"}],"wp:attachment":[{"href":"https:\/\/www.europesays.com\/fr\/wp-json\/wp\/v2\/media?parent=393187"}],"wp:term":[{"taxonomy":"category","embeddable":true,"href":"https:\/\/www.europesays.com\/fr\/wp-json\/wp\/v2\/categories?post=393187"},{"taxonomy":"post_tag","embeddable":true,"href":"https:\/\/www.europesays.com\/fr\/wp-json\/wp\/v2\/tags?post=393187"}],"curies":[{"name":"wp","href":"https:\/\/api.w.org\/{rel}","templated":true}]}}