{"id":39319,"date":"2025-04-20T16:43:19","date_gmt":"2025-04-20T16:43:19","guid":{"rendered":"https:\/\/www.europesays.com\/fr\/39319\/"},"modified":"2025-04-20T16:43:19","modified_gmt":"2025-04-20T16:43:19","slug":"economie-de-guerre-qui-de-la-russie-de-lukraine-ou-de-lunion-europeenne-y-est-vraiment-capital-fr","status":"publish","type":"post","link":"https:\/\/www.europesays.com\/fr\/39319\/","title":{"rendered":"\u00abEconomie de guerre\u00bb : qui de la Russie, de l&#039;Ukraine ou de l&#039;Union europ\u00e9enne, y est vraiment ? &#8211; Capital.fr"},"content":{"rendered":"<ol>\n<li><a href=\"https:\/\/news.google.com\/rss\/articles\/CBMitwFBVV95cUxOSWpOTWNaWHIybWdOR3RJRVVnNHUwb1FfOGdTZ2hWRVlGeG12cTBEcGpoR3FDXzQ2VmpaTXNzdmhhVnBVUENpTE5KUmNtTEdPWHptX3dTbVBCU29ZV1BrUjJxMVFlb0lZWWJ5bkdVeHBUbGJrSkZsSGFCZGRMRlVRbjBHamhYRW1DQ2ljSGNpTHoyNGJuWlFLUGJZVm12U1gtMllXdTNvUzBjME4tYk4ydkZmcEN6U0k?oc=5\" target=\"_blank\" rel=\"noopener\">\u00abEconomie de guerre\u00bb : qui de la Russie, de l&rsquo;Ukraine ou de l&rsquo;Union europ\u00e9enne, y est vraiment ?<\/a>&nbsp;&nbsp;Capital.fr<\/li>\n<li><a href=\"https:\/\/news.google.com\/rss\/articles\/CBMirwFBVV95cUxNRGE2SEltTG5CQzR0eUx4bVhtMWtYRTM1cXVQLVZTZGpYM0J1UE43S1o5Y181Yi1SYmJ2LVlSd2daVTJqSHRvUjhjM1RUenFacGRoajFvR3pMS2ZNcTdSLVp1eW50R0g0cjE0UnFFTHhBX2psaW9RS3l6Y3djTFZacWJwNDZOYngxLXpnSElZMmxZN25MQ0xlNldFVXNUeUtiQ3Q1cEZGZW5nSERHalRN?oc=5\" target=\"_blank\" rel=\"noopener\">G\u00e9opolitique &#8211; L&rsquo;alliance atlantique \u00e0 l&rsquo;\u00e9preuve de Trump<\/a>&nbsp;&nbsp;RFI<\/li>\n<li><a href=\"https:\/\/news.google.com\/rss\/articles\/CBMivAFBVV95cUxOZ2VCeF9jTUpnVm5CUFRHclpVOVR1NzhTdDltdW9vVXRSeVJOZWZ0ejlZUmJoV2gxaFlkRXpUOWhiTlU2SmhwcUtLSUR0ZzByUnVHbDRvUnNiNk00QTE0dVlJWElPQ0ZTck9PYVk3SzVoVmJQM3BMdkZDakRVZm1ZWVBxdWVCdkFmNC04RUhXTXZHSGRETEJKSVZQcm5sWDRMU0kxcDZEM3NfTmt6V19ScUVxZjZjTVBENzRSSw?oc=5\" target=\"_blank\" rel=\"noopener\">Trump 2 : les d\u00e9pendances militaires europ\u00e9ennes en question<\/a>&nbsp;&nbsp;Polytechnique Insights<\/li>\n<li><a href=\"https:\/\/news.google.com\/rss\/articles\/CBMivAFBVV95cUxQcjFMSHdybDBPci1vYjItdExEaGJUQ2dyYjRhUVlhN1VVa2FEZkFEQTMzRFlvMWdQcnp0RzVNS21uVV9RelZ2aXlYN3ktbGhCMlJWb01QRXI0cGRkNFR6QkktamhPZ09LYVJOa0FWOFRxNC0wY2s0a2FSYzZTWDVtZjFMLTVwMWUtOFUxNUhoMnlQYVlUakFrRXZoRGJyVExNcjNVbDI0eFVzblZsNXNkZUpzc3REWEpCYUZONA?oc=5\" target=\"_blank\" rel=\"noopener\">D\u00e9fense : les banques europ\u00e9ennes lancent une \u00ab task force \u00bb<\/a>&nbsp;&nbsp;Les Echos<\/li>\n<li><a href=\"https:\/\/news.google.com\/rss\/articles\/CBMi-gFBVV95cUxQTlZ6eGpwVzNJdi0teU1DZFFfa2pHUjVxY0FCMEc4UDBrdnBDdVZKQV9aN1JEbm5Qa3BZUEl3ZE1zcUY0Q1hRdGlhVkJCM291b1VrY3BTQUU5bnk3RDB3YXk3UC13YmZrVi1oaFFqS2VvbjRJM3QwZFhNb2N5c2hhZ21wblYycEp5Vk1VbHo5cllILVRJSnhITkU2ZTJlamtFM0EwQW9hZHBXb2ZYSk1kSVJVMU9BSUdQVWpqN2FZLWlMMTUtRzVrWHJtNXlYRmxWRnZBbXlqVjBtVDBDaXluME5BQ3IzQW0zRDFpQm5mSWFXc0FrcmRMWnNn?oc=5\" target=\"_blank\" rel=\"noopener\">Financement priv\u00e9 de la d\u00e9fense : les outils \u00e0 la disposition de la base industrielle et technologique de d\u00e9fense (BITD)<\/a>&nbsp;&nbsp;Le Club des Juristes<\/li>\n<\/ol>\n","protected":false},"excerpt":{"rendered":"\u00abEconomie de guerre\u00bb : qui de la Russie, de l&rsquo;Ukraine ou de l&rsquo;Union europ\u00e9enne, y est vraiment ?&nbsp;&nbsp;Capital.fr&hellip;\n","protected":false},"author":2,"featured_media":39320,"comment_status":"","ping_status":"","sticky":false,"template":"","format":"standard","meta":{"footnotes":""},"categories":[1591],"tags":[11,9930,12259,9929,1073,1887,131,12,1885,1886,132],"class_list":{"0":"post-39319","1":"post","2":"type-post","3":"status-publish","4":"format-standard","5":"has-post-thumbnail","7":"category-russie","8":"tag-actualites","9":"tag-armu00e9e","10":"tag-article-payant","11":"tag-du00e9fense","12":"tag-emmanuel-macron","13":"tag-federation-de-russie","14":"tag-guerre-en-ukraine","15":"tag-news","16":"tag-russia","17":"tag-russian-federation","18":"tag-russie"},"share_on_mastodon":{"url":"https:\/\/pubeurope.com\/@fr\/114371297555261410","error":""},"_links":{"self":[{"href":"https:\/\/www.europesays.com\/fr\/wp-json\/wp\/v2\/posts\/39319","targetHints":{"allow":["GET"]}}],"collection":[{"href":"https:\/\/www.europesays.com\/fr\/wp-json\/wp\/v2\/posts"}],"about":[{"href":"https:\/\/www.europesays.com\/fr\/wp-json\/wp\/v2\/types\/post"}],"author":[{"embeddable":true,"href":"https:\/\/www.europesays.com\/fr\/wp-json\/wp\/v2\/users\/2"}],"replies":[{"embeddable":true,"href":"https:\/\/www.europesays.com\/fr\/wp-json\/wp\/v2\/comments?post=39319"}],"version-history":[{"count":0,"href":"https:\/\/www.europesays.com\/fr\/wp-json\/wp\/v2\/posts\/39319\/revisions"}],"wp:featuredmedia":[{"embeddable":true,"href":"https:\/\/www.europesays.com\/fr\/wp-json\/wp\/v2\/media\/39320"}],"wp:attachment":[{"href":"https:\/\/www.europesays.com\/fr\/wp-json\/wp\/v2\/media?parent=39319"}],"wp:term":[{"taxonomy":"category","embeddable":true,"href":"https:\/\/www.europesays.com\/fr\/wp-json\/wp\/v2\/categories?post=39319"},{"taxonomy":"post_tag","embeddable":true,"href":"https:\/\/www.europesays.com\/fr\/wp-json\/wp\/v2\/tags?post=39319"}],"curies":[{"name":"wp","href":"https:\/\/api.w.org\/{rel}","templated":true}]}}