{"id":393191,"date":"2025-09-15T18:14:10","date_gmt":"2025-09-15T18:14:10","guid":{"rendered":"https:\/\/www.europesays.com\/fr\/393191\/"},"modified":"2025-09-15T18:14:10","modified_gmt":"2025-09-15T18:14:10","slug":"la-voile-blanche-organise-sa-fameuse-soiree-blanche-vendredi","status":"publish","type":"post","link":"https:\/\/www.europesays.com\/fr\/393191\/","title":{"rendered":"La Voile Blanche organise sa fameuse \u00ab\u00a0Soir\u00e9e Blanche\u00a0\u00bb vendredi"},"content":{"rendered":"<p>            Par<br \/>\n        <strong><br \/>\n            <a href=\"https:\/\/actu.fr\/auteur\/pascal-pallas\" title=\"Consulter tous les articles de Pascal Pallas\" target=\"_blank\" rel=\"noopener\">Pascal Pallas<\/a><br \/>\n        <\/strong><\/p>\n<p>        Publi\u00e9 le<\/p>\n<p>            15 sept. 2025 \u00e0 19h46        <\/p>\n<p><strong>La Voile Blanche<\/strong>, adresse incontournable des nuits estivales \u00e0 Toulouse, organise bien sa mythique <strong>\u00ab\u00a0Soir\u00e9e Blanche\u00a0\u00bb<\/strong>. Elle a lieu <strong>vendredi 19 septembre 2025<\/strong> au sein de fameux complexe festif de la zone de Sesqui\u00e8res, au nord de <a href=\"https:\/\/actu.fr\/toulouse\/\" target=\"_blank\" rel=\"noopener\">Toulouse<\/a>.\u00a0<\/p>\n<p class=\" wall-content\">\u00c9v\u00e9nement incontournable de l\u2019\u00e9t\u00e9 toulousain depuis bien des ann\u00e9es, traditionnellement programm\u00e9 au c\u0153ur du mois d\u2019ao\u00fbt, \u00ab\u00a0notre Soir\u00e9e Blanche a \u00e9t\u00e9 repouss\u00e9 \u00e0 deux reprises en raison des caprices de la m\u00e9t\u00e9o\u00a0\u00bb, rappelle <strong>Jean-Christophe Gonzalez<\/strong>, le directeur de La Voile Blanche. \u00ab\u00a0Mais pas d\u2019inqui\u00e9tude : vous verrez qu\u2019il valait la peine d\u2019attendre !\u00a0\u00bb<\/p>\n<p>Tout en blanc !<\/p>\n<p class=\" wall-content\">Comme chaque ann\u00e9e, il s\u2019agit de faire la f\u00eate, tout habill\u00e9 de blanc. Attention, le dress code est donc de rigueur pour profiter du joyeux cocktail d\u2019animations pr\u00e9vu vendredi soir.\u00a0<\/p>\n<p class=\" wall-content\"><strong>Eyox, RK<\/strong> et <strong>Tay<\/strong> seront aux platines de La Voile Blanche pour animer le dancefloor. Un live sax est \u00e9galement au programme. C\u00f4t\u00e9 animation : show de danse, show de feu, ainsi que le traditionnel<strong> feu d\u2019artifice<\/strong> de fin de soir\u00e9e.\u00a0<\/p>\n<p class=\" wall-content\">Le champagne Mo\u00ebt &amp; Chandon ICE sera \u00e0 l\u2019honneur.<\/p>\n<p>Vid\u00e9os : en ce moment sur Actu<\/p>\n<p class=\" wall-content\">Comme durant tout l\u2019\u00e9t\u00e9, il est possible de se restaurer \u00e0 partir de 19 h 30 au restaurant de la Voile Blanche ou bien pr\u00e8s du dancefloor (partie tapas).\u00a0<\/p>\n<p><strong>Soir\u00e9e \u00ab\u00a0L\u2019Officielle, Soir\u00e9e Blanche\u00a0\u00bb<br \/><\/strong>Vendredi 19 septembre.<br \/>Complexe de La Voile Blanche<br \/>Parc de Sesqui\u00e8res, 26 All. des Foulques, 31200 Toulouse<br \/>R\u00e9servations : 05 62 27 07 45.<\/p>\n<p class=\" wall-content\">Personnalisez votre actualit\u00e9 en ajoutant vos villes et m\u00e9dias en favori avec <a href=\"https:\/\/moncompte.actu.fr\" title=\"D\u00e9couvez Mon Actu\" rel=\"nofollow noopener\" data-trk=\"{&quot;cta&quot;:{&quot;action&quot;:&quot;https:\\\/\\\/moncompte.actu.fr&quot;,&quot;category&quot;:&quot;mon compte&quot;,&quot;from&quot;:&quot;article footer&quot;,&quot;name&quot;:&quot;Mon actu&quot;,&quot;type&quot;:&quot;cta&quot;}}\" target=\"_blank\">Mon Actu<\/a>.<\/p>\n","protected":false},"excerpt":{"rendered":"Par Pascal Pallas Publi\u00e9 le 15 sept. 2025 \u00e0 19h46 La Voile Blanche, adresse incontournable des nuits estivales&hellip;\n","protected":false},"author":2,"featured_media":393192,"comment_status":"","ping_status":"","sticky":false,"template":"","format":"standard","meta":{"footnotes":""},"categories":[2816],"tags":[1111,11,1777,674,1011,27,1652,12,2680,25,1341,2312],"class_list":{"0":"post-393191","1":"post","2":"type-post","3":"status-publish","4":"format-standard","5":"has-post-thumbnail","7":"category-toulouse","8":"tag-actu","9":"tag-actualites","10":"tag-eu","11":"tag-europe","12":"tag-fr","13":"tag-france","14":"tag-loisirs-culture","15":"tag-news","16":"tag-occitanie","17":"tag-republique-francaise","18":"tag-sortir-a-toulouse","19":"tag-toulouse"},"share_on_mastodon":{"url":"https:\/\/pubeurope.com\/@fr\/115209677348050694","error":""},"_links":{"self":[{"href":"https:\/\/www.europesays.com\/fr\/wp-json\/wp\/v2\/posts\/393191","targetHints":{"allow":["GET"]}}],"collection":[{"href":"https:\/\/www.europesays.com\/fr\/wp-json\/wp\/v2\/posts"}],"about":[{"href":"https:\/\/www.europesays.com\/fr\/wp-json\/wp\/v2\/types\/post"}],"author":[{"embeddable":true,"href":"https:\/\/www.europesays.com\/fr\/wp-json\/wp\/v2\/users\/2"}],"replies":[{"embeddable":true,"href":"https:\/\/www.europesays.com\/fr\/wp-json\/wp\/v2\/comments?post=393191"}],"version-history":[{"count":0,"href":"https:\/\/www.europesays.com\/fr\/wp-json\/wp\/v2\/posts\/393191\/revisions"}],"wp:featuredmedia":[{"embeddable":true,"href":"https:\/\/www.europesays.com\/fr\/wp-json\/wp\/v2\/media\/393192"}],"wp:attachment":[{"href":"https:\/\/www.europesays.com\/fr\/wp-json\/wp\/v2\/media?parent=393191"}],"wp:term":[{"taxonomy":"category","embeddable":true,"href":"https:\/\/www.europesays.com\/fr\/wp-json\/wp\/v2\/categories?post=393191"},{"taxonomy":"post_tag","embeddable":true,"href":"https:\/\/www.europesays.com\/fr\/wp-json\/wp\/v2\/tags?post=393191"}],"curies":[{"name":"wp","href":"https:\/\/api.w.org\/{rel}","templated":true}]}}