{"id":393193,"date":"2025-09-15T18:15:30","date_gmt":"2025-09-15T18:15:30","guid":{"rendered":"https:\/\/www.europesays.com\/fr\/393193\/"},"modified":"2025-09-15T18:15:30","modified_gmt":"2025-09-15T18:15:30","slug":"septembre-en-or-vendredi-19-et-samedi-20-septembre-2025-westfield-euralille-sassocie-au-centre-oscar-lambret","status":"publish","type":"post","link":"https:\/\/www.europesays.com\/fr\/393193\/","title":{"rendered":"[Septembre en Or] Vendredi 19 et samedi 20 septembre 2025, Westfield Euralille s\u2019associe au Centre Oscar Lambret"},"content":{"rendered":"<p style=\"text-align: justify;\"><strong>Vendredi 19 et samedi 20 septembre 2025,<\/strong> <strong>Westfield Euralille s\u2019associe pour la deuxi\u00e8me ann\u00e9e cons\u00e9cutive <\/strong>au <strong>Centre Oscar Lambret<\/strong> \u00e0 l\u2019occasion de la <strong>10\u00e8me \u00e9dition de Septembre en OR,<\/strong> la <strong>grande campagne nationale de mobilisation<\/strong> <strong>contre les cancers p\u00e9diatriques.<\/strong> Pendant <strong>deux journ\u00e9es,<\/strong> la <strong>place centrale <\/strong>se transformera <strong>en espace sportif <\/strong>et <strong>solidaire :<\/strong> <strong>chaque kilom\u00e8tre parcouru sur v\u00e9los<\/strong> et <strong>rameurs sera converti en 1\u20ac revers\u00e9 au <strong>Centre Oscar Lambret<\/strong>.<\/strong><\/p>\n<p style=\"text-align: justify;\"><strong>Un d\u00e9fi collectif pour une cause essentielle<\/strong><br \/>\u00c0 travers ce <strong>challenge participatif, chacun peut contribuer, \u00e0 son \u00e9chelle, <\/strong>au <strong>financement de la recherche <\/strong>et des<strong> actions men\u00e9es par le <strong>Centre Oscar Lambret.<\/strong><\/strong> Les <strong>visiteurs <\/strong>sont <strong>invit\u00e9s \u00e0 p\u00e9daler <\/strong>ou <strong>ramer quelques minutes,<\/strong> <strong>seuls, entre amis<\/strong> ou <strong>en famille,<\/strong> afin de <strong>transformer leur \u00e9nergie en don concret.<\/strong> Des <strong>animations ludiques<\/strong> viendront compl\u00e9ter l\u2019\u00e9v\u00e9nement : <strong>pr\u00e9sence de la mascotte KidCat, photobooth souvenir<\/strong> et <strong>rencontres avec les \u00e9quipes du Centre Oscar Lambret<\/strong> pour<strong> sensibiliser petits<\/strong> et <strong>grands \u00e0 la lutte contre les cancers p\u00e9diatriques.<\/strong><\/p>\n<p style=\"text-align: justify;\"><strong>Le Centre Oscar Lambret : un engagement durable aupr\u00e8s des enfants et des familles<\/strong> <br \/><strong>Centre de r\u00e9f\u00e9rence en canc\u00e9rologie, <\/strong>le <strong>p\u00f4le p\u00e9diatrique AJA du<\/strong> <strong>Centre Oscar Lambret<\/strong> assure la <strong>prise en charge<\/strong> et le<strong> suivi de pr\u00e8s de 1 200 enfants, adolescents<\/strong> et<strong> jeunes adultes atteints d\u2019un cancer. Son approche globale va bien au-del\u00e0 des soins m\u00e9dicaux :<\/strong><\/p>\n<p><strong>\u2013 Accompagnement quotidien :<\/strong> <strong>art-th\u00e9rapie, activit\u00e9s physiques adapt\u00e9es, \u00e9cole \u00e0 l\u2019h\u00f4pital.<\/strong><\/p>\n<p><strong>\u2013 Qualit\u00e9 de vie : espaces multisensoriels<\/strong> <strong>pour apaiser l\u2019anxi\u00e9t\u00e9<\/strong> et<strong> am\u00e9liorer le bien-\u00eatre.<\/strong><\/p>\n<p><strong>\u2013 Recherche : d\u00e9veloppement de traitements innovants <\/strong>pour <strong>acc\u00e9l\u00e9rer les avanc\u00e9es<br \/>m\u00e9dicales.<\/strong><\/p>\n<p style=\"text-align: justify;\">Depuis le lancement de <strong>Septembre en OR<\/strong> <strong>en 2016,<\/strong> la <strong>campagne <\/strong>a <strong>permis de sensibiliser plus de 1,6 million de personnes <\/strong>et de <strong>collecter pr\u00e8s de 1 M\u20ac<\/strong> <strong>au profit de la recherche<\/strong> et<strong> de l\u2019accompagnement.<\/strong> \u00ab Le Centre Oscar Lambret est tr\u00e8s heureux du renouvellement de l\u2019engagement de Westfield Euralille, un partenaire en Or pour la lutte contre les cancers p\u00e9diatriques ! On consid\u00e8re souvent que le cancer est une maladie d\u2019adulte. Pourtant,1 enfant sur 440 d\u00e9veloppera un cancer avant l\u2019\u00e2ge de 15 ans. Chaque pas compte. Il est essentiel de poursuivre la mobilisation au maximum ! \u00bb <strong>Pr Eric Lartigau, Directeur G\u00e9n\u00e9ral du Centre Oscar Lambret<\/strong><\/p>\n<p class=\"has-text-align-right\">Source &amp; photo : DR \u2013 \u00a9 Westfield Euralille <\/p>\n","protected":false},"excerpt":{"rendered":"Vendredi 19 et samedi 20 septembre 2025, Westfield Euralille s\u2019associe pour la deuxi\u00e8me ann\u00e9e cons\u00e9cutive au Centre Oscar&hellip;\n","protected":false},"author":2,"featured_media":393194,"comment_status":"","ping_status":"","sticky":false,"template":"","format":"standard","meta":{"footnotes":""},"categories":[2815],"tags":[52517,52004,1111,11,52518,1777,674,1011,27,811,1307,12,25,52519,24206],"class_list":{"0":"post-393193","1":"post","2":"type-post","3":"status-publish","4":"format-standard","5":"has-post-thumbnail","7":"category-lille","8":"tag-19-septembre-2025","9":"tag-20-septembre-2025","10":"tag-actu","11":"tag-actualites","12":"tag-centre-oscar-lambret","13":"tag-eu","14":"tag-europe","15":"tag-fr","16":"tag-france","17":"tag-hauts-de-france","18":"tag-lille","19":"tag-news","20":"tag-republique-francaise","21":"tag-septembre-en-or","22":"tag-westfield-euralille"},"share_on_mastodon":{"url":"https:\/\/pubeurope.com\/@fr\/115209681276471736","error":""},"_links":{"self":[{"href":"https:\/\/www.europesays.com\/fr\/wp-json\/wp\/v2\/posts\/393193","targetHints":{"allow":["GET"]}}],"collection":[{"href":"https:\/\/www.europesays.com\/fr\/wp-json\/wp\/v2\/posts"}],"about":[{"href":"https:\/\/www.europesays.com\/fr\/wp-json\/wp\/v2\/types\/post"}],"author":[{"embeddable":true,"href":"https:\/\/www.europesays.com\/fr\/wp-json\/wp\/v2\/users\/2"}],"replies":[{"embeddable":true,"href":"https:\/\/www.europesays.com\/fr\/wp-json\/wp\/v2\/comments?post=393193"}],"version-history":[{"count":0,"href":"https:\/\/www.europesays.com\/fr\/wp-json\/wp\/v2\/posts\/393193\/revisions"}],"wp:featuredmedia":[{"embeddable":true,"href":"https:\/\/www.europesays.com\/fr\/wp-json\/wp\/v2\/media\/393194"}],"wp:attachment":[{"href":"https:\/\/www.europesays.com\/fr\/wp-json\/wp\/v2\/media?parent=393193"}],"wp:term":[{"taxonomy":"category","embeddable":true,"href":"https:\/\/www.europesays.com\/fr\/wp-json\/wp\/v2\/categories?post=393193"},{"taxonomy":"post_tag","embeddable":true,"href":"https:\/\/www.europesays.com\/fr\/wp-json\/wp\/v2\/tags?post=393193"}],"curies":[{"name":"wp","href":"https:\/\/api.w.org\/{rel}","templated":true}]}}