{"id":393195,"date":"2025-09-15T18:16:12","date_gmt":"2025-09-15T18:16:12","guid":{"rendered":"https:\/\/www.europesays.com\/fr\/393195\/"},"modified":"2025-09-15T18:16:12","modified_gmt":"2025-09-15T18:16:12","slug":"episode-3-lille-simpose-encore-dans-le-money-time-2-1-contre-toulouse","status":"publish","type":"post","link":"https:\/\/www.europesays.com\/fr\/393195\/","title":{"rendered":"Episode 3 : Lille s&rsquo;impose encore dans le money-time (2-1 contre Toulouse)"},"content":{"rendered":"<p>Au menu de l&rsquo;\u00e9pisode 3 :<\/p>\n<p class=\"PopSlotParagraph qg-tx2 qg-xtra-lh svelte-1r0pyek\">Un nouveau sc\u00e9nario renversant gr\u00e2ce aux joueurs sortis du banc<br \/>Grosse inqui\u00e9tude autour d&rsquo;Alexsandro, touch\u00e9 \u00e0 la cuisse<br \/>En donnant la victoire au LOSC, Ethan Mbapp\u00e9 lance enfin sa carri\u00e8re\u00a0?<br \/>Le LOSC veut poursuivre sa s\u00e9rie dans le derby\u00a0: 6 sans d\u00e9faite<\/p>\n<p> Autour de Sylvain Charley\u00a0:<\/p>\n<p class=\"PopSlotParagraph qg-tx2 qg-xtra-lh svelte-1r0pyek\">Lo\u00efc Bernache de France 3<br \/>Samir Guelsifi le coach de Marcq en Baroeul\u00a0<br \/>R\u00e9mi Bouveresse de l\u2019Agence France Presse\u00a0<br \/>Rapha\u00ebl Marcant du Petit Lillois<\/p>\n","protected":false},"excerpt":{"rendered":"Au menu de l&rsquo;\u00e9pisode 3 : Un nouveau sc\u00e9nario renversant gr\u00e2ce aux joueurs sortis du bancGrosse inqui\u00e9tude autour&hellip;\n","protected":false},"author":2,"featured_media":393196,"comment_status":"","ping_status":"","sticky":false,"template":"","format":"standard","meta":{"footnotes":""},"categories":[2815],"tags":[1111,11,1777,674,1011,27,811,1307,12,25],"class_list":{"0":"post-393195","1":"post","2":"type-post","3":"status-publish","4":"format-standard","5":"has-post-thumbnail","7":"category-lille","8":"tag-actu","9":"tag-actualites","10":"tag-eu","11":"tag-europe","12":"tag-fr","13":"tag-france","14":"tag-hauts-de-france","15":"tag-lille","16":"tag-news","17":"tag-republique-francaise"},"share_on_mastodon":{"url":"https:\/\/pubeurope.com\/@fr\/115209685317320274","error":""},"_links":{"self":[{"href":"https:\/\/www.europesays.com\/fr\/wp-json\/wp\/v2\/posts\/393195","targetHints":{"allow":["GET"]}}],"collection":[{"href":"https:\/\/www.europesays.com\/fr\/wp-json\/wp\/v2\/posts"}],"about":[{"href":"https:\/\/www.europesays.com\/fr\/wp-json\/wp\/v2\/types\/post"}],"author":[{"embeddable":true,"href":"https:\/\/www.europesays.com\/fr\/wp-json\/wp\/v2\/users\/2"}],"replies":[{"embeddable":true,"href":"https:\/\/www.europesays.com\/fr\/wp-json\/wp\/v2\/comments?post=393195"}],"version-history":[{"count":0,"href":"https:\/\/www.europesays.com\/fr\/wp-json\/wp\/v2\/posts\/393195\/revisions"}],"wp:featuredmedia":[{"embeddable":true,"href":"https:\/\/www.europesays.com\/fr\/wp-json\/wp\/v2\/media\/393196"}],"wp:attachment":[{"href":"https:\/\/www.europesays.com\/fr\/wp-json\/wp\/v2\/media?parent=393195"}],"wp:term":[{"taxonomy":"category","embeddable":true,"href":"https:\/\/www.europesays.com\/fr\/wp-json\/wp\/v2\/categories?post=393195"},{"taxonomy":"post_tag","embeddable":true,"href":"https:\/\/www.europesays.com\/fr\/wp-json\/wp\/v2\/tags?post=393195"}],"curies":[{"name":"wp","href":"https:\/\/api.w.org\/{rel}","templated":true}]}}