{"id":393199,"date":"2025-09-15T18:18:17","date_gmt":"2025-09-15T18:18:17","guid":{"rendered":"https:\/\/www.europesays.com\/fr\/393199\/"},"modified":"2025-09-15T18:18:17","modified_gmt":"2025-09-15T18:18:17","slug":"marseille-future-makers-arrive-en-ville","status":"publish","type":"post","link":"https:\/\/www.europesays.com\/fr\/393199\/","title":{"rendered":"MARSEILLE : Future Makers arrive en ville"},"content":{"rendered":"<p><b>Apr\u00e8s Montpellier,\u00a0<\/b><a href=\"https:\/\/u11714644.ct.sendgrid.net\/ls\/click?upn=u001.HmEUrBs0rgph-2F-2BSbxCnAk1j4VhTpYBU2oMSL10kFrgbXdU5DVgaN0JEdtq3j8bra11nP_Cy1gKJ78C7YbA-2Bj-2BlN-2Brdg45j31CHH-2BJmir0nmWm5AM-2BiY5k0JIygvZkcLBIpH0OafKlpiRfclA4elg2ZndUT5Xv8uhnFoz1EKqAV9ElBfv-2FqPvdFPmpPySD1U6cejQarLAEvuS3e78a33xDvWTbDzlDcr6fFnToqoR3PQbUWkJ2VtA8-2FAtE9eVltz18u-2Bjojas41Wz6J5mM1a15XkzKjOWn3VIwNKu4FfzoQ0VnENLn8aA-2FR8kVmi6-2BS2ce2Tgp0WonJ7rh4NguuEzp3itBOsd5Q8YpAodxMDRqdF5v0Kt42qX4fxNn5YFrUpxQU1qNr-2Bss5EFLKz18gcZD3J1nhHRlFJx-2BeGpqox7yTPPoWZM-3D\" target=\"_blank\" rel=\"noopener nofollow\" data-saferedirecturl=\"https:\/\/www.google.com\/url?q=https:\/\/u11714644.ct.sendgrid.net\/ls\/click?upn%3Du001.HmEUrBs0rgph-2F-2BSbxCnAk1j4VhTpYBU2oMSL10kFrgbXdU5DVgaN0JEdtq3j8bra11nP_Cy1gKJ78C7YbA-2Bj-2BlN-2Brdg45j31CHH-2BJmir0nmWm5AM-2BiY5k0JIygvZkcLBIpH0OafKlpiRfclA4elg2ZndUT5Xv8uhnFoz1EKqAV9ElBfv-2FqPvdFPmpPySD1U6cejQarLAEvuS3e78a33xDvWTbDzlDcr6fFnToqoR3PQbUWkJ2VtA8-2FAtE9eVltz18u-2Bjojas41Wz6J5mM1a15XkzKjOWn3VIwNKu4FfzoQ0VnENLn8aA-2FR8kVmi6-2BS2ce2Tgp0WonJ7rh4NguuEzp3itBOsd5Q8YpAodxMDRqdF5v0Kt42qX4fxNn5YFrUpxQU1qNr-2Bss5EFLKz18gcZD3J1nhHRlFJx-2BeGpqox7yTPPoWZM-3D&amp;source=gmail&amp;ust=1758034452801000&amp;usg=AOvVaw3e9DrZ04ycTIVrfjb4AFIr\"><b>Diversidays<\/b><\/a><b>\u00a0et\u00a0<\/b><a href=\"https:\/\/u11714644.ct.sendgrid.net\/ls\/click?upn=u001.8gmJa7-2F5vFnNURntQ-2B2MWwp-2FsXjL7-2B6fndYCF8AxX8hSwY29bFSde-2F75uk8htWqAxY8H_Cy1gKJ78C7YbA-2Bj-2BlN-2Brdg45j31CHH-2BJmir0nmWm5AM-2BiY5k0JIygvZkcLBIpH0OafKlpiRfclA4elg2ZndUT5Xv8uhnFoz1EKqAV9ElBfv-2FqPvdFPmpPySD1U6cejQarLAEvuS3e78a33xDvWTbDzlDcr6fFnToqoR3PQbUWkJ2VtA8-2FAtE9eVltz18u-2Bjojas41Wz6J5mM1a15XkzKjB5LzKEknXecR9XpYwjkHCSDoBy3NjMF3UCfXnWUo5udrdHBWViRdd6MgmWUeP7dRhE5KBYQpf32XIrOjySIUmCQstCR6PIxVGFLof1pdvC1TshHINdJ0hyuKZ0opcvXthWSOov6Re6Esg5LpiULQrY-3D\" target=\"_blank\" rel=\"noopener nofollow\" data-saferedirecturl=\"https:\/\/www.google.com\/url?q=https:\/\/u11714644.ct.sendgrid.net\/ls\/click?upn%3Du001.8gmJa7-2F5vFnNURntQ-2B2MWwp-2FsXjL7-2B6fndYCF8AxX8hSwY29bFSde-2F75uk8htWqAxY8H_Cy1gKJ78C7YbA-2Bj-2BlN-2Brdg45j31CHH-2BJmir0nmWm5AM-2BiY5k0JIygvZkcLBIpH0OafKlpiRfclA4elg2ZndUT5Xv8uhnFoz1EKqAV9ElBfv-2FqPvdFPmpPySD1U6cejQarLAEvuS3e78a33xDvWTbDzlDcr6fFnToqoR3PQbUWkJ2VtA8-2FAtE9eVltz18u-2Bjojas41Wz6J5mM1a15XkzKjB5LzKEknXecR9XpYwjkHCSDoBy3NjMF3UCfXnWUo5udrdHBWViRdd6MgmWUeP7dRhE5KBYQpf32XIrOjySIUmCQstCR6PIxVGFLof1pdvC1TshHINdJ0hyuKZ0opcvXthWSOov6Re6Esg5LpiULQrY-3D&amp;source=gmail&amp;ust=1758034452801000&amp;usg=AOvVaw2gNn2T2wZELb7p10h1TydF\"><b>Bpifrance<\/b><\/a><b>\u00a0ouvrent les candidatures de\u00a0Future Makers\u00a0\u00e0 Marseille, en partenariat avec KEDGE Business School.<\/b><\/p>\n<p>Port\u00e9 par l\u2019ambition forte de faire \u00e9merger celles et ceux que l\u2019on ne voit pas assez dans l\u2019\u00e9cosyst\u00e8me entrepreneurial, Future Makers propose 12 mois d\u2019accompagnement strat\u00e9gique, sur-mesure et ancr\u00e9 localement, pour structurer, financer et faire grandir des startups \u00e0 impact. Ce programme national d\u2019acc\u00e9l\u00e9ration s\u2019adresse aux entrepreneur\u00b7es Tech et\/ou \u00e0 impact issus des quartiers prioritaires (QPV) et des zones franches urbaines (ZFU-TE). Objectif : donner \u00e0 une nouvelle g\u00e9n\u00e9ration de talents toutes les cl\u00e9s pour structurer, financer et faire grandir leur startup.<b>\u00a0<\/b><\/p>\n<p><b>Un programme unique pour acc\u00e9l\u00e9rer sa croissance.<\/b><\/p>\n<p>\u2013\u00a0\u00a0\u00a0\u00a0\u00a0\u00a0\u00a0\u00a0\u00a0\u00a0200 heures de coaching sur un an : strat\u00e9gie, business plan, passage \u00e0 l\u2019\u00e9chelle.<\/p>\n<p>\u2013\u00a0\u00a0\u00a0\u00a0\u00a0\u00a0\u00a0\u00a0\u00a0\u00a0Acc\u00e8s privil\u00e9gi\u00e9 \u00e0 des investisseurs, grands groupes et experts.<\/p>\n<p>\u2013\u00a0\u00a0\u00a0\u00a0\u00a0\u00a0\u00a0\u00a0\u00a0\u00a0Un Demo Day pour pitcher devant des d\u00e9cideurs cl\u00e9s.<\/p>\n<p>\u2013\u00a0\u00a0\u00a0\u00a0\u00a0\u00a0\u00a0\u00a0\u00a0\u00a0Un ancrage local gr\u00e2ce au partenariat avec KEDGE et l\u2019\u00e9cosyst\u00e8me marseillais.<\/p>\n<p><b>Pour Iris Avital,\u00a0D\u00e9l\u00e9gu\u00e9e G\u00e9n\u00e9rale Adjointe de Diversidays\u00a0:<\/b>\u00a0\u00ab Les quartiers populaires regorgent de talents et d\u2019innovations. Avec Future Makers, nous cherchons \u00e0 leur donner tous les \u00e9l\u00e9ments cl\u00e9s pour lever les freins, structurer leur ambition et changer la donne sur leur territoire. C\u2019est la condition pour permettre \u00e0 une nouvelle g\u00e9n\u00e9ration de talents plus repr\u00e9sentative de l\u2019ensemble de la population fran\u00e7aise d\u2019\u00e9merger \u00bb.<\/p>\n<p><b>Les startups peuvent candidater via ce lien :\u00a0<\/b><a href=\"https:\/\/airtable.com\/appbL2THE7uHuyatf\/shrfcbmZrTnUGqS4w\" target=\"_blank\" rel=\"noopener nofollow\" data-saferedirecturl=\"https:\/\/www.google.com\/url?q=https:\/\/airtable.com\/appbL2THE7uHuyatf\/shrfcbmZrTnUGqS4w&amp;source=gmail&amp;ust=1758034452801000&amp;usg=AOvVaw030h8DFQZbC2JQzdGVk7jI\">https:\/\/airtable.com\/appbL2THE7uHuyatf\/shrfcbmZrTnUGqS4w<\/a><\/p>\n<p><b>A\u00a0 propos de Diversidays.<\/b><\/p>\n<p>Cr\u00e9\u00e9e en 2017 par Anthony Babkine et Mounira Hamdi, et pr\u00e9sid\u00e9e par Nadim Bel Lallahom,\u00a0<a href=\"https:\/\/u11714644.ct.sendgrid.net\/ls\/click?upn=u001.8gmJa7-2F5vFnNURntQ-2B2MW4wx-2Fu3i47ZiWhZ6RFW-2FZmB-2F7a-2BXg4a4ytuWp-2FX9h1-2BP_gOe_Cy1gKJ78C7YbA-2Bj-2BlN-2Brdg45j31CHH-2BJmir0nmWm5AM-2BiY5k0JIygvZkcLBIpH0OafKlpiRfclA4elg2ZndUT5Xv8uhnFoz1EKqAV9ElBfv-2FqPvdFPmpPySD1U6cejQarLAEvuS3e78a33xDvWTbDzlDcr6fFnToqoR3PQbUWkJ2VtA8-2FAtE9eVltz18u-2Bjojas41Wz6J5mM1a15XkzKjDkSK-2BcH-2Ff5PlCA1XaEc-2B7t2aDf74eohkzZ92KCQPW4a6Idk3LZEUAA1S3OS1fI-2FFt9weoEIfFl8-2BZymt00-2FsnVpXXrg4pADKn48Z3o5AiAb5qbILvMHr3QdfoN4qjUmIPKSjiTyUMYt4bEwbAzRTdQ-3D\" target=\"_blank\" rel=\"noopener nofollow\" data-saferedirecturl=\"https:\/\/www.google.com\/url?q=https:\/\/u11714644.ct.sendgrid.net\/ls\/click?upn%3Du001.8gmJa7-2F5vFnNURntQ-2B2MW4wx-2Fu3i47ZiWhZ6RFW-2FZmB-2F7a-2BXg4a4ytuWp-2FX9h1-2BP_gOe_Cy1gKJ78C7YbA-2Bj-2BlN-2Brdg45j31CHH-2BJmir0nmWm5AM-2BiY5k0JIygvZkcLBIpH0OafKlpiRfclA4elg2ZndUT5Xv8uhnFoz1EKqAV9ElBfv-2FqPvdFPmpPySD1U6cejQarLAEvuS3e78a33xDvWTbDzlDcr6fFnToqoR3PQbUWkJ2VtA8-2FAtE9eVltz18u-2Bjojas41Wz6J5mM1a15XkzKjDkSK-2BcH-2Ff5PlCA1XaEc-2B7t2aDf74eohkzZ92KCQPW4a6Idk3LZEUAA1S3OS1fI-2FFt9weoEIfFl8-2BZymt00-2FsnVpXXrg4pADKn48Z3o5AiAb5qbILvMHr3QdfoN4qjUmIPKSjiTyUMYt4bEwbAzRTdQ-3D&amp;source=gmail&amp;ust=1758034452801000&amp;usg=AOvVaw00b5knQEhHx__CWmKZyeqf\">Diversidays<\/a>\u00a0est une association nationale (loi 1901) d\u2019e\u0301galite\u0301 des chances qui pr\u00f4ne le num\u00e9rique et l\u2019IA comme acc\u00e9l\u00e9rateur de diversit\u00e9 et propose des solutions concr\u00e8tes pour faire de la French Tech une figure d\u2019exemplarit\u00e9 en mati\u00e8re de diversit\u00e9. Acteur de r\u00e9f\u00e9rence en mati\u00e8re d\u2019\u00e9galit\u00e9 des chances en France, sa mission vise \u00e0 favoriser l\u2019\u00e9galit\u00e9 des chances dans les carri\u00e8res et l\u2019entrepreneuriat dans le num\u00e9rique, en proposant des programmes sur-mesure pour faire bouger les lignes \u00e0 tous les niveaux pour rendre le futur de l\u2019emploi plus inclusif au prisme du num\u00e9rique. Finance\u0301e et soutenue par une vingtaine d\u2019acteurs corporates ou publics (Google.org, l\u2019Agefiph, le minist\u00e8re du travail, novapec, EDF, AXA France, LinkedIn, Shopify, CGI, PwC France &amp; Maghreb \u2026), Diversidays est aussi soutenue par France Travail, le Secre\u0301tariat d\u2019Etat charge\u0301 de la Transition nume\u0301rique, le Ministe\u0300re de\u0301le\u0301gue\u0301 a\u0300 l\u2019e\u0301galite\u0301 Femmes \/ Hommes, a\u0300 la diversite\u0301 et a\u0300 l\u2019e\u0301galite\u0301 des chances, la French Tech et bien d\u2019autres.<br \/>Alors qu\u2019un actif fran\u00e7ais sur deux craint d\u2019\u00eatre discrimin\u00e9 en France (\u00c9tat des lieux de la mesure de la diversit\u00e9 en France), Diversidays fait de l\u2019e\u0301galite\u0301 des chances son combat et d\u00e9fend l\u2019ide\u0301e selon laquelle le nume\u0301rique et l\u2019IA peuvent devenir l\u2019ascenseur social du 21e\u0300me sie\u0300cle.<\/p>\n<p>En savoir plus :\u00a0<a href=\"https:\/\/u11714644.ct.sendgrid.net\/ls\/click?upn=u001.8gmJa7-2F5vFnNURntQ-2B2MW2oyRtMZsjlXeZzBB2F7hp2KwWB7ItSG33VL6eTNgS-2FtW8sN_Cy1gKJ78C7YbA-2Bj-2BlN-2Brdg45j31CHH-2BJmir0nmWm5AM-2BiY5k0JIygvZkcLBIpH0OafKlpiRfclA4elg2ZndUT5Xv8uhnFoz1EKqAV9ElBfv-2FqPvdFPmpPySD1U6cejQarLAEvuS3e78a33xDvWTbDzlDcr6fFnToqoR3PQbUWkJ2VtA8-2FAtE9eVltz18u-2Bjojas41Wz6J5mM1a15XkzKjG9HJ0rEdxO9hD3hWuy9grjVfSQ5nREvTAjF6YuDfNg8GeJ3fwuBlPGuPWwtDpLVmA5fi28EYVefSCzo0M4viFd-2Bb90Og6919GPt-2BXfWgeGJ-2BUQuG9YAsiRX-2FWFR0UDwFvkLgXb3gv4apfXQuHJq09k-3D\" target=\"_blank\" rel=\"noopener nofollow\" data-saferedirecturl=\"https:\/\/www.google.com\/url?q=https:\/\/u11714644.ct.sendgrid.net\/ls\/click?upn%3Du001.8gmJa7-2F5vFnNURntQ-2B2MW2oyRtMZsjlXeZzBB2F7hp2KwWB7ItSG33VL6eTNgS-2FtW8sN_Cy1gKJ78C7YbA-2Bj-2BlN-2Brdg45j31CHH-2BJmir0nmWm5AM-2BiY5k0JIygvZkcLBIpH0OafKlpiRfclA4elg2ZndUT5Xv8uhnFoz1EKqAV9ElBfv-2FqPvdFPmpPySD1U6cejQarLAEvuS3e78a33xDvWTbDzlDcr6fFnToqoR3PQbUWkJ2VtA8-2FAtE9eVltz18u-2Bjojas41Wz6J5mM1a15XkzKjG9HJ0rEdxO9hD3hWuy9grjVfSQ5nREvTAjF6YuDfNg8GeJ3fwuBlPGuPWwtDpLVmA5fi28EYVefSCzo0M4viFd-2Bb90Og6919GPt-2BXfWgeGJ-2BUQuG9YAsiRX-2FWFR0UDwFvkLgXb3gv4apfXQuHJq09k-3D&amp;source=gmail&amp;ust=1758034452801000&amp;usg=AOvVaw0441T_VlDbkQXDIkg7umzH\">https:\/\/www.diversidays.com<\/a>\u00a0\/\u00a0<a href=\"https:\/\/u11714644.ct.sendgrid.net\/ls\/click?upn=u001.8gmJa7-2F5vFnNURntQ-2B2MW336W5fKK3898q-2FA5hLjRCZASti8-2FXbEIxjWq8XZjSxar0aA_Cy1gKJ78C7YbA-2Bj-2BlN-2Brdg45j31CHH-2BJmir0nmWm5AM-2BiY5k0JIygvZkcLBIpH0OafKlpiRfclA4elg2ZndUT5Xv8uhnFoz1EKqAV9ElBfv-2FqPvdFPmpPySD1U6cejQarLAEvuS3e78a33xDvWTbDzlDcr6fFnToqoR3PQbUWkJ2VtA8-2FAtE9eVltz18u-2Bjojas41Wz6J5mM1a15XkzKjGMUmd9llH-2FmtH1PFi8v-2FK1PLAQCDWavwwPHj8fyJcCDEaeCjajcj40BJF-2FR-2FtcznJxSpyH7AQ-2FOM31Ltrr32FnaK4faZ6YX4nx4pLoiULtQYv2z-2FN1UlYiHtkeCcwTyXkOAslFx4NoF6vf4IP3MSf8-3D\" target=\"_blank\" rel=\"noopener nofollow\" data-saferedirecturl=\"https:\/\/www.google.com\/url?q=https:\/\/u11714644.ct.sendgrid.net\/ls\/click?upn%3Du001.8gmJa7-2F5vFnNURntQ-2B2MW336W5fKK3898q-2FA5hLjRCZASti8-2FXbEIxjWq8XZjSxar0aA_Cy1gKJ78C7YbA-2Bj-2BlN-2Brdg45j31CHH-2BJmir0nmWm5AM-2BiY5k0JIygvZkcLBIpH0OafKlpiRfclA4elg2ZndUT5Xv8uhnFoz1EKqAV9ElBfv-2FqPvdFPmpPySD1U6cejQarLAEvuS3e78a33xDvWTbDzlDcr6fFnToqoR3PQbUWkJ2VtA8-2FAtE9eVltz18u-2Bjojas41Wz6J5mM1a15XkzKjGMUmd9llH-2FmtH1PFi8v-2FK1PLAQCDWavwwPHj8fyJcCDEaeCjajcj40BJF-2FR-2FtcznJxSpyH7AQ-2FOM31Ltrr32FnaK4faZ6YX4nx4pLoiULtQYv2z-2FN1UlYiHtkeCcwTyXkOAslFx4NoF6vf4IP3MSf8-3D&amp;source=gmail&amp;ust=1758034452801000&amp;usg=AOvVaw11jM14pWs7IX9q2NIiyylN\">festival UNIQUES<\/a><\/p>\n","protected":false},"excerpt":{"rendered":"Apr\u00e8s Montpellier,\u00a0Diversidays\u00a0et\u00a0Bpifrance\u00a0ouvrent les candidatures de\u00a0Future Makers\u00a0\u00e0 Marseille, en partenariat avec KEDGE Business School. Port\u00e9 par l\u2019ambition forte de&hellip;\n","protected":false},"author":2,"featured_media":393200,"comment_status":"","ping_status":"","sticky":false,"template":"","format":"standard","meta":{"footnotes":""},"categories":[2814],"tags":[1111,11,1777,674,1011,27,884,12,882,25],"class_list":{"0":"post-393199","1":"post","2":"type-post","3":"status-publish","4":"format-standard","5":"has-post-thumbnail","7":"category-marseille","8":"tag-actu","9":"tag-actualites","10":"tag-eu","11":"tag-europe","12":"tag-fr","13":"tag-france","14":"tag-marseille","15":"tag-news","16":"tag-provence-alpes-cote-dazur","17":"tag-republique-francaise"},"share_on_mastodon":{"url":"https:\/\/pubeurope.com\/@fr\/115209693062664163","error":""},"_links":{"self":[{"href":"https:\/\/www.europesays.com\/fr\/wp-json\/wp\/v2\/posts\/393199","targetHints":{"allow":["GET"]}}],"collection":[{"href":"https:\/\/www.europesays.com\/fr\/wp-json\/wp\/v2\/posts"}],"about":[{"href":"https:\/\/www.europesays.com\/fr\/wp-json\/wp\/v2\/types\/post"}],"author":[{"embeddable":true,"href":"https:\/\/www.europesays.com\/fr\/wp-json\/wp\/v2\/users\/2"}],"replies":[{"embeddable":true,"href":"https:\/\/www.europesays.com\/fr\/wp-json\/wp\/v2\/comments?post=393199"}],"version-history":[{"count":0,"href":"https:\/\/www.europesays.com\/fr\/wp-json\/wp\/v2\/posts\/393199\/revisions"}],"wp:featuredmedia":[{"embeddable":true,"href":"https:\/\/www.europesays.com\/fr\/wp-json\/wp\/v2\/media\/393200"}],"wp:attachment":[{"href":"https:\/\/www.europesays.com\/fr\/wp-json\/wp\/v2\/media?parent=393199"}],"wp:term":[{"taxonomy":"category","embeddable":true,"href":"https:\/\/www.europesays.com\/fr\/wp-json\/wp\/v2\/categories?post=393199"},{"taxonomy":"post_tag","embeddable":true,"href":"https:\/\/www.europesays.com\/fr\/wp-json\/wp\/v2\/tags?post=393199"}],"curies":[{"name":"wp","href":"https:\/\/api.w.org\/{rel}","templated":true}]}}