{"id":39321,"date":"2025-04-20T16:44:10","date_gmt":"2025-04-20T16:44:10","guid":{"rendered":"https:\/\/www.europesays.com\/fr\/39321\/"},"modified":"2025-04-20T16:44:10","modified_gmt":"2025-04-20T16:44:10","slug":"guerre-en-ukraine-une-bourde-de-la-chaine-americaine-fox-news-cree-lemoi-en-ukraine","status":"publish","type":"post","link":"https:\/\/www.europesays.com\/fr\/39321\/","title":{"rendered":"Guerre en Ukraine: une bourde de la cha\u00eene am\u00e9ricaine Fox News cr\u00e9e l&rsquo;\u00e9moi en Ukraine"},"content":{"rendered":"<p class=\"ap-StoryElement ap-StoryElement--mb ap-StoryText\">\u00ab\u00a0S&rsquo;il s&rsquo;agit d&rsquo;une erreur plut\u00f4t que d&rsquo;une d\u00e9claration politique d\u00e9lib\u00e9r\u00e9e, des excuses devraient \u00eatre pr\u00e9sent\u00e9es et une enqu\u00eate devrait \u00eatre men\u00e9e pour d\u00e9terminer qui a commis cette erreur\u00a0\u00bb, a affirm\u00e9 le porte-parole du ministre, Heorhii Tykhyi, dimanche.<\/p>\n<p class=\"ap-StoryElement ap-StoryElement--mb ap-StoryText\">L&rsquo;incident s&rsquo;est produit lors de la couverture des services religieux de P\u00e2ques. <a href=\"https:\/\/www.lalibre.be\/international\/amerique\/2025\/02\/06\/la-belle-fille-de-donald-trump-debarque-sur-fox-news-voici-lemission-quelle-animera-HHE6N4KTHZAPFF2CC3LFUMGGWA\/\" target=\"_blank\" rel=\"nofollow noopener\">Fox News<\/a> a montr\u00e9 simultan\u00e9ment des images de Kiev, de Moscou et du Vatican. Kiev a \u00e9t\u00e9 faussement \u00e9tiquet\u00e9 comme faisant partie de la Russie dans la l\u00e9gende.<\/p>\n","protected":false},"excerpt":{"rendered":"\u00ab\u00a0S&rsquo;il s&rsquo;agit d&rsquo;une erreur plut\u00f4t que d&rsquo;une d\u00e9claration politique d\u00e9lib\u00e9r\u00e9e, des excuses devraient \u00eatre pr\u00e9sent\u00e9es et une enqu\u00eate&hellip;\n","protected":false},"author":2,"featured_media":39322,"comment_status":"","ping_status":"","sticky":false,"template":"","format":"standard","meta":{"footnotes":""},"categories":[1590],"tags":[11,312,1777,674,1146,3754,12,132,220],"class_list":{"0":"post-39321","1":"post","2":"type-post","3":"status-publish","4":"format-standard","5":"has-post-thumbnail","7":"category-ukraine","8":"tag-actualites","9":"tag-diplomatie","10":"tag-eu","11":"tag-europe","12":"tag-guerre","13":"tag-media","14":"tag-news","15":"tag-russie","16":"tag-ukraine"},"share_on_mastodon":{"url":"https:\/\/pubeurope.com\/@fr\/114371301499896964","error":""},"_links":{"self":[{"href":"https:\/\/www.europesays.com\/fr\/wp-json\/wp\/v2\/posts\/39321","targetHints":{"allow":["GET"]}}],"collection":[{"href":"https:\/\/www.europesays.com\/fr\/wp-json\/wp\/v2\/posts"}],"about":[{"href":"https:\/\/www.europesays.com\/fr\/wp-json\/wp\/v2\/types\/post"}],"author":[{"embeddable":true,"href":"https:\/\/www.europesays.com\/fr\/wp-json\/wp\/v2\/users\/2"}],"replies":[{"embeddable":true,"href":"https:\/\/www.europesays.com\/fr\/wp-json\/wp\/v2\/comments?post=39321"}],"version-history":[{"count":0,"href":"https:\/\/www.europesays.com\/fr\/wp-json\/wp\/v2\/posts\/39321\/revisions"}],"wp:featuredmedia":[{"embeddable":true,"href":"https:\/\/www.europesays.com\/fr\/wp-json\/wp\/v2\/media\/39322"}],"wp:attachment":[{"href":"https:\/\/www.europesays.com\/fr\/wp-json\/wp\/v2\/media?parent=39321"}],"wp:term":[{"taxonomy":"category","embeddable":true,"href":"https:\/\/www.europesays.com\/fr\/wp-json\/wp\/v2\/categories?post=39321"},{"taxonomy":"post_tag","embeddable":true,"href":"https:\/\/www.europesays.com\/fr\/wp-json\/wp\/v2\/tags?post=39321"}],"curies":[{"name":"wp","href":"https:\/\/api.w.org\/{rel}","templated":true}]}}