{"id":393220,"date":"2025-09-15T18:30:16","date_gmt":"2025-09-15T18:30:16","guid":{"rendered":"https:\/\/www.europesays.com\/fr\/393220\/"},"modified":"2025-09-15T18:30:16","modified_gmt":"2025-09-15T18:30:16","slug":"starmer-somme-dexclure-tesla-des-marches-publics-apres-les-propos-polemiques-de-musk","status":"publish","type":"post","link":"https:\/\/www.europesays.com\/fr\/393220\/","title":{"rendered":"Starmer somm\u00e9 d&rsquo;exclure Tesla des march\u00e9s publics apr\u00e8s les propos pol\u00e9miques de Musk"},"content":{"rendered":"<p>La situation s\u2019intensifie autour des propos d\u2019<strong>Elon Musk<\/strong>, qui a r\u00e9cemment d\u00e9clar\u00e9 lors d\u2019un rassemblement d\u2019<strong>extr\u00eame droite<\/strong> \u00e0 Londres que \u00ab<strong>la violence est \u00e0 venir<\/strong>\u00bb au Royaume-Uni. Cette phrase, prononc\u00e9e devant un public engag\u00e9 lors de l\u2019\u00e9v\u00e9nement Unite The Kingdom, a provoqu\u00e9 une onde de choc \u00e0 travers le paysage politique britannique. <strong>Keir Starmer<\/strong>, le chef du Parti travailliste, est d\u00e9sormais appel\u00e9 \u00e0 agir, les voix s\u2019\u00e9levant pour interdire \u00e0 <strong>Tesla<\/strong> d\u2019acc\u00e9der \u00e0 des <strong>contrats gouvernementaux<\/strong>.<\/p>\n<p>Le discours d\u2019Elon Musk et ses r\u00e9percussions<\/p>\n<p>Lors de ce rassemblement, Musk a non seulement \u00e9voqu\u00e9 la n\u00e9cessit\u00e9 d\u2019une dissolution du parlement et de nouvelles \u00e9lections, mais a aussi d\u00e9clar\u00e9 que \u00ab<strong>vous devrez lutter ou mourir<\/strong>\u00bb pour d\u00e9fendre ce qu\u2019il consid\u00e8re comme la nation. Ses propos, jug\u00e9s irresponsables, ont soulev\u00e9 des inqui\u00e9tudes quant \u00e0 <strong>l\u2019\u00e9thique des affaires<\/strong> et la <strong>responsabilit\u00e9 sociale<\/strong> des entreprises face \u00e0 de telles d\u00e9clarations.<\/p>\n<p>R\u00e9actions des partis politiques<\/p>\n<p>Les partis, en particulier les <strong>Liberal Democrats<\/strong>, ont imm\u00e9diatement r\u00e9agi, demandant \u00e0 Starmer de condamner les propos de Musk comme une attaque \u00ab<strong>dangereuse et imprudente<\/strong>\u00bb contre les valeurs britanniques. Ed Davey, le leader du parti, a insist\u00e9 sur le fait qu\u2019aucune personne, peu importe sa richesse ou son pouvoir, ne devrait influer ainsi sur la politique britannique.<\/p>\n<p>Les pr\u00e9occupations autour de Tesla et de ses liens avec le gouvernement<\/p>\n<p>Les appels \u00e0 interdire Tesla d\u2019obtenir des <strong>contrats gouvernementaux<\/strong> se basent sur l\u2019id\u00e9e que l\u2019entreprise ne devrait pas profiter d\u2019un partenariat avec l\u2019\u00c9tat alors que son leader incite \u00e0 la violence. Les discussions autour de l\u2019\u00e9thique et de la responsabilit\u00e9 des entreprises en mati\u00e8re de discours public sont plus pertinentes que jamais. Comme l\u2019a soulign\u00e9 la ministre des Femmes et de l\u2019\u00c9galit\u00e9, Baroness Smith, de tels discours ne repr\u00e9sentent pas le comportement acceptable au sein d\u2019une d\u00e9mocratie.<\/p>\n<p>La n\u00e9cessaire \u00e9valuation des partenariats publics<\/p>\n<p>Le gouvernement britannique doit maintenant \u00e9valuer l\u2019impact de ce discours sur les relations entre <strong>Tesla<\/strong> et l\u2019\u00c9tat. Les critiques notent que permettre \u00e0 une soci\u00e9t\u00e9 dirig\u00e9e par une figure aussi controvers\u00e9e d\u2019intervenir dans des projets publics pourrait renforcer des tensions d\u00e9j\u00e0 existantes. L\u2019opinion publique se polarise, et la confiance dans les marques pourrait souffrir, notamment en lien avec les projets li\u00e9s \u00e0 l\u2019automobile \u00e9lectrique et l\u2019innovation technologique.<\/p>\n<blockquote class=\"wp-embedded-content\" data-secret=\"bjzWLCVkYe\"><p><a href=\"https:\/\/www.usine-tesla.com\/tesla-abandonner-autonomie\/\" rel=\"nofollow noopener\" target=\"_blank\">Tesla a-t-elle abandonn\u00e9 l\u2019id\u00e9e de conduire de mani\u00e8re autonome ?<\/a><\/p><\/blockquote>\n<p>Enjeux futurs pour Tesla et Musk<\/p>\n<p>Alors que l\u2019avenir de Tesla en tant qu\u2019acteur majeur dans le secteur automobile demeure, les \u00e9v\u00e9nements r\u00e9cents soulignent l\u2019importance de la conduite des dirigeants d\u2019entreprise. Les discours de personnalit\u00e9s influentes comme Musk peuvent avoir des cons\u00e9quences lourdes sur la r\u00e9putation des entreprises, et cela pourrait influencer les d\u00e9cisions d\u2019achat des consommateurs.<\/p>\n<p>Les entreprises doivent naviguer dans un climat o\u00f9 les mots peuvent provoquer des r\u00e9actions importantes, tant en termes de relations publiques que de politiques gouvernementales. Les liens entre les discours d\u2019un leader d\u2019entreprise et l\u2019image de marque devront \u00eatre red\u00e9finis \u00e0 l\u2019avenir pour garantir un respect des valeurs soci\u00e9tales fondamentales.<\/p>\n","protected":false},"excerpt":{"rendered":"La situation s\u2019intensifie autour des propos d\u2019Elon Musk, qui a r\u00e9cemment d\u00e9clar\u00e9 lors d\u2019un rassemblement d\u2019extr\u00eame droite \u00e0&hellip;\n","protected":false},"author":2,"featured_media":393221,"comment_status":"","ping_status":"","sticky":false,"template":"","format":"standard","meta":{"footnotes":""},"categories":[1588],"tags":[11,52520,46,1777,674,12,52521,473,1853,24582,320,1851,1850,1852],"class_list":{"0":"post-393220","1":"post","2":"type-post","3":"status-publish","4":"format-standard","5":"has-post-thumbnail","7":"category-royaume-uni","8":"tag-actualites","9":"tag-contrats-gouvernementaux","10":"tag-elon-musk","11":"tag-eu","12":"tag-europe","13":"tag-news","14":"tag-propos-polemiques","15":"tag-royaume-uni","16":"tag-royaume-uni-de-grande-bretagne-et-dirlande-du-nord","17":"tag-starmer","18":"tag-tesla","19":"tag-uk","20":"tag-united-kingdom","21":"tag-united-kingdom-of-great-britain-and-northern-ireland"},"share_on_mastodon":{"url":"https:\/\/pubeurope.com\/@fr\/115209740201814561","error":""},"_links":{"self":[{"href":"https:\/\/www.europesays.com\/fr\/wp-json\/wp\/v2\/posts\/393220","targetHints":{"allow":["GET"]}}],"collection":[{"href":"https:\/\/www.europesays.com\/fr\/wp-json\/wp\/v2\/posts"}],"about":[{"href":"https:\/\/www.europesays.com\/fr\/wp-json\/wp\/v2\/types\/post"}],"author":[{"embeddable":true,"href":"https:\/\/www.europesays.com\/fr\/wp-json\/wp\/v2\/users\/2"}],"replies":[{"embeddable":true,"href":"https:\/\/www.europesays.com\/fr\/wp-json\/wp\/v2\/comments?post=393220"}],"version-history":[{"count":0,"href":"https:\/\/www.europesays.com\/fr\/wp-json\/wp\/v2\/posts\/393220\/revisions"}],"wp:featuredmedia":[{"embeddable":true,"href":"https:\/\/www.europesays.com\/fr\/wp-json\/wp\/v2\/media\/393221"}],"wp:attachment":[{"href":"https:\/\/www.europesays.com\/fr\/wp-json\/wp\/v2\/media?parent=393220"}],"wp:term":[{"taxonomy":"category","embeddable":true,"href":"https:\/\/www.europesays.com\/fr\/wp-json\/wp\/v2\/categories?post=393220"},{"taxonomy":"post_tag","embeddable":true,"href":"https:\/\/www.europesays.com\/fr\/wp-json\/wp\/v2\/tags?post=393220"}],"curies":[{"name":"wp","href":"https:\/\/api.w.org\/{rel}","templated":true}]}}