{"id":393222,"date":"2025-09-15T18:31:11","date_gmt":"2025-09-15T18:31:11","guid":{"rendered":"https:\/\/www.europesays.com\/fr\/393222\/"},"modified":"2025-09-15T18:31:11","modified_gmt":"2025-09-15T18:31:11","slug":"lextreme-droite-triple-son-score-dans-louest-de-lallemagne-regarder-le-documentaire-complet","status":"publish","type":"post","link":"https:\/\/www.europesays.com\/fr\/393222\/","title":{"rendered":"L&rsquo;extr\u00eame droite triple son score dans l&rsquo;ouest de l&rsquo;Allemagne &#8211; Regarder le documentaire complet"},"content":{"rendered":"<p>En Rh\u00e9nanie-du-Nord-Westphalie, le land le plus peupl\u00e9 d&rsquo;Allemagne, les \u00e9lecteurs ont plac\u00e9 les conservateurs de la CDU en t\u00eate lors des \u00e9lections municipales qui se tenaient dimanche 14 septembre. Mais tous les partis traditionnels enregistrent un recul, qui profite au parti d&rsquo;extr\u00eame droite AfD. Celui-ci triple son score se hisse \u00e0 la troisi\u00e8me place, derri\u00e8re les sociaux d\u00e9mocrates du SPD. Explications.<\/p>\n","protected":false},"excerpt":{"rendered":"En Rh\u00e9nanie-du-Nord-Westphalie, le land le plus peupl\u00e9 d&rsquo;Allemagne, les \u00e9lecteurs ont plac\u00e9 les conservateurs de la CDU en&hellip;\n","protected":false},"author":2,"featured_media":393223,"comment_status":"","ping_status":"","sticky":false,"template":"","format":"standard","meta":{"footnotes":""},"categories":[1587],"tags":[11,672,1804,1805,1803,1777,674,1801,12,1802],"class_list":{"0":"post-393222","1":"post","2":"type-post","3":"status-publish","4":"format-standard","5":"has-post-thumbnail","7":"category-allemagne","8":"tag-actualites","9":"tag-allemagne","10":"tag-bundesrepublik-deutschland","11":"tag-de","12":"tag-deutschland","13":"tag-eu","14":"tag-europe","15":"tag-germany","16":"tag-news","17":"tag-republique-federale-dallemagne"},"share_on_mastodon":{"url":"https:\/\/pubeurope.com\/@fr\/115209744272354391","error":""},"_links":{"self":[{"href":"https:\/\/www.europesays.com\/fr\/wp-json\/wp\/v2\/posts\/393222","targetHints":{"allow":["GET"]}}],"collection":[{"href":"https:\/\/www.europesays.com\/fr\/wp-json\/wp\/v2\/posts"}],"about":[{"href":"https:\/\/www.europesays.com\/fr\/wp-json\/wp\/v2\/types\/post"}],"author":[{"embeddable":true,"href":"https:\/\/www.europesays.com\/fr\/wp-json\/wp\/v2\/users\/2"}],"replies":[{"embeddable":true,"href":"https:\/\/www.europesays.com\/fr\/wp-json\/wp\/v2\/comments?post=393222"}],"version-history":[{"count":0,"href":"https:\/\/www.europesays.com\/fr\/wp-json\/wp\/v2\/posts\/393222\/revisions"}],"wp:featuredmedia":[{"embeddable":true,"href":"https:\/\/www.europesays.com\/fr\/wp-json\/wp\/v2\/media\/393223"}],"wp:attachment":[{"href":"https:\/\/www.europesays.com\/fr\/wp-json\/wp\/v2\/media?parent=393222"}],"wp:term":[{"taxonomy":"category","embeddable":true,"href":"https:\/\/www.europesays.com\/fr\/wp-json\/wp\/v2\/categories?post=393222"},{"taxonomy":"post_tag","embeddable":true,"href":"https:\/\/www.europesays.com\/fr\/wp-json\/wp\/v2\/tags?post=393222"}],"curies":[{"name":"wp","href":"https:\/\/api.w.org\/{rel}","templated":true}]}}