{"id":393237,"date":"2025-09-15T18:41:09","date_gmt":"2025-09-15T18:41:09","guid":{"rendered":"https:\/\/www.europesays.com\/fr\/393237\/"},"modified":"2025-09-15T18:41:09","modified_gmt":"2025-09-15T18:41:09","slug":"atp-lorenzo-musetti-devoile-son-grand-objectif-pour-la-fin-de-saison-cest-la-priorite","status":"publish","type":"post","link":"https:\/\/www.europesays.com\/fr\/393237\/","title":{"rendered":"ATP > Lorenzo Musetti d\u00e9voile son grand objectif pour la fin de saison : \u00ab\u00a0C&rsquo;est la priorit\u00e9\u00a0\u00bb"},"content":{"rendered":"<p>T\u00eate de s\u00e9rie num\u00e9ro 1 de l\u2019ATP 250 de Chengdu qui d\u00e9bute ce mercredi, Lorenzo Musetti, actuel 9e mondial (8e \u00e0 la Race) et auteur de la plus belle saison de sa carri\u00e8re, a d\u00e9voil\u00e9 son grand objectif pour cette fin de saison 2025.\u00a0<\/p>\n<p><strong>\u00ab\u202fJe n\u2019avais pas tr\u00e8s bien jou\u00e9 sur dur. Surtout apr\u00e8s ma bles\u00adsure \u00e0 Paris, j\u2019avais beau\u00adcoup souf\u00adfert. La semaine \u00e0 New York a \u00e9t\u00e9 tr\u00e8s posi\u00adtive pour moi, et jouer contre Jannik (Sinner), qui est le leader de notre sport, m\u2019a \u00e9t\u00e9 utile et m\u2019a beau\u00adcoup appris.\u00a0L\u2019objectif de cette derni\u00e8re partie de la saison est sans aucun doute le Masters de Turin. C\u2019est la priorit\u00e9.\u202f\u00bb<\/strong><\/p>\n<p class=\"post-published-date\" style=\"color: silver; font-size: 75%; text-align: left;\">Publi\u00e9 le lundi 15 septembre 2025 \u00e0 16:26<\/p>\n","protected":false},"excerpt":{"rendered":"T\u00eate de s\u00e9rie num\u00e9ro 1 de l\u2019ATP 250 de Chengdu qui d\u00e9bute ce mercredi, Lorenzo Musetti, actuel 9e&hellip;\n","protected":false},"author":2,"featured_media":393238,"comment_status":"","ping_status":"","sticky":false,"template":"","format":"standard","meta":{"footnotes":""},"categories":[1415],"tags":[1011,27,2127,60,1467],"class_list":{"0":"post-393237","1":"post","2":"type-post","3":"status-publish","4":"format-standard","5":"has-post-thumbnail","7":"category-tennis","8":"tag-fr","9":"tag-france","10":"tag-sinner","11":"tag-sports","12":"tag-tennis"},"share_on_mastodon":{"url":"https:\/\/pubeurope.com\/@fr\/115209783397093939","error":""},"_links":{"self":[{"href":"https:\/\/www.europesays.com\/fr\/wp-json\/wp\/v2\/posts\/393237","targetHints":{"allow":["GET"]}}],"collection":[{"href":"https:\/\/www.europesays.com\/fr\/wp-json\/wp\/v2\/posts"}],"about":[{"href":"https:\/\/www.europesays.com\/fr\/wp-json\/wp\/v2\/types\/post"}],"author":[{"embeddable":true,"href":"https:\/\/www.europesays.com\/fr\/wp-json\/wp\/v2\/users\/2"}],"replies":[{"embeddable":true,"href":"https:\/\/www.europesays.com\/fr\/wp-json\/wp\/v2\/comments?post=393237"}],"version-history":[{"count":0,"href":"https:\/\/www.europesays.com\/fr\/wp-json\/wp\/v2\/posts\/393237\/revisions"}],"wp:featuredmedia":[{"embeddable":true,"href":"https:\/\/www.europesays.com\/fr\/wp-json\/wp\/v2\/media\/393238"}],"wp:attachment":[{"href":"https:\/\/www.europesays.com\/fr\/wp-json\/wp\/v2\/media?parent=393237"}],"wp:term":[{"taxonomy":"category","embeddable":true,"href":"https:\/\/www.europesays.com\/fr\/wp-json\/wp\/v2\/categories?post=393237"},{"taxonomy":"post_tag","embeddable":true,"href":"https:\/\/www.europesays.com\/fr\/wp-json\/wp\/v2\/tags?post=393237"}],"curies":[{"name":"wp","href":"https:\/\/api.w.org\/{rel}","templated":true}]}}